{"id":231585,"date":"2025-11-12T04:53:09","date_gmt":"2025-11-12T04:53:09","guid":{"rendered":"https:\/\/www.europesays.com\/es\/231585\/"},"modified":"2025-11-12T04:53:09","modified_gmt":"2025-11-12T04:53:09","slug":"la-aerolinea-cambia-hoy-su-politica-de-check-in-y-cobrara-30-euros-a-quienes-no-cumplan-las-condiciones","status":"publish","type":"post","link":"https:\/\/www.europesays.com\/es\/231585\/","title":{"rendered":"la aerol\u00ednea cambia hoy su pol\u00edtica de check-in y cobrar\u00e1 30 euros a quienes no cumplan las condiciones"},"content":{"rendered":"<p style=\"\"><strong>Ryanair<\/strong> es una de las <a href=\"https:\/\/www.abc.es\/economia\/dinero-cobra-piloto-ryanair-2025-sueldo-base-20250914133148-nt.html\" title=\"www.abc.es\" data-voc-vtm-id=\"in-text-traffic\" data-mrf-link=\"www.abc.es\" rel=\"nofollow noopener\" target=\"_blank\">compa\u00f1\u00edas<\/a> m\u00e1s elegidas por los viajeros para volar entre pa\u00edses europeos por sus precios ajustados. Pero quienes viajen con esta aerol\u00ednea a partir de este mi\u00e9rcoles 12 de octubre deben estar atentos al <strong>nuevo cambio que les afecta<\/strong> &#8230; .<\/p>\n<p class=\"voc-p\" style=\"\">La compa\u00f1\u00eda irlandesa suele cobrar a sus clientes un importe extra por determinados servicios como elegir asiento o llevar a bordo una maleta de cabina. Ahora, adem\u00e1s, Ryanair impondr\u00e1 un <strong>nuevo cobro<\/strong> a aquellos que <strong>no hagan la facturaci\u00f3n de manera totalmente digital<\/strong>.<\/p>\n<p>\nEl cambio en la pol\u00edtica de Ryanair a partir de hoy\n<\/p>\n<p class=\"voc-p\" style=\"\">Como ha informado la aerol\u00ednea, a partir de este mi\u00e9rcoles ya <strong>no ser\u00e1n v\u00e1lidas las tarjetas de embarque en papel<\/strong>. Por ello, insta sus clientes a descargarse la aplicaci\u00f3n de Ryanair para poder descargar la tarjeta de embarque digital, que ser\u00e1 la que deban ense\u00f1ar en el momento de acceso al avi\u00f3n.<\/p>\n<p class=\"voc-p\" style=\"\">Asimismo, en el mensaje que ha enviado a los pasajeros que los han elegido para volar durante estas fechas, se\u00f1alan la necesidad de facturar en l\u00ednea <strong>\u00abal menos dos horas antes de volar para evitar una tarifa del 30 euros por hacer el check-in en el aeropuerto\u00bb<\/strong>.<\/p>\n<p class=\"voc-p\" style=\"\">Desde la aerol\u00ednea insisten en que el objetivo es ofrecer una experiencia de viaje m\u00e1s \u00abr\u00e1pida, inteligente y sostenible\u00bb. Asimismo, subrayan que ya <strong>el 80% de sus pasajeros utilizan la tarjeta de embarque digital<\/strong>. Ryanair ha recordado durante estas semanas a sus clientes el cambio de pol\u00edtica, un aviso que est\u00e1 especialmente dirigido al peque\u00f1o porcentaje que todav\u00eda imprime este documento.<\/p>\n<p class=\"voc-p\" style=\"\">No es el \u00fanico cambio que ha introducido la compa\u00f1\u00eda en los \u00faltimo meses. En verano, la aerol\u00ednea low cost eleva en cinco cent\u00edmetros el ancho de la<a href=\"https:\/\/www.abc.es\/economia\/vas-volar-ryanair-atento-agosto-cambia-tamano-20250805104801-nt.html\" title=\"www.abc.es\" data-voc-vtm-id=\"in-text-traffic\" data-mrf-link=\"www.abc.es\" rel=\"nofollow noopener\" target=\"_blank\"> maleta gratuita permitida<\/a>. Este cambios supone unas <strong>medidas de 40x20x30 y una capacidad de 24 litros<\/strong>.<\/p>\n<p class=\"voc-p\" style=\"\">As\u00ed, los pasajeros a partir de ahora deber\u00e1n estar atentos tanto al tama\u00f1o de su equipaje para cumplir con las condiciones del billete y evitar una sanci\u00f3n, como, en los d\u00edas previos, a realizar el check-in de manera online.<\/p>\n<p>\nLa disputa que mantienen Ryanair y Consumo\n<\/p>\n<p class=\"voc-p\" style=\"\">La aerol\u00ednea mantiene una disputa con el Ministerio de Consumo por lo que desde el departamento de Pablo Bustinduy consideran <a href=\"https:\/\/www.abc.es\/economia\/consumo-abre-sexto-expediente-sancionador-aerolinea-bajo-20250703195716-nt.html\" title=\"www.abc.es\" data-voc-vtm-id=\"in-text-traffic\" data-mrf-link=\"www.abc.es\" rel=\"nofollow noopener\" target=\"_blank\">\u00abpr\u00e1cticas abusivas\u00bb<\/a> por, por ejemplo, el <strong>cobro del equipaje de mano<\/strong>. De hecho, el Gobierno expedient\u00f3 a seis compa\u00f1\u00edas por considerar ilegales sus pr\u00e1cticas. Este litigio se encuentra en los tribunales a la espera de que se resuelvan los recursos.<\/p>\n<p class=\"voc-p\" style=\"\">A Ryanair le impusieron la mayor sanci\u00f3n (107,7 millones de euros), pero el TSJM suspendi\u00f3 cautelarmente la multa con avales bancarios. Adem\u00e1s, la aerol\u00ednea <a href=\"https:\/\/www.abc.es\/economia\/ryanair-amenaza-recortar-millon-plazas-espana-proximo-20250912105546-nt.html\" title=\"www.abc.es\" data-voc-vtm-id=\"in-text-traffic\" data-mrf-link=\"www.abc.es\" rel=\"nofollow noopener\" target=\"_blank\">recort\u00f3 sus vuelos<\/a> en Espa\u00f1a debido a las nuevas tasas de Aena, que consideran \u00abexcesivas y poco competitivas\u00bb.<\/p>\n","protected":false},"excerpt":{"rendered":"Ryanair es una de las compa\u00f1\u00edas m\u00e1s elegidas por los viajeros para volar entre pa\u00edses europeos por sus&hellip;\n","protected":false},"author":2,"featured_media":231586,"comment_status":"","ping_status":"","sticky":false,"template":"","format":"standard","meta":{"footnotes":""},"categories":[80],"tags":[26560,10749,82,1838,1639,95,94,25,24,11400,315,952,4478,23,25591,16365,12587],"class_list":{"0":"post-231585","1":"post","2":"type-post","3":"status-publish","4":"format-standard","5":"has-post-thumbnail","7":"category-economia","8":"tag-aerolinea","9":"tag-atento","10":"tag-business","11":"tag-cambia","12":"tag-digital","13":"tag-economia","14":"tag-economy","15":"tag-es","16":"tag-espana","17":"tag-facturacion","18":"tag-hoy","19":"tag-politica","20":"tag-ryanair","21":"tag-spain","22":"tag-totalmente","23":"tag-vas","24":"tag-volar"},"share_on_mastodon":{"url":"https:\/\/pubeurope.com\/@es\/115534941565032058","error":""},"_links":{"self":[{"href":"https:\/\/www.europesays.com\/es\/wp-json\/wp\/v2\/posts\/231585","targetHints":{"allow":["GET"]}}],"collection":[{"href":"https:\/\/www.europesays.com\/es\/wp-json\/wp\/v2\/posts"}],"about":[{"href":"https:\/\/www.europesays.com\/es\/wp-json\/wp\/v2\/types\/post"}],"author":[{"embeddable":true,"href":"https:\/\/www.europesays.com\/es\/wp-json\/wp\/v2\/users\/2"}],"replies":[{"embeddable":true,"href":"https:\/\/www.europesays.com\/es\/wp-json\/wp\/v2\/comments?post=231585"}],"version-history":[{"count":0,"href":"https:\/\/www.europesays.com\/es\/wp-json\/wp\/v2\/posts\/231585\/revisions"}],"wp:featuredmedia":[{"embeddable":true,"href":"https:\/\/www.europesays.com\/es\/wp-json\/wp\/v2\/media\/231586"}],"wp:attachment":[{"href":"https:\/\/www.europesays.com\/es\/wp-json\/wp\/v2\/media?parent=231585"}],"wp:term":[{"taxonomy":"category","embeddable":true,"href":"https:\/\/www.europesays.com\/es\/wp-json\/wp\/v2\/categories?post=231585"},{"taxonomy":"post_tag","embeddable":true,"href":"https:\/\/www.europesays.com\/es\/wp-json\/wp\/v2\/tags?post=231585"}],"curies":[{"name":"wp","href":"https:\/\/api.w.org\/{rel}","templated":true}]}}