{"id":231595,"date":"2025-11-12T05:05:17","date_gmt":"2025-11-12T05:05:17","guid":{"rendered":"https:\/\/www.europesays.com\/es\/231595\/"},"modified":"2025-11-12T05:05:17","modified_gmt":"2025-11-12T05:05:17","slug":"real-zaragoza-el-regalo-del-real-zaragoza-a-savio-bortolini-fue-un-honor-vestir-esta-camiseta-aupa-zaragoza-siempre","status":"publish","type":"post","link":"https:\/\/www.europesays.com\/es\/231595\/","title":{"rendered":"Real Zaragoza | El regalo del Real Zaragoza a Savio Bortolini: \u00abFue un honor vestir esta camiseta, a\u00fapa Zaragoza siempre\u00bb"},"content":{"rendered":"<p class=\"ft-text\"><strong>Savio Bortolini <\/strong>no olvida su paso por el<strong> Real Zaragoza<\/strong>, donde jug\u00f3 de 2003 a 2006 tras un exitoso paso por el Flamengo y el Real Madrid. El talentoso exjugador brasile\u00f1o sigue la actualidad del conjunto aragon\u00e9s y esta temporada se hab\u00eda quedado prendao de la segunda equipaci\u00f3n, la renovada avispa que es b\u00e1sicamente negra con unas finas y elegantes rayas amarillas verticales.<\/p>\n<p class=\"ft-text\">Tanto le gust\u00f3 la camiseta que Savio se puso en contacto con <strong>EL PERI\u00d3DICO DE ARAG\u00d3N<\/strong> para poder acceder al club y pedir un regalo para su hijo,<strong> Breno Bortolini.<\/strong> Este diario intermedi\u00f3 para que la entidad aragonesa pudiera comunicarse con \u00e9l y hacerle llegar la camiseta hasta Brasil, donde reside con su familia.<\/p>\n<p class=\"ft-text\">Savio ha estado unos d\u00edas de viaje, fuera de casa, y al llegar este martes a su domicilio se ha encontrado con la grata sorpresa. \u00abMuch\u00edsimas gracias por hacer el tr\u00e1mite, ya est\u00e1 aqu\u00ed, ya me he hecho una foto\u00bb, se\u00f1ala el exjugador a este diario. \u00abEstoy muy contento. La camiseta es preciosa, linda, y es una satisfacci\u00f3n. <strong>Mi hijo tambi\u00e9n est\u00e1 contento porque es aficionado del Zaragoza y lo sigue siempre\u00bb.<\/strong><\/p>\n<p><img decoding=\"async\" src=\"https:\/\/www.europesays.com\/es\/wp-content\/uploads\/2025\/11\/bdd2d3ed-c552-41a0-8020-2160b1594c33_alta-libre-aspect-ratio_default_0.jpg\" width=\"1200\" height=\"1586\" alt=\"Savio, con la camiseta de regalo y las dos r\u00e9plicas de los trofeos que gan\u00f3.\" class=\"ft-helper-img-rd\" loading=\"lazy\"\/><\/p>\n<p class=\"ft-helper-fontColor-quaternary ft-helper-fontSize-body-S ft-helper-spacer-t-xxs\">Savio, con la camiseta de regalo y las dos r\u00e9plicas de los trofeos que gan\u00f3.  \/ INSTAGRAM SAVIO BORTOLINI<\/p>\n<p class=\"ft-text\">El brasile\u00f1o est\u00e1 preocupado por la situaci\u00f3n del equipo y por eso manda \u00e1nimos desde la distancia. \u00abSiento el momento duro en el que est\u00e1. Desde Brasil espero que salga de esta situaci\u00f3n lo m\u00e1s pronto posible. Desde Brasil todo mi cari\u00f1o al Zaragoza, a la afici\u00f3n. La verdad es que <strong>pas\u00e9 tres a\u00f1os maravillosos, especiales, en los que pudimos disfrutar no solo del f\u00fatbol sino de todo, de la afici\u00f3n y de todo. Un saludo y a\u00fapa Zaragoza, siempre\u00bb.<\/strong><\/p>\n<p class=\"ft-text\">Savio ya tiene la camiseta en su poder. El m\u00edtico futbolista brasile\u00f1o ha publicado un post en su cuenta de Instagram donde se le ve<strong> con la camiseta puesta, las r\u00e9plicas de los dos trofeos que conquist\u00f3 con el club aragon\u00e9s, l<\/strong>a Copa y la Supercopa de 2004, y, detr\u00e1s, colgadas en perchas, tres de las el\u00e1sticas que Savio visti\u00f3 en su etapa en la capital aragonesa: blanca, tomate y avispa.<\/p>\n<p class=\"ft-text\">\u00abMuchas gracias por el regalo, Real Zaragoza<strong>. Fue un honor vestir esta camiseta\u00bb<\/strong>, ha escrito el astro brasile\u00f1o, acompa\u00f1ado de dos corazones, azul y blanco.<\/p>\n","protected":false},"excerpt":{"rendered":"Savio Bortolini no olvida su paso por el Real Zaragoza, donde jug\u00f3 de 2003 a 2006 tras un&hellip;\n","protected":false},"author":2,"featured_media":231596,"comment_status":"","ping_status":"","sticky":false,"template":"","format":"standard","meta":{"footnotes":""},"categories":[268],"tags":[60536,168,25,24,280,282,798,799,7382,60535,281,23,167,491],"class_list":{"0":"post-231595","1":"post","2":"type-post","3":"status-publish","4":"format-standard","5":"has-post-thumbnail","7":"category-futbol","8":"tag-bortolini","9":"tag-deportes","10":"tag-es","11":"tag-espana","12":"tag-football","13":"tag-futbol","14":"tag-real","15":"tag-real-zaragoza","16":"tag-regalo","17":"tag-savio","18":"tag-soccer","19":"tag-spain","20":"tag-sports","21":"tag-zaragoza"},"share_on_mastodon":{"url":"https:\/\/pubeurope.com\/@es\/115534989119187873","error":""},"_links":{"self":[{"href":"https:\/\/www.europesays.com\/es\/wp-json\/wp\/v2\/posts\/231595","targetHints":{"allow":["GET"]}}],"collection":[{"href":"https:\/\/www.europesays.com\/es\/wp-json\/wp\/v2\/posts"}],"about":[{"href":"https:\/\/www.europesays.com\/es\/wp-json\/wp\/v2\/types\/post"}],"author":[{"embeddable":true,"href":"https:\/\/www.europesays.com\/es\/wp-json\/wp\/v2\/users\/2"}],"replies":[{"embeddable":true,"href":"https:\/\/www.europesays.com\/es\/wp-json\/wp\/v2\/comments?post=231595"}],"version-history":[{"count":0,"href":"https:\/\/www.europesays.com\/es\/wp-json\/wp\/v2\/posts\/231595\/revisions"}],"wp:featuredmedia":[{"embeddable":true,"href":"https:\/\/www.europesays.com\/es\/wp-json\/wp\/v2\/media\/231596"}],"wp:attachment":[{"href":"https:\/\/www.europesays.com\/es\/wp-json\/wp\/v2\/media?parent=231595"}],"wp:term":[{"taxonomy":"category","embeddable":true,"href":"https:\/\/www.europesays.com\/es\/wp-json\/wp\/v2\/categories?post=231595"},{"taxonomy":"post_tag","embeddable":true,"href":"https:\/\/www.europesays.com\/es\/wp-json\/wp\/v2\/tags?post=231595"}],"curies":[{"name":"wp","href":"https:\/\/api.w.org\/{rel}","templated":true}]}}