{"id":231599,"date":"2025-11-12T05:09:09","date_gmt":"2025-11-12T05:09:09","guid":{"rendered":"https:\/\/www.europesays.com\/es\/231599\/"},"modified":"2025-11-12T05:09:09","modified_gmt":"2025-11-12T05:09:09","slug":"te-puedo-decir-una-cosa","status":"publish","type":"post","link":"https:\/\/www.europesays.com\/es\/231599\/","title":{"rendered":"\u00bfTe puedo decir una cosa?"},"content":{"rendered":"<p class=\"article-text\">\n        La nueva entrega del <strong>Late Xou <\/strong>de <strong>TVE <\/strong>cont\u00f3 con<strong> Javier C\u00e1mara, Nacho Duato y Carlos Areces <\/strong>como invitado. A este \u00faltimo le dieron una segunda oportunidad para promocionar la pel\u00edcula que no pudo la \u00faltima vez por estar <a href=\"https:\/\/www.eldiario.es\/vertele\/noticias\/carlos-areces-llego-irritado-late-xou-olvido-promocionar-pelicula_1_12665372.html\" target=\"_blank\" data-mrf-recirculation=\"links-noticia\" class=\"link\" rel=\"nofollow noopener\">muy irritado<\/a>, y volvi\u00f3 a desaprovecharla.\n    <\/p>\n<p>    <a href=\"https:\/\/www.eldiario.es\/vertele\/noticias\/carlos-areces-llego-irritado-late-xou-olvido-promocionar-pelicula_1_12665372.html\" data-mrf-recirculation=\"saber-mas\" data-dl-event=\"saber-mas\" rel=\"nofollow noopener\" target=\"_blank\"><\/p>\n<p class=\"know-more__title\">Carlos Areces lleg\u00f3 tan \u00abirritado\u00bb al &#8216;Late Xou&#8217; que hasta se neg\u00f3 a promocionar su pel\u00edcula<\/p>\n<p>            <img decoding=\"async\" class=\"lazy\" loading=\"lazy\" data-src=\"https:\/\/static.eldiario.es\/clip\/d423186f-3344-4263-9942-4e5252085964_16-9-aspect-ratio_default_0.jpg\" src=\"data:image\/svg+xml,%3Csvg xmlns=\" http:=\"\" viewbox=\"0 0 880 495\" alt=\"Carlos Areces lleg\u00f3 tan &quot;irritado&quot; al 'Late Xou' que hasta se neg\u00f3 a promocionar su pel\u00edcula\"\/><\/p>\n<p>                        <\/a><\/p>\n<p class=\"article-text\">\n        En cambio, C\u00e1mara s\u00ed que destin\u00f3 su entrevista para presentar <strong>Yakarta<\/strong>, su nueva serie reci\u00e9n estrenada en<strong> Movistar Plus+<\/strong>, de la que ya publicamos <a href=\"https:\/\/www.eldiario.es\/vertele\/analisis\/yakarta-movistar-plus-serie-estreno-gran-acierto-viraje-dramatico-diego-san-jose-javier-camara-elena-trape-carla-quilez_1_12743417.html\" target=\"_blank\" data-mrf-recirculation=\"links-noticia\" class=\"link\" rel=\"nofollow noopener\">nuestra cr\u00edtica<\/a>.\n    <\/p>\n<p class=\"article-text\">\n        El actor adelant\u00f3 algo de la sinopsis: \u201cEl es profesor de b\u00e1dminton, con muchos problemas y <strong>un poco fracasado y derrotado\u201d<\/strong>. Momento en el que le interrumpi\u00f3 <strong>Marc Gir\u00f3<\/strong> para corregir esas palabras que, tras ver la serie completa, no le parecieron acertadas: \u201c<strong>S\u00ed, m\u00e1s que fracasado, yo dir\u00eda derrotado.<\/strong> Perdona por hacerte &#8216;Yakartaplainning&#8217;, brome\u00f3.\n    <\/p>\n<p class=\"article-text\">\n        Y el int\u00e9rprete continu\u00f3: \u201cEl personaje ha sido ojeador y quiere demostrar que va a ser el pr\u00f3ximo que descubra a la pr\u00f3xima campeona\u201d. Tras escucharle, el presentador quiso a\u00f1adir su opini\u00f3n: \u201c<strong>\u00bfTe puedo decir una cosa? Me ha parecido una serie tan buena, tan emocionante, tan imprescindible&#8230; <\/strong>que he o\u00eddo en entrevistas que dec\u00eds que va sobre el fracaso, pero a m\u00ed me parece que va sobre la verdad, el compromiso, la amistad, la redenci\u00f3n\u201d.\n    <\/p>\n<blockquote class=\"twitter-tweet\" data-lang=\"es\"><p><a href=\"https:\/\/twitter.com\/X\/status\/1988376500647702923?ref_src=twsrc%5Etfw\" rel=\"nofollow noopener\" target=\"_blank\"><\/p><\/blockquote>\n<p class=\"article-text\">\n        Algo con lo que estuvo de acuerdo C\u00e1mara: \u201cS\u00ed, sobre la redenci\u00f3n, siempre hay una oportunidad para redimirte.<strong> \u00a1Qu\u00e9 bonito lo que has dicho, qu\u00e9 bien!\u201d<\/strong>, agradec\u00eda el actor, tras escuchar hablar as\u00ed de la serie al presentador, tras visionar todos los cap\u00edtulos. Y Gir\u00f3 a\u00f1ad\u00eda: \u201cEs que me ha llegado completamente. V\u00e9anla, son 6 cap\u00edtulos de media hora y est\u00e1s estupendo\u201d, aseguraba.\n    <\/p>\n<p class=\"article-text\">\n        Adem\u00e1s, el presentador se\u00f1al\u00f3 otro acierto de la ficci\u00f3n: <strong>\u201cLo que es fascinante en esta serie, que es otro de los puntales, es Carla Quilez, tu compa\u00f1era<\/strong>\u201d. Y el invitado estuvo de acuerdo: \u201cEs una genia, yo le he dicho que se ha comida dos viejas, no mira como alguien normal. Parece que ha vivido m\u00e1s vidas\u201d.\n    <\/p>\n<p>    <a href=\"https:\/\/www.eldiario.es\/vertele\/noticias\/aitor-francesena-volvio-revuelta-conto-consecuencias-haber-sido-primer-entrevistado-programa_1_12760145.html\" data-mrf-recirculation=\"saber-mas-abajo\" data-dl-event=\"saber-mas-abajo\" rel=\"nofollow noopener\" target=\"_blank\"><\/p>\n<p class=\"know-more__title\">Aitor Francesena volvi\u00f3 a &#8216;La Revuelta&#8217; y cont\u00f3 las consecuencias de haber sido el primer entrevistado del programa<\/p>\n<p>            <img decoding=\"async\" class=\"lazy\" loading=\"lazy\" data-src=\"https:\/\/static.eldiario.es\/clip\/a30e9ed1-a9ea-4488-b4d2-fccedadc8071_16-9-aspect-ratio_default_0.jpg\" src=\"data:image\/svg+xml,%3Csvg xmlns=\" http:=\"\" viewbox=\"0 0 880 495\" alt=\"Aitor Francesena volvi\u00f3 a 'La Revuelta' y cont\u00f3 las consecuencias de haber sido el primer entrevistado del programa\"\/><\/p>\n<p>                        <\/a><\/p>\n<p class=\"article-text\">\n        Pero no acabaron ah\u00ed los halagos del presentador a los espectadores, porque antes de dejar marchar a C\u00e1mara, volvi\u00f3 a dirigirse al p\u00fablico para subrayar lo siguiente: <strong>\u201cUstedes h\u00e1ganme caso, por una vez, vean <\/strong><strong>Yakarta, <\/strong><strong>incre\u00edble\u201d<\/strong>, zanj\u00f3.\n    <\/p>\n<p>                                    <script async src=\"https:\/\/platform.twitter.com\/widgets.js\" charset=\"utf-8\"><\/script><\/p>\n","protected":false},"excerpt":{"rendered":"La nueva entrega del Late Xou de TVE cont\u00f3 con Javier C\u00e1mara, Nacho Duato y Carlos Areces como&hellip;\n","protected":false},"author":2,"featured_media":231600,"comment_status":"","ping_status":"","sticky":false,"template":"","format":"standard","meta":{"footnotes":""},"categories":[171],"tags":[3250,38784,30279,29448,146,147,25,24,7957,5264,13338,6489,795,34875,156,23,214,809,23429],"class_list":{"0":"post-231599","1":"post","2":"type-post","3":"status-publish","4":"format-standard","5":"has-post-thumbnail","7":"category-tv","8":"tag-camara","9":"tag-confeso","10":"tag-cosa","11":"tag-decir","12":"tag-entertainment","13":"tag-entretenimiento","14":"tag-es","15":"tag-espana","16":"tag-giro","17":"tag-javier","18":"tag-late","19":"tag-marc","20":"tag-nueva","21":"tag-penso","22":"tag-serie","23":"tag-spain","24":"tag-tv","25":"tag-ver","26":"tag-xou"},"share_on_mastodon":{"url":"https:\/\/pubeurope.com\/@es\/115535004873610699","error":""},"_links":{"self":[{"href":"https:\/\/www.europesays.com\/es\/wp-json\/wp\/v2\/posts\/231599","targetHints":{"allow":["GET"]}}],"collection":[{"href":"https:\/\/www.europesays.com\/es\/wp-json\/wp\/v2\/posts"}],"about":[{"href":"https:\/\/www.europesays.com\/es\/wp-json\/wp\/v2\/types\/post"}],"author":[{"embeddable":true,"href":"https:\/\/www.europesays.com\/es\/wp-json\/wp\/v2\/users\/2"}],"replies":[{"embeddable":true,"href":"https:\/\/www.europesays.com\/es\/wp-json\/wp\/v2\/comments?post=231599"}],"version-history":[{"count":0,"href":"https:\/\/www.europesays.com\/es\/wp-json\/wp\/v2\/posts\/231599\/revisions"}],"wp:featuredmedia":[{"embeddable":true,"href":"https:\/\/www.europesays.com\/es\/wp-json\/wp\/v2\/media\/231600"}],"wp:attachment":[{"href":"https:\/\/www.europesays.com\/es\/wp-json\/wp\/v2\/media?parent=231599"}],"wp:term":[{"taxonomy":"category","embeddable":true,"href":"https:\/\/www.europesays.com\/es\/wp-json\/wp\/v2\/categories?post=231599"},{"taxonomy":"post_tag","embeddable":true,"href":"https:\/\/www.europesays.com\/es\/wp-json\/wp\/v2\/tags?post=231599"}],"curies":[{"name":"wp","href":"https:\/\/api.w.org\/{rel}","templated":true}]}}