{"id":231611,"date":"2025-11-12T05:16:35","date_gmt":"2025-11-12T05:16:35","guid":{"rendered":"https:\/\/www.europesays.com\/es\/231611\/"},"modified":"2025-11-12T05:16:35","modified_gmt":"2025-11-12T05:16:35","slug":"euribor-hoy-el-euribor-diario-se-situa-hoy-en-2216-confirmando-una-ligera-tendencia-al-alza-respecto-a-la-media-mensual-expansion","status":"publish","type":"post","link":"https:\/\/www.europesays.com\/es\/231611\/","title":{"rendered":"Euribor hoy: El Eur\u00edbor diario se sit\u00faa hoy en 2,216%, confirmando una ligera tendencia al alza respecto a la media mensual &#8211; Expansi\u00f3n"},"content":{"rendered":"<ol>\n<li><a href=\"https:\/\/news.google.com\/rss\/articles\/CBMiiwFBVV95cUxNZmc1SktJeXhLS1ZiaHdaWWJnUzc1QnhfVHlxM09yWTQtMERtWTN1dVpkc2hWbE9NR2gxVXpxakx1M2ZxOU04ZlZaYzAxMGVhaEV1Y0l5TnhrcnpfVUJ4SzFkcG5UR01pdHY4aFV5VUJ3dksxRmg0NE5ER1hOaU9oVnNUcjBCOE5sSlZJ0gGLAUFVX3lxTE9vdVpTYkJfTmlmc3RSbWdmcDRrdmFiLW9RTDRpckttZTk4dGdDNlRMMF9mUnBoMkFsMjJFZTFKRmRldWhwQnVrRDNiWTlZWU8xT2NjOU5IdWVGc1V3OFBqekNYMzFxUlRyQmh3WENUbUIyYW8wZFZBWC1lN0ZaS3RlNjZlVmRXalN6aTA?oc=5\" target=\"_blank\" rel=\"nofollow noopener\">Euribor hoy: El Eur\u00edbor diario se sit\u00faa hoy en 2,216%, confirmando una ligera tendencia al alza respecto a la media mensual<\/a>&nbsp;&nbsp;Expansi\u00f3n<\/li>\n<li><a href=\"https:\/\/news.google.com\/rss\/articles\/CBMiiAFBVV95cUxPR3FqdWpOQ0YtQTJ1Xy1xZ0xtSW1hRmNqUTFPTjFBV2tHVU5lXzdxOG9iMjNzMUtXNmctUWdnV3BnbjJ5U0NCTVlhMHNQYkxsYmZjVDhrQ0lfRWs0bUN5WlFTa1N2N2FjYi1iZWRaRTZFYXk2dnVucVAyeDZCaGJ1UlBKQS1TYnBw0gGIAUFVX3lxTFBXaHlBckZZbGRRMFNWSDB2emNaSW5VVm5aNWhnZE1NMGlfakRsYkp0V05TN21wLWprdjVmM2E3R2lOMVZhenNzTlBLRmZsdUIxYTd6UXZ6dUlLT21LXzdUeklTRDBfcGkwZjFNdlFXT2xTeDVEV1BoVHBxNU5WbVlPQzNua1dYb0E?oc=5\" target=\"_blank\" rel=\"nofollow noopener\">Eur\u00edbor hoy, martes 11 de noviembre: regresa la tendencia al alza<\/a>&nbsp;&nbsp;El Mundo<\/li>\n<li><a href=\"https:\/\/news.google.com\/rss\/articles\/CBMi0gFBVV95cUxPVmNITVBvTjd3Z0ZnMTY0ajdiWkhFNm1oTnBCbTZKcHZfSnFEcWt5ZVRJOU5xY2RsdWttNEpXVERsZDMwdWo4aVdkMnh0dS1CdjBRTFhRNl94S05Iemd4TVZuSUhBRlR6d2dpMXR6QXNGWnA0aUlodmhTUHZqWGRBMnA0c1hHV3k2SllMbll5T3Q2MDZqQWRNbXdMT21TZ0stOWdMZlMwU1lmekFQVmszZmtCczhLSzg2RThxWlhnV0JIMEc3Q3hmX3dNUXN5V3RRM3c?oc=5\" target=\"_blank\" rel=\"nofollow noopener\">Euribor hoy: valor actualizado del martes 11 de noviembre y media provisional del mes<\/a>&nbsp;&nbsp;La Vanguardia<\/li>\n<li><a href=\"https:\/\/news.google.com\/rss\/articles\/CBMifkFVX3lxTE1MVndpZjByMkNDalZ1SUFFSnpFb00tS3ctUVZLMmhMUzl2aVhQbFlfZnFDTnkzcERtbGVRN3poRG5FM3JZSlE0RGZydG45aGpOOGIweUVzekRDUWpKU1BnQ2I2Q2FvbjJ3dDB5TUt1VU1HRWt3cEN4bV9KSnBGZw?oc=5\" target=\"_blank\" rel=\"nofollow noopener\">El eur\u00edbor amenaza con revisiones al alza de todas las hipotecas en 6 meses<\/a>&nbsp;&nbsp;Expansi\u00f3n<\/li>\n<li><a href=\"https:\/\/news.google.com\/rss\/articles\/CBMimAFBVV95cUxNTXM2Z3dfdUdIUXhlV09NaVllVEMwMjhoUDdEd09WSlc2cEdpS2d2YVEyZk5XTXdwajhBalhJUVQ4MnZEYnpXRGc2TDhwWkVaSUJFT1E5MEs0ZDZDVUdOU0VEZmRPOEF5VHlKdElyeHJCTjktODNxbFlXcE5oTFNGNWxvY05UMkVLdll5QkoyRmdRUTh3NVVJadIBmAFBVV95cUxQRVhGeGxjV0lWcHRzTEliT29VVFVScUlueUFCR2JtT0lnNVJfM1RRaGVaVFBuc2VIa1VmUVhDeGYyRTFfVV9EY2NKMFRrTXFQY2gteXpqa3EtZ2Qxajd5TnROZFlCNEhpX09FLXZld044RzhsQmxhOGFzWUtGdG9wTDhPckxQWDVNZ0RsQjhETWNxNFF6SW04bA?oc=5\" target=\"_blank\" rel=\"nofollow noopener\">El precio del eur\u00edbor hoy, 11 de noviembre: primer tropiezo de la semana para los hipotecados<\/a>&nbsp;&nbsp;El Peri\u00f3dico<\/li>\n<\/ol>\n","protected":false},"excerpt":{"rendered":"Euribor hoy: El Eur\u00edbor diario se sit\u00faa hoy en 2,216%, confirmando una ligera tendencia al alza respecto a&hellip;\n","protected":false},"author":2,"featured_media":105550,"comment_status":"","ping_status":"","sticky":false,"template":"","format":"standard","meta":{"footnotes":""},"categories":[80],"tags":[82,95,94,25,24,10584,36666,24594,23],"class_list":{"0":"post-231611","1":"post","2":"type-post","3":"status-publish","4":"format-standard","5":"has-post-thumbnail","7":"category-economia","8":"tag-business","9":"tag-economia","10":"tag-economy","11":"tag-es","12":"tag-espana","13":"tag-euribor","14":"tag-mercados-euribor","15":"tag-nea","16":"tag-spain"},"share_on_mastodon":{"url":"https:\/\/pubeurope.com\/@es\/115535032166344034","error":""},"_links":{"self":[{"href":"https:\/\/www.europesays.com\/es\/wp-json\/wp\/v2\/posts\/231611","targetHints":{"allow":["GET"]}}],"collection":[{"href":"https:\/\/www.europesays.com\/es\/wp-json\/wp\/v2\/posts"}],"about":[{"href":"https:\/\/www.europesays.com\/es\/wp-json\/wp\/v2\/types\/post"}],"author":[{"embeddable":true,"href":"https:\/\/www.europesays.com\/es\/wp-json\/wp\/v2\/users\/2"}],"replies":[{"embeddable":true,"href":"https:\/\/www.europesays.com\/es\/wp-json\/wp\/v2\/comments?post=231611"}],"version-history":[{"count":0,"href":"https:\/\/www.europesays.com\/es\/wp-json\/wp\/v2\/posts\/231611\/revisions"}],"wp:featuredmedia":[{"embeddable":true,"href":"https:\/\/www.europesays.com\/es\/wp-json\/wp\/v2\/media\/105550"}],"wp:attachment":[{"href":"https:\/\/www.europesays.com\/es\/wp-json\/wp\/v2\/media?parent=231611"}],"wp:term":[{"taxonomy":"category","embeddable":true,"href":"https:\/\/www.europesays.com\/es\/wp-json\/wp\/v2\/categories?post=231611"},{"taxonomy":"post_tag","embeddable":true,"href":"https:\/\/www.europesays.com\/es\/wp-json\/wp\/v2\/tags?post=231611"}],"curies":[{"name":"wp","href":"https:\/\/api.w.org\/{rel}","templated":true}]}}