{"id":231614,"date":"2025-11-12T05:18:10","date_gmt":"2025-11-12T05:18:10","guid":{"rendered":"https:\/\/www.europesays.com\/es\/231614\/"},"modified":"2025-11-12T05:18:10","modified_gmt":"2025-11-12T05:18:10","slug":"detenido-un-hombre-que-obligo-a-su-inquilina-a-mantener-relaciones-sexuales-bajo-la-amenaza-de-echarla-de-la-casa","status":"publish","type":"post","link":"https:\/\/www.europesays.com\/es\/231614\/","title":{"rendered":"Detenido un hombre que oblig\u00f3 a su inquilina a mantener relaciones sexuales bajo la amenaza de \u00abecharla de la casa\u00bb"},"content":{"rendered":"<p style=\"\">La Guardia Civil de Vecindario (Gran Canaria) ha detenido a un hombre de 63 a\u00f1os por un presunto delito de <a href=\"https:\/\/www.abc.es\/espana\/canarias\/detenido-hombre-agredir-sexualmente-grabar-inquilina-gran-20250909173159-nt.html\" target=\"_self\" data-voc-vtm-id=\"in-text-traffic\" title=\"agresi\u00f3n sexual al coaccionar y amenazar a la inquilina\" data-mrf-link=\"www.abc.es\" rel=\"nofollow noopener\">agresi\u00f3n sexual al coaccionar y amenazar a la inquilina<\/a> de su vivienda para <strong>mantener relaciones sexuales plenas<\/strong> porque si no la \u00abechaba del  &#8230; domicilio\u00bb.<\/p>\n<p class=\"voc-p\" style=\"\">Ha sido detenido como supuesto autor de un delito de agresi\u00f3n sexual y un delito de <strong>coacciones<\/strong>, despu\u00e9s de un incidente que tuvo lugar sobre finales de octubre de 2025 en un domicilio ubicado en el municipio de Santa Luc\u00eda de Tirajana.<\/p>\n<p class=\"voc-p\" style=\"\">Seg\u00fan el relato de la v\u00edctima, quien manten\u00eda un <strong>contrato de arrendamiento<\/strong> con su agresor, los hechos incluyen tocamientos no consentidos de \u00edndole sexual incluso la v\u00edctima fue obligada a mantener relaciones sexuales plenas bajo coacci\u00f3n y amenazas de <strong>\u00abecharla del domicilio\u00bb<\/strong> si no acced\u00eda a sus pretensiones.<\/p>\n<p class=\"voc-p\" style=\"\">El uso de la amenaza para obligar a mantener relaciones sexuales plenas no solo constituye agresi\u00f3n sexual, sino que demuestra un patr\u00f3n de dominaci\u00f3n que deja <strong>profundas y duraderas secuelas psicol\u00f3gicas<\/strong> en la persona afectada.<\/p>\n<p class=\"voc-p\" style=\"\">Se han instruido las diligencias policiales, las cuales son remitidas junto con el detenido al Juzgado de San Bartolom\u00e9 de Tirajana.<\/p>\n","protected":false},"excerpt":{"rendered":"La Guardia Civil de Vecindario (Gran Canaria) ha detenido a un hombre de 63 a\u00f1os por un presunto&hellip;\n","protected":false},"author":2,"featured_media":231615,"comment_status":"","ping_status":"","sticky":false,"template":"","format":"standard","meta":{"footnotes":""},"categories":[8],"tags":[12339,7569,17,18,385,8838,60538,25,24,13,14,11,366,60537,19,20,877,9,10,15,16,49707,10754,7233,23,12,21,22],"class_list":{"0":"post-231614","1":"post","2":"type-post","3":"status-publish","4":"format-standard","5":"has-post-thumbnail","7":"category-espana","8":"tag-amenazas","9":"tag-bajo","10":"tag-breaking-news","11":"tag-breakingnews","12":"tag-casa","13":"tag-detenido","14":"tag-echarla","15":"tag-es","16":"tag-espana","17":"tag-featured-news","18":"tag-featurednews","19":"tag-headlines","20":"tag-hombre","21":"tag-inquilina","22":"tag-latest-news","23":"tag-latestnews","24":"tag-mantener","25":"tag-news","26":"tag-noticias","27":"tag-noticias-destacadas","28":"tag-noticiasdestacadas","29":"tag-obligo","30":"tag-relaciones","31":"tag-sexuales","32":"tag-spain","33":"tag-titulares","34":"tag-ultimas-noticias","35":"tag-ultimasnoticias"},"share_on_mastodon":{"url":"https:\/\/pubeurope.com\/@es\/115535039941772123","error":""},"_links":{"self":[{"href":"https:\/\/www.europesays.com\/es\/wp-json\/wp\/v2\/posts\/231614","targetHints":{"allow":["GET"]}}],"collection":[{"href":"https:\/\/www.europesays.com\/es\/wp-json\/wp\/v2\/posts"}],"about":[{"href":"https:\/\/www.europesays.com\/es\/wp-json\/wp\/v2\/types\/post"}],"author":[{"embeddable":true,"href":"https:\/\/www.europesays.com\/es\/wp-json\/wp\/v2\/users\/2"}],"replies":[{"embeddable":true,"href":"https:\/\/www.europesays.com\/es\/wp-json\/wp\/v2\/comments?post=231614"}],"version-history":[{"count":0,"href":"https:\/\/www.europesays.com\/es\/wp-json\/wp\/v2\/posts\/231614\/revisions"}],"wp:featuredmedia":[{"embeddable":true,"href":"https:\/\/www.europesays.com\/es\/wp-json\/wp\/v2\/media\/231615"}],"wp:attachment":[{"href":"https:\/\/www.europesays.com\/es\/wp-json\/wp\/v2\/media?parent=231614"}],"wp:term":[{"taxonomy":"category","embeddable":true,"href":"https:\/\/www.europesays.com\/es\/wp-json\/wp\/v2\/categories?post=231614"},{"taxonomy":"post_tag","embeddable":true,"href":"https:\/\/www.europesays.com\/es\/wp-json\/wp\/v2\/tags?post=231614"}],"curies":[{"name":"wp","href":"https:\/\/api.w.org\/{rel}","templated":true}]}}