{"id":231619,"date":"2025-11-12T05:28:22","date_gmt":"2025-11-12T05:28:22","guid":{"rendered":"https:\/\/www.europesays.com\/es\/231619\/"},"modified":"2025-11-12T05:28:22","modified_gmt":"2025-11-12T05:28:22","slug":"el-contrato-de-julen-las-cifras-de-arabia-las-ofertas-de-verano-y-vinicius","status":"publish","type":"post","link":"https:\/\/www.europesays.com\/es\/231619\/","title":{"rendered":"el contrato de Julen, las cifras de Arabia, las ofertas de verano y Vinicius"},"content":{"rendered":"<p class=\"ft-text\"><strong>En una reciente conversaci\u00f3n con Lazarov<\/strong>, creador de contenido macedonio, <a class=\"ft-link ft-link--decoration\" href=\"https:\/\/www.superdeporte.es\/tags\/stole-dimitrievski\/\" rel=\"nofollow noopener\" target=\"_blank\"><strong>Dimitrievski<\/strong><\/a><strong> se mostr\u00f3 sincero sobre su actualidad en el Valencia<\/strong>, su experiencia con Vinicius y sus preferencias futbol\u00edsticas. Esta temporada, <strong>el portero solo ha disputado un partido oficial<\/strong>, correspondiente a la primera ronda de Copa del Rey ante el Maracena, pero aprovech\u00f3 la entrevista para hablar de compa\u00f1eros, ofertas, arbitraje y trayectoria futbol\u00edstica.<\/p>\n<p>La situaci\u00f3n de Dimitrievski en Valencia<\/p>\n<p class=\"ft-text\"><strong>Dimitrievski no ocult\u00f3 su frustraci\u00f3n por el momento que atraviesa en Valencia<\/strong>: \u201cCuando apareci\u00f3 Valencia, quise aceptar la oferta. Ten\u00eda tambi\u00e9n opciones en Betis y Sevilla, pero decidimos que era la mejor para m\u00ed. Despu\u00e9s de varios meses, defend\u00ed mi posici\u00f3n, aunque est\u00e1bamos \u00faltimos en la clasificaci\u00f3n. Jugu\u00e9 bien, pero lleg\u00f3 un cambio de entrenador y tras perder 2-1 contra el Real Madrid, el nuevo t\u00e9cnico me sac\u00f3 del campo. Respeto la decisi\u00f3n, pero no la entiendo. Sigo jugando con mi selecci\u00f3n y manteniendo el nivel\u201d.<\/p>\n<p><img decoding=\"async\" src=\"https:\/\/www.europesays.com\/es\/wp-content\/uploads\/2025\/11\/a22f6eb9-243e-4774-83a4-8f9d9dcb0a3f_alta-libre-aspect-ratio_default_0.jpg\" width=\"1200\" height=\"675\" alt=\"Stole Dimitrievski no ha podido ser titular en el Valencia desde que llegara el pasado verano\" class=\"ft-helper-img-rd\" loading=\"lazy\"\/><\/p>\n<p class=\"ft-helper-fontColor-quaternary ft-helper-fontSize-body-S ft-helper-spacer-t-xxs\">Stole Dimitrievski no ha podido ser titular en el Valencia desde que llegara el pasado verano  \/ JM LOPEZ<\/p>\n<p class=\"ft-text\"><strong>El portero destac\u00f3 la importancia del apoyo de su familia y amigos<\/strong>: \u201cMi familia, mis amigos y mi mujer me brindan apoyo. La situaci\u00f3n me irrita, me pregunto por qu\u00e9 a m\u00ed. He pasado de jugar 45 partidos a solo 10, pero es una experiencia de la que aprender\u00e9. Me quedo con lo positivo y sigo adelante. <strong>Mi deseo es jugar, quiero jugar en Valencia<\/strong>. Si el entrenador me da una oportunidad, la aprovechar\u00e9: tengo experiencia y calidad para responder\u201d.<\/p>\n<p>El contrato de Julen<\/p>\n<p class=\"ft-text\"><strong>La llegada de Julen Agirrezabala al Valencia complic\u00f3 a\u00fan m\u00e1s la situaci\u00f3n de Dimitrievski<\/strong>: \u201c<strong>Esta temporada lleg\u00f3 un segundo portero con opci\u00f3n de contrato que deber\u00eda jugar el 30% de los partidos. Me qued\u00e9 impactado<\/strong>. Si no juega, tiene que pagar multas al club. En verano hubo opciones de que podr\u00eda haber abandonado el club, pero Valencia no quer\u00eda dejarme marchar. Hab\u00eda clubes de las cuatro grandes ligas, Turqu\u00eda y Arabia interesados. Yo estaba listo y decidido a salir, pero me qued\u00e9\u201d.<\/p>\n<p><img decoding=\"async\" src=\"https:\/\/www.europesays.com\/es\/wp-content\/uploads\/2025\/11\/086f511a-ddc1-4bdb-ba57-ca8be63771aa_alta-libre-aspect-ratio_default_0_x971y312.jpg\" width=\"1200\" height=\"675\" alt=\"Julen Agirrezabala, en Mendizorroza\" class=\"ft-helper-img-rd\" loading=\"lazy\"\/><\/p>\n<p class=\"ft-helper-fontColor-quaternary ft-helper-fontSize-body-S ft-helper-spacer-t-xxs\">Julen Agirrezabala, en Mendizorroza  \/ VCF Media<\/p>\n<p>Vinicius y el documental<\/p>\n<p class=\"ft-text\"><strong>El macedonio tambi\u00e9n habl\u00f3 de su experiencia con Vinicius, recordando un episodio que incluso apareci\u00f3 en Netflix<\/strong>: \u201cVinicius es un jugador de clase mundial, aunque su estilo es intenso. La tarjeta roja que recibi\u00f3 fue terrible, y mi adrenalina tambi\u00e9n estaba al l\u00edmite. Diez d\u00edas antes no le dieron el Bal\u00f3n de Oro y qued\u00f3 segundo. Quer\u00eda rodar en Valencia para Netflix, pero el club no lo aprob\u00f3, hubo conflictos. Los aficionados lo llamaban \u2018Bal\u00f3n de Playa\u2019 y se puso nervioso. Tras el penalti fallado de Jude Bellingham, le agarr\u00e9 un poco la camiseta y se molest\u00f3. Cuando recibi\u00f3 la roja pens\u00e9: \u2018guau, se volvi\u00f3 loco\u2019. Luego bloque\u00e9 los comentarios porque los aficionados brasile\u00f1os vinieron a insultarme a m\u00ed y a mi familia. Fue un momento de mucha presi\u00f3n\u201d.<\/p>\n<p><img decoding=\"async\" src=\"https:\/\/www.europesays.com\/es\/wp-content\/uploads\/2025\/11\/7ee698d4-6092-422e-b448-381116cdb400_alta-libre-aspect-ratio_default_0.jpg\" width=\"1200\" height=\"675\" alt=\"Vinicius golpea a Dimitrievski\" class=\"ft-helper-img-rd\" loading=\"lazy\"\/><\/p>\n<p class=\"ft-helper-fontColor-quaternary ft-helper-fontSize-body-S ft-helper-spacer-t-xxs\">Vinicius golpea a Dimitrievski  \/ EFE<\/p>\n<p>Ofertas millonarias de Arabia Saud\u00ed<\/p>\n<p class=\"ft-text\">Sobre las propuestas econ\u00f3micas recibidas desde<a class=\"ft-link ft-link--decoration\" href=\"https:\/\/www.superdeporte.es\/tags\/arabia-saudi\/\" rel=\"nofollow noopener\" target=\"_blank\"> <\/a><a class=\"ft-link ft-link--decoration\" href=\"https:\/\/www.superdeporte.es\/tags\/arabia-saudi\/\" rel=\"nofollow noopener\" target=\"_blank\"><strong>Arabia<\/strong><\/a>, Dimitrievski confes\u00f3: \u201cLa oferta que lleg\u00f3 era mucho mayor de lo que gano ahora. Me ofrec\u00edan entre 10 y 20 millones durante tres temporadas. Mi sue\u00f1o es jugar en un club grande. Ten\u00eda 30 a\u00f1os cuando surgi\u00f3 la oferta y ahora 31, pero pienso que puedo seguir en LaLiga a este nivel cinco o seis a\u00f1os m\u00e1s. Quiz\u00e1s alg\u00fan d\u00eda termine en Arabia, pero f\u00edsica y mentalmente estoy listo para jugar hasta los 35 o 36 a\u00f1os\u201d.<\/p>\n<p><img decoding=\"async\" src=\"https:\/\/www.europesays.com\/es\/wp-content\/uploads\/2025\/11\/e1482a65-c934-44a6-9944-88f85a96e83a_alta-libre-aspect-ratio_default_0_x0y0.jpg\" width=\"1200\" height=\"800\" alt=\"Dimitrievski ante B\u00e9lgica.\" class=\"ft-helper-img-rd\" loading=\"lazy\"\/><\/p>\n<p class=\"ft-helper-fontColor-quaternary ft-helper-fontSize-body-S ft-helper-spacer-t-xxs\">Dimitrievski ante B\u00e9lgica.  \/ @MacedonianFoot_<\/p>\n<p>El &#8216;amor&#8217; por el Manchester United<\/p>\n<p class=\"ft-text\">Finalmente, Dimitrievski dej\u00f3 claro su pasi\u00f3n por el f\u00fatbol internacional. <strong>Stole fue preguntado por si le gustar\u00eda defender los colores de los &#8216;red devils&#8217;<\/strong>: \u201c\u00bfC\u00f3mo no iba a defender al Manchester United? Son Real Madrid, Barcelona y Manchester United. La Premier League es la mejor liga del mundo f\u00edsicamente, pero t\u00e9cnica y t\u00e1cticamente no son tan buenos como en Espa\u00f1a. He tenido ofertas de clubes de la Premier, pero nunca sent\u00ed el deseo de ir. Me gusta LaLiga. Espa\u00f1a es un pa\u00eds mucho m\u00e1s hermoso para vivir de forma realista. La competencia es enorme: 20 equipos, cuarenta porteros, grand\u00edsimos guardametas como Ter Stegen, Courtois, Oblak, Remiro o Sim\u00f3n\u201d.<\/p>\n","protected":false},"excerpt":{"rendered":"En una reciente conversaci\u00f3n con Lazarov, creador de contenido macedonio, Dimitrievski se mostr\u00f3 sincero sobre su actualidad en&hellip;\n","protected":false},"author":2,"featured_media":231620,"comment_status":"","ping_status":"","sticky":false,"template":"","format":"standard","meta":{"footnotes":""},"categories":[268],"tags":[106,168,60539,3141,25,24,41362,367,280,282,42120,2014,3048,281,23,167,235,1793],"class_list":{"0":"post-231619","1":"post","2":"type-post","3":"status-publish","4":"format-standard","5":"has-post-thumbnail","7":"category-futbol","8":"tag-contrato","9":"tag-deportes","10":"tag-dimitrievski","11":"tag-entrevista","12":"tag-es","13":"tag-espana","14":"tag-explosiva","15":"tag-familia","16":"tag-football","17":"tag-futbol","18":"tag-julen","19":"tag-manchester-united","20":"tag-real-madrid","21":"tag-soccer","22":"tag-spain","23":"tag-sports","24":"tag-valencia","25":"tag-verano"},"share_on_mastodon":{"url":"https:\/\/pubeurope.com\/@es\/115535080212723755","error":""},"_links":{"self":[{"href":"https:\/\/www.europesays.com\/es\/wp-json\/wp\/v2\/posts\/231619","targetHints":{"allow":["GET"]}}],"collection":[{"href":"https:\/\/www.europesays.com\/es\/wp-json\/wp\/v2\/posts"}],"about":[{"href":"https:\/\/www.europesays.com\/es\/wp-json\/wp\/v2\/types\/post"}],"author":[{"embeddable":true,"href":"https:\/\/www.europesays.com\/es\/wp-json\/wp\/v2\/users\/2"}],"replies":[{"embeddable":true,"href":"https:\/\/www.europesays.com\/es\/wp-json\/wp\/v2\/comments?post=231619"}],"version-history":[{"count":0,"href":"https:\/\/www.europesays.com\/es\/wp-json\/wp\/v2\/posts\/231619\/revisions"}],"wp:featuredmedia":[{"embeddable":true,"href":"https:\/\/www.europesays.com\/es\/wp-json\/wp\/v2\/media\/231620"}],"wp:attachment":[{"href":"https:\/\/www.europesays.com\/es\/wp-json\/wp\/v2\/media?parent=231619"}],"wp:term":[{"taxonomy":"category","embeddable":true,"href":"https:\/\/www.europesays.com\/es\/wp-json\/wp\/v2\/categories?post=231619"},{"taxonomy":"post_tag","embeddable":true,"href":"https:\/\/www.europesays.com\/es\/wp-json\/wp\/v2\/tags?post=231619"}],"curies":[{"name":"wp","href":"https:\/\/api.w.org\/{rel}","templated":true}]}}