{"id":231627,"date":"2025-11-12T05:35:08","date_gmt":"2025-11-12T05:35:08","guid":{"rendered":"https:\/\/www.europesays.com\/es\/231627\/"},"modified":"2025-11-12T05:35:08","modified_gmt":"2025-11-12T05:35:08","slug":"el-madrid-se-pega-un-miniresbalon-ante-el-paris-fc-futbol-deportes","status":"publish","type":"post","link":"https:\/\/www.europesays.com\/es\/231627\/","title":{"rendered":"El Madrid se pega un miniresbal\u00f3n ante el Paris FC | F\u00fatbol | Deportes"},"content":{"rendered":"<p class=\"\">El Madrid salv\u00f3 esta noche un punto sobre la bocina ante el Paris FC en la Champions. Las blancas empataron en el 98 <a href=\"https:\/\/elpais.com\/deportes\/futbol\/2025-01-23\/caroline-weir-el-gran-refuerzo-de-un-madrid-que-todavia-busca-su-primer-titulo.html\" target=\"_self\" rel=\"nofollow noopener\" title=\"https:\/\/elpais.com\/deportes\/futbol\/2025-01-23\/caroline-weir-el-gran-refuerzo-de-un-madrid-que-todavia-busca-su-primer-titulo.html\">con un gol de Weir<\/a> contra un rival que a\u00fan no ha ganado tras pifiar un torrente de ocasiones. El equipo de Pau Quesada, que hab\u00eda vencido en sus anteriores siete partidos en el Alfredo di St\u00e9fano esta temporada, se peg\u00f3 un miniresbal\u00f3n contra un rival a priori inferior, <a href=\"https:\/\/elpais.com\/deportes\/futbol\/2025-10-16\/el-madrid-crece-en-europa-ante-el-psg.html\" target=\"_blank\" rel=\"nofollow noopener\" title=\"https:\/\/elpais.com\/deportes\/futbol\/2025-10-16\/el-madrid-crece-en-europa-ante-el-psg.html\">pero suma siete puntos de nueve en las primeras tres jornadas<\/a> y se acerca a las eliminatorias.<\/p>\n<p>                                                                                                                                                                                                                                                                                <img decoding=\"async\" title=\"Real Madrid Femenino\" loading=\"lazy\" src=\"https:\/\/www.europesays.com\/es\/wp-content\/uploads\/2025\/11\/1762925708_651_5265.png\"  width=\"80\" height=\"80\" data-error-image=\"https:\/\/static.prisa.com\/aside\/resizer\/resize\/img\/sports\/football\/teams\/default.png?width=160&amp;height=160\"\/><\/p>\n<p>\n            1<\/p>\n<p>                                                                                                                                                                                                                                                                                                                                                                                                                                                                                                                                                                                                                                                                                                                                                                                                                                                                                                                                                                                                                                                                                                                                                                                                                                                                                                                                                                                                                                                                                                                                                                                                                                                                                                                                                                                                                                                                                                                                                                                                                                                                                                                                                                                                                                                                                                                                                                                                                                                                                                                                                                                                                                                                                                                                                                                                                                                                                                                                                                                                                                                                                                                                                                                                                                                    Misa, Mar\u00eda M\u00e9ndez, Ma\u00eblle Lakrar (Roc\u00edo G\u00e1lvez, min. 63), Eva Navarro, Sara Holmgaard (Yasmim, min. 45), Naomie Feller (Athenea del Castillo, min. 58), Caroline Weir, Sara D\u00e4britz, Filippa Angeldahl (Lotte Keukelaar, min. 73), Alba Redondo (Iris Ashley, min. 57) y Linda Caicedo<\/p>\n<p>\n            1<\/p>\n<p>                                                                                                                                                                                                                                                                                <img decoding=\"async\" title=\"Paris FC Femenino\" loading=\"lazy\" src=\"https:\/\/www.europesays.com\/es\/wp-content\/uploads\/2025\/11\/1762925708_375_6098.png\"  width=\"80\" height=\"80\" data-error-image=\"https:\/\/static.prisa.com\/aside\/resizer\/resize\/img\/sports\/football\/teams\/default.png?width=160&amp;height=160\"\/><\/p>\n<p>                                                                                                                                                                                                                                                                                                                                                                                                                                                                                                                                                                                                                                                                                                                                                                                                                                                                                                                                                                                                                                                                                                                                                                                                                                                                                                                                                                                                                                                                                                                                                                                                                                                                                                                                                                                                                                                                                                                                                                                                                                                                                                                                                                                                                                                                                                                                                                                                                                                                                                                                                                                                                                                                                                                                                                                                                                                                                                                                                                                                                                                                                            Myl\u00e8ne Chavas, Melween N&#8217;Dongala, Th\u00e9a Greboval, Lou Bogaert, C\u00e9lina Ould Hocine, Kaja Korosec, Ma\u00eblle Garbino, Oc\u00e9ane Picard (Sheika Scott, min. 24), Clara Mateo, Ana\u00eble Le Mogu\u00e9dec (Klaudia Jedlinska, min. 72) y Lorena Azzaro (Maeline Mendy, min. 90)<\/p>\n<p>\n            <b>Goles<\/b><br \/>\n                                                                                                        0-1 min. 40: Lorena Azzaro.                                                                                 1-1 min. 97: Caroline Weir                    <\/p>\n<p>\n            <b>Arbitro<\/b> Frida Mia Klarlund<\/p>\n<p>Tarjetas amarillas<br \/>\n                                            Linda Caicedo (min. 47),                                             Caroline Weir (min. 48),                                             Misa (min. 70),                                             Lou Bogaert (min. 86),                                             Clara Mateo (min. 96)\n                <\/p>\n<p class=\"\">El t\u00e9cnico valenciano volvi\u00f3 a colocar a Linda Caicedo de enganche, con Weir y Feller en las alas y Alba en punta. Quesada, que no pudo contar con Toletti y Bruun por lesi\u00f3n, apost\u00f3 en el doble pivote por Angeldahl y D\u00e4btriz. La puesta en escena del equipo fue muy reconocible. Presion\u00f3 la salida de bal\u00f3n del Paris y construy\u00f3 siempre sus ataques desde las conexiones de Linda. La delantera colombiana, a la que se le escaparon dos tiros fuera desde la frontal al inicio, se movi\u00f3 con una libertad absoluta por todo el campo. Aparec\u00eda en la salida de bal\u00f3n, en el \u00faltimo tercio y en las dos bandas sin que sus rivales encontraran la manera de apagar sus conducciones. <\/p>\n<p class=\"\">El empuje blanco no encontraba premio a la vez que Le Moguedec erraba una volea tras un centro de Mateo que la dej\u00f3 sola ante Misa en el punto de penalti. Alba tambi\u00e9n pifi\u00f3 dos remates de cabeza francos y a D\u00e4btriz se le escap\u00f3 su disparo al lateral de la red. El Real se frustr\u00f3 con su r\u00e1faga de intentos desaprovechados \u2014diez en la primera parte\u2014 despu\u00e9s de que Caicedo se deshiciera de tres rivales en una baldosa para estampar el bal\u00f3n en el larguero y Feller errara un mano a mano ante Chavas. El golpe fue mayor cuando Angeldahl derrib\u00f3 a Scott en el \u00e1rea y Azzaro transform\u00f3 el penalti. <\/p>\n<p class=\"\">El Madrid se march\u00f3 al descanso atribulado tras desarbolar la defensa del Paris pero no afinar la punter\u00eda. La falta de acierto en los metros finales fue una constante. Feller fall\u00f3 un remate a bocajarro en el tercer minuto del segundo tramo tras no impactar bien el bal\u00f3n en un pase atr\u00e1s de Caicedo. Tampoco Alba atin\u00f3 al enviar su tercer cabezazo al lateral de la red. <\/p>\n<p class=\"\">El equipo se empez\u00f3 a aturullar, sin claridad en el \u00faltimo tercio pese a los cambios de Quesada, que le dio carrete a Athenea, Iris Ashley, Roc\u00edo y Keukelaar. En el bosque de piernas que levant\u00f3 el Paris, siempre con las l\u00edneas muy juntas alrededor del \u00e1rea, solo Linda encontr\u00f3 los huecos por los que desconectar a la defensa. La cafetera se deshizo de dos rivales y tir\u00f3 una pared con Athenea, pero Chavas se estir\u00f3 para detener el disparo. La exguardameta frustr\u00f3 con otra buena acci\u00f3n el intento de Iris Ashley <a href=\"https:\/\/elpais.com\/deportes\/futbol\/2025-10-08\/el-nuevo-real-madrid-vuela-ante-la-roma-en-su-estreno-en-la-champions.html\" target=\"_blank\" rel=\"nofollow noopener\" title=\"https:\/\/elpais.com\/deportes\/futbol\/2025-10-08\/el-nuevo-real-madrid-vuela-ante-la-roma-en-su-estreno-en-la-champions.html\">hasta que Weir marc\u00f3 en el \u00faltimo minuto del encuentro.<\/a> El Madrid salv\u00f3 in extremis un patinazo may\u00fasculo antes de visitar el s\u00e1bado <a href=\"https:\/\/elpais.com\/podcasts\/hoy-en-el-pais\/2024-05-29\/podcast-como-el-barca-femenino-se-ha-convertido-en-el-mejor-equipo-de-europa.html\" target=\"_self\" rel=\"nofollow noopener\" title=\"https:\/\/elpais.com\/podcasts\/hoy-en-el-pais\/2024-05-29\/podcast-como-el-barca-femenino-se-ha-convertido-en-el-mejor-equipo-de-europa.html\">al todopoderoso Bar\u00e7a en Liga.<\/a><\/p>\n","protected":false},"excerpt":{"rendered":"El Madrid salv\u00f3 esta noche un punto sobre la bocina ante el Paris FC en la Champions. Las&hellip;\n","protected":false},"author":2,"featured_media":231628,"comment_status":"","ping_status":"","sticky":false,"template":"","format":"standard","meta":{"footnotes":""},"categories":[93],"tags":[48335,37421,41992,37417,1540,1130,168,1539,25,24,60540,54688,51525,282,1809,1538,37418,51524,48334,37423,48336,42001,37422,37416,23,167],"class_list":{"0":"post-231627","1":"post","2":"type-post","3":"status-publish","4":"format-standard","5":"has-post-thumbnail","7":"category-deportes","8":"tag-alba-redondo","9":"tag-athenea-del-castillo","10":"tag-caroline-weir","11":"tag-champions-league-femenina","12":"tag-competiciones","13":"tag-deporte-femenino","14":"tag-deportes","15":"tag-entrenadores","16":"tag-es","17":"tag-espana","18":"tag-estadio-alfredo-di-stefano","19":"tag-eva-navarro","20":"tag-filippa-angeldahl","21":"tag-futbol","22":"tag-futbol-femenino","23":"tag-futbolistas","24":"tag-linda-caicedo","25":"tag-maelle-lakrar","26":"tag-maria-mendez","27":"tag-misa-rodriguez","28":"tag-naomie-feller","29":"tag-paris-fc","30":"tag-pau-quesada","31":"tag-real-madrid-femenino","32":"tag-spain","33":"tag-sports"},"share_on_mastodon":{"url":"","error":""},"_links":{"self":[{"href":"https:\/\/www.europesays.com\/es\/wp-json\/wp\/v2\/posts\/231627","targetHints":{"allow":["GET"]}}],"collection":[{"href":"https:\/\/www.europesays.com\/es\/wp-json\/wp\/v2\/posts"}],"about":[{"href":"https:\/\/www.europesays.com\/es\/wp-json\/wp\/v2\/types\/post"}],"author":[{"embeddable":true,"href":"https:\/\/www.europesays.com\/es\/wp-json\/wp\/v2\/users\/2"}],"replies":[{"embeddable":true,"href":"https:\/\/www.europesays.com\/es\/wp-json\/wp\/v2\/comments?post=231627"}],"version-history":[{"count":0,"href":"https:\/\/www.europesays.com\/es\/wp-json\/wp\/v2\/posts\/231627\/revisions"}],"wp:featuredmedia":[{"embeddable":true,"href":"https:\/\/www.europesays.com\/es\/wp-json\/wp\/v2\/media\/231628"}],"wp:attachment":[{"href":"https:\/\/www.europesays.com\/es\/wp-json\/wp\/v2\/media?parent=231627"}],"wp:term":[{"taxonomy":"category","embeddable":true,"href":"https:\/\/www.europesays.com\/es\/wp-json\/wp\/v2\/categories?post=231627"},{"taxonomy":"post_tag","embeddable":true,"href":"https:\/\/www.europesays.com\/es\/wp-json\/wp\/v2\/tags?post=231627"}],"curies":[{"name":"wp","href":"https:\/\/api.w.org\/{rel}","templated":true}]}}