{"id":231636,"date":"2025-11-12T05:40:08","date_gmt":"2025-11-12T05:40:08","guid":{"rendered":"https:\/\/www.europesays.com\/es\/231636\/"},"modified":"2025-11-12T05:40:08","modified_gmt":"2025-11-12T05:40:08","slug":"la-dificil-reconstruccion-del-bataclan-no-volver-es-permitir-que-triunfe-el-miedo-internacional","status":"publish","type":"post","link":"https:\/\/www.europesays.com\/es\/231636\/","title":{"rendered":"La dif\u00edcil reconstrucci\u00f3n del Bataclan: \u201cNo volver es permitir que triunfe el miedo\u201d | Internacional"},"content":{"rendered":"<p class=\"\">Son las seis de la tarde, queda una hora para que empiece el concierto de Orbit Culture, un grupo sueco de death metal, y la cola en la sala Bataclan da casi la vuelta a la manzana. Hay grupos de amigos, gente sola e incluso un par de parejas con ni\u00f1os. <a href=\"https:\/\/elpais.com\/internacional\/2025-11-09\/bataclan-diez-anos-del-trauma-que-cambio-francia.html\" target=\"_self\" rel=\"nofollow noopener\" title=\"https:\/\/elpais.com\/internacional\/2025-11-09\/bataclan-diez-anos-del-trauma-que-cambio-francia.html\">Diez a\u00f1os despu\u00e9s de los mayores ataques terroristas<\/a> que ha vivido Francia, que dejaron <a href=\"https:\/\/elpais.com\/internacional\/2016\/11\/13\/actualidad\/1479029720_411182.html\" target=\"_self\" rel=\"nofollow noopener\" title=\"https:\/\/elpais.com\/internacional\/2016\/11\/13\/actualidad\/1479029720_411182.html\">130 muertos<\/a>, 90 de ellos en el interior de la sala, en la fila del Bataclan ya no hay miedo. Como explica Theo, que es asiduo y ha seguido acudiendo a conciertos a pesar del trauma tras los atentados: \u201cNo haber vuelto es permitir que triunfe el miedo y ganen ellos\u201d. <\/p>\n<p class=\"\">La hist\u00f3rica sala Bataclan se ha convertido en un s\u00edmbolo de la resistencia frente al horror. <a href=\"https:\/\/elpais.com\/internacional\/2015\/11\/14\/actualidad\/1447457967_042393.html\" target=\"_self\" rel=\"nofollow noopener\" title=\"https:\/\/elpais.com\/internacional\/2015\/11\/14\/actualidad\/1447457967_042393.html\">El horror que Par\u00eds vivi\u00f3<\/a> aquel viernes 13 de noviembre de 2015. Poco despu\u00e9s de que empezase el concierto del grupo Eagles of Death Metal, tres yihadistas irrumpieron en la sala y tomaron como rehenes a los 1.500 asistentes. Ejecutaron a 90 personas en el asalto, que dur\u00f3 tres horas. <\/p>\n<p class=\"\">La sala permaneci\u00f3 cerrada un a\u00f1o, durante el cual se hicieron trabajos de renovaci\u00f3n, se cambi\u00f3 el suelo, los asientos y se pint\u00f3 de nuevo. El 13 de septiembre de 2016 reabri\u00f3 con un concierto de Sting. Despu\u00e9s, otros artistas como Pete Doherty o Marianne Faithfull pasaron por la sala para impulsarla y atraer de nuevo a un p\u00fablico a\u00fan temeroso. <\/p>\n<p class=\"\">La reconstrucci\u00f3n no ha sido f\u00e1cil, el Bataclan ha atravesado problemas econ\u00f3micos y le cost\u00f3 volver a la actividad: como era deficitaria, en 2018 los antiguos propietarios, Jules Frutos y Olivier Poubelle, decidieron vender su parte al Grupo Lagard\u00e8re. Algunos plantearon que se hiciera un mausoleo y se cerrara como sala de conciertos. A esto se a\u00f1ade <a href=\"https:\/\/elpais.com\/sociedad\/2021-01-29\/francia-evita-un-nuevo-confinamiento-pero-refuerza-el-control-en-las-fronteras.html\" target=\"_self\" rel=\"nofollow noopener\" title=\"https:\/\/elpais.com\/sociedad\/2021-01-29\/francia-evita-un-nuevo-confinamiento-pero-refuerza-el-control-en-las-fronteras.html\">la crisis de la covid<\/a>, que oblig\u00f3 a clausurar de nuevo la sala.<\/p>\n<p class=\"\">Se inaugur\u00f3 en 1865, entonces bautizada como Ba-Ta-Clan, cambi\u00f3 de propietario varias veces y estuvo al borde de la quiebra. Jo\u00ebl Laloux, su due\u00f1o entre 1976 y 2015, la vendi\u00f3 pocos meses antes de los ataques terroristas. En 2021 la sala volvi\u00f3 a cambiar de manos y el Ayuntamiento de Par\u00eds la compr\u00f3 al Grupo Lagard\u00e8re por 1,4 millones de euros. \u201cAdem\u00e1s de la carga simb\u00f3lica que tiene el espacio para Par\u00eds, tras los atentados, nos interesa desde el punto de vista industrial y cultural\u201d, justific\u00f3 entonces Emmanuel Gregoire, adjunto a la alcaldesa, Anne Hidalgo. <\/p>\n<p class=\"\">Las <a href=\"https:\/\/elpais.com\/internacional\/2025-11-10\/david-fritz-victima-del-bataclan-la-peor-herida-del-superviviente-es-la-culpabilidad.html\" target=\"_self\" rel=\"nofollow noopener\" title=\"https:\/\/elpais.com\/internacional\/2025-11-10\/david-fritz-victima-del-bataclan-la-peor-herida-del-superviviente-es-la-culpabilidad.html\">heridas abiertas tras los atentados<\/a> han reconfigurado la manzana, donde han cambiado varios comercios. El caf\u00e9 Bataclan, justo al lado, hoy tiene otro nombre. En la esquina, una florister\u00eda reemplaza a la tienda de tatuajes que hab\u00eda entonces y en el callej\u00f3n donde algunos de los rehenes lograron escapar colg\u00e1ndose de la cornisa hab\u00eda una escuela, que cerr\u00f3: \u201cImagino que no quer\u00edan quedarse aqu\u00ed\u201d, explica Alain, que trabaja en la productora que ahora ocupa ese espacio. <\/p>\n<p class=\"\">Aquel 13 de noviembre, en una cadena de <a href=\"https:\/\/elpais.com\/internacional\/2015\/11\/14\/actualidad\/1447460657_465745.html\" target=\"_self\" rel=\"nofollow noopener\" title=\"https:\/\/elpais.com\/internacional\/2015\/11\/14\/actualidad\/1447460657_465745.html\">ataques sincronizados<\/a> que empez\u00f3 a las 21.20 del viernes y se prolong\u00f3 hasta la madrugada, tres comandos de nueve hombres asaltaron, adem\u00e1s de la sala de conciertos, las terrazas de varios bares y restaurantes de los distritos 10 y 11 de Par\u00eds. En estos \u00faltimos murieron 39 personas. <\/p>\n<p class=\"\">En Le Carrillon falleci\u00f3 una decena, mientras tomaban algo en la terraza. Hassan cuenta que cuando el bar volvi\u00f3 a abrir, dos meses despu\u00e9s, \u201cpensaba que nadie iba a querer sentarse en las terrazas, as\u00ed que fue muy emotivo ver c\u00f3mo la gente volv\u00eda y se instalaba fuera, sin miedo. Incluso dimos un concierto, en homenaje, fue algo muy especial\u201d, explica este camarero, el \u00fanico que sigue trabajando en este local, pues el resto se fueron yendo. <\/p>\n<p class=\"\">\u00c9l sali\u00f3 de Le Carrillon aquella noche a las nueve en punto. Hab\u00eda acabado su turno, se despidi\u00f3 de los clientes e intercambi\u00f3 palabras con los compa\u00f1eros que le daban el relevo. Se fue hacia su casa y cuando llevaba 19 minutos exactos (se acuerda de la hora precisa) le llam\u00f3 su mujer con un ataque de nervios. Acababa de escuchar que varios hombres hab\u00edan tiroteado terrazas en Le Carrillon y Le Petit Cambogde, el bar justo enfrente. <\/p>\n<p class=\"\">\u201cAqu\u00ed murieron 13 personas, un 13 de noviembre y volvimos a abrir un 13 de enero. El bar abri\u00f3 en 1913\u201d, explica este francoargelino detr\u00e1s de la barra. Lleva 20 a\u00f1os trabajando en este local. Se le ensombrece el rostro, porque ya entonces era uno de los camareros m\u00e1s veteranos y conoc\u00eda a muchas v\u00edctimas y sus familias. \u201cUna cosa es poder hablar de ello y otra bien distinta haberlo vivido\u201d, dice. <\/p>\n<p class=\"\">Algunos de estos locales se han hecho un lavado de cara, como Le Petit Cambodge, justo enfrente. Las terrazas hoy est\u00e1n llenas de gente y tambi\u00e9n de vallas, provistas para los actos de homenaje que tendr\u00e1n lugar este jueves en cada uno de los lugares de la masacre. Desde hace d\u00edas acude gente a la Plaza de la Rep\u00fablica para depositar flores, velas y notas recordando a los fallecidos aquella noche que marc\u00f3 Par\u00eds para siempre. Entre los que m\u00e1s se leen est\u00e1: \u201cM\u00eame pas peur\u201d (sin miedo) o \u201cJe suis Paris\u201d (yo soy Par\u00eds). <\/p>\n<p class=\"\">La sala Bataclan celebra este a\u00f1o su 160\u00ba aniversario. Junto a la puerta hay una discreta placa que recuerda que la sala resiste pese a todo, pero no olvida a las v\u00edctimas. Anne, en la fila para entrar a ver a los Orbit Culture, cuenta que algunos amigos suyos murieron aquella noche. Ella ha vuelto. Como Theo, que resume: \u201cHoy, con esta sala llena, Par\u00eds demuestra que no cede al terror, que ganamos nosotros\u201d. <\/p>\n","protected":false},"excerpt":{"rendered":"Son las seis de la tarde, queda una hora para que empiece el concierto de Orbit Culture, un&hellip;\n","protected":false},"author":2,"featured_media":231637,"comment_status":"","ping_status":"","sticky":false,"template":"","format":"standard","meta":{"footnotes":""},"categories":[42],"tags":[20003,59689,17,18,13,14,317,11,61,62,63,64,19,20,9,10,15,16,4759,592,12,21,22,431,19969,65,66,67],"class_list":{"0":"post-231636","1":"post","2":"type-post","3":"status-publish","4":"format-standard","5":"has-post-thumbnail","7":"category-internacional","8":"tag-ataques-a-personas","9":"tag-atentado-paris-13-n","10":"tag-breaking-news","11":"tag-breakingnews","12":"tag-featured-news","13":"tag-featurednews","14":"tag-francia","15":"tag-headlines","16":"tag-internacional","17":"tag-international","18":"tag-international-news","19":"tag-internationalnews","20":"tag-latest-news","21":"tag-latestnews","22":"tag-news","23":"tag-noticias","24":"tag-noticias-destacadas","25":"tag-noticiasdestacadas","26":"tag-paris","27":"tag-terrorismo","28":"tag-titulares","29":"tag-ultimas-noticias","30":"tag-ultimasnoticias","31":"tag-victimas","32":"tag-victimas-terrorismo","33":"tag-world","34":"tag-world-news","35":"tag-worldnews"},"share_on_mastodon":{"url":"","error":"Validation failed: Text character limit of 500 exceeded"},"_links":{"self":[{"href":"https:\/\/www.europesays.com\/es\/wp-json\/wp\/v2\/posts\/231636","targetHints":{"allow":["GET"]}}],"collection":[{"href":"https:\/\/www.europesays.com\/es\/wp-json\/wp\/v2\/posts"}],"about":[{"href":"https:\/\/www.europesays.com\/es\/wp-json\/wp\/v2\/types\/post"}],"author":[{"embeddable":true,"href":"https:\/\/www.europesays.com\/es\/wp-json\/wp\/v2\/users\/2"}],"replies":[{"embeddable":true,"href":"https:\/\/www.europesays.com\/es\/wp-json\/wp\/v2\/comments?post=231636"}],"version-history":[{"count":0,"href":"https:\/\/www.europesays.com\/es\/wp-json\/wp\/v2\/posts\/231636\/revisions"}],"wp:featuredmedia":[{"embeddable":true,"href":"https:\/\/www.europesays.com\/es\/wp-json\/wp\/v2\/media\/231637"}],"wp:attachment":[{"href":"https:\/\/www.europesays.com\/es\/wp-json\/wp\/v2\/media?parent=231636"}],"wp:term":[{"taxonomy":"category","embeddable":true,"href":"https:\/\/www.europesays.com\/es\/wp-json\/wp\/v2\/categories?post=231636"},{"taxonomy":"post_tag","embeddable":true,"href":"https:\/\/www.europesays.com\/es\/wp-json\/wp\/v2\/tags?post=231636"}],"curies":[{"name":"wp","href":"https:\/\/api.w.org\/{rel}","templated":true}]}}