{"id":23164,"date":"2025-08-03T16:33:10","date_gmt":"2025-08-03T16:33:10","guid":{"rendered":"https:\/\/www.europesays.com\/es\/23164\/"},"modified":"2025-08-03T16:33:10","modified_gmt":"2025-08-03T16:33:10","slug":"carmona-y-los-deberes-por-hacer-en-el-lateral-derecho","status":"publish","type":"post","link":"https:\/\/www.europesays.com\/es\/23164\/","title":{"rendered":"Carmona y los deberes por hacer en el lateral derecho"},"content":{"rendered":"<p class=\"voc-pretitle\">\nSevilla FC\n<\/p>\n<p>El paso de los amistosos no hace sino acrecentar las dudas en la posici\u00f3n para Almeyda<\/p>\n<p><img fetchpriority=\"high\" class=\"voc-img\" src=\"https:\/\/www.europesays.com\/es\/wp-content\/uploads\/2025\/08\/carmona-Rv79eCH0NZ1eccahNz1USvO-1200x840@diario_abc.jpg\" loading=\"eager\" decoding=\"async\" alt=\"Carmona con Rowe, en un lance del Marsella - Sevilla\" width=\"1200\" height=\"840\"\/><\/p>\n<p>Carmona con Rowe, en un lance del Marsella &#8211; Sevilla    AFP  <\/p>\n<p class=\"voc-p\" style=\"\">A Almeyda le preocupan ciertos mecanismos defensivos de su equipo que no terminan de carburar a dos semanas de que el <strong>Sevilla FC<\/strong> tenga que comparecer en San Mam\u00e9s para su debut liguero. Uno de los problemas detectados por el t\u00e9cnico hace ya varios amistosos lo tiene en el lateral derecho, con un <strong>Jos\u00e9 \u00c1ngel Carmona<\/strong> que, pese a ser uno de los futbolistas m\u00e1s utilizados del plantel el curso pasado, est\u00e1 encadenando fallos en todos los partidos veraniegos que ha disputado el equipo. El problema no es menor teniendo en cuenta que el otro compa\u00f1ero que puede actuar en esa posici\u00f3n, <strong>Juanlu S\u00e1nchez<\/strong>, est\u00e1 en la rampa de salida y este domingo ni siquiera particip\u00f3 contra el <strong>Olympique de Marsella<\/strong>.<\/p>\n<p class=\"voc-p\" style=\"\">\u00bfEs una cuesti\u00f3n de falta de calidad o se trata de pulir a un jugador aprovechable para que baje las <strong>revoluciones<\/strong> y no incurra en<strong> decisiones precipitadas<\/strong> o err\u00f3neas? En el Stade V\u00e9lodrome, las costuras defensivas del Sevilla volvieron a saltar por ese lateral diestro de Carmona. El local <strong>Rowe<\/strong> se convirti\u00f3 en un quebradero de cabeza para el visue\u00f1o. En uno de los robos del ingl\u00e9s, el canterano sevillista lo trab\u00f3 por detr\u00e1s jug\u00e1ndose el penalti y la cartulina. Se libr\u00f3 por cent\u00edmetros. Minutos despu\u00e9s, el \u00e1rbitro le perdonar\u00eda la roja a Carmona por otra entrada fuera de lugar sobre el joven extremo del <strong>Marsella<\/strong>. Hasta el \u00faltimo suspiro de la primera parte, el lateral nervionense sufri\u00f3 de lo lindo con su par.<\/p>\n<p class=\"voc-p\" style=\"\">No consigue Almeyda depurar esas peligrosas desconexiones de su jugador que le han costado goles o sustos de enjundia al equipo en los cuatro amistosos. Carmona es reincidente. En el partido ante el <strong>Sunderland<\/strong> cometi\u00f3 un flagrante fallo en el tanto que encajaron los sevillistas y ante el <strong>Schalke 04<\/strong> arroll\u00f3 a un rival dentro del \u00e1rea permitiendo que los alemanes recortaran distancias de penalti. Tambi\u00e9n le cogieron la espalda en el primer gol recibido ante el <strong>Birmingham City<\/strong>.<\/p>\n<p class=\"voc-p\" style=\"\">No cabe duda de que <strong>Cord\u00f3n<\/strong> tiene que darle una vuelta a la demarcaci\u00f3n de lateral derecho, m\u00e1s all\u00e1 de que Carmona pula o no sus descuidos y teniendo en cuenta las escasas alternativas para Almeyda en dicha posici\u00f3n.<\/p>\n<p>Reportar un error<\/p>\n","protected":false},"excerpt":{"rendered":"Sevilla FC El paso de los amistosos no hace sino acrecentar las dudas en la posici\u00f3n para Almeyda&hellip;\n","protected":false},"author":2,"featured_media":23165,"comment_status":"","ping_status":"","sticky":false,"template":"","format":"standard","meta":{"footnotes":""},"categories":[268],"tags":[13464,13465,168,11209,25,24,280,282,1508,281,23,167],"class_list":{"0":"post-23164","1":"post","2":"type-post","3":"status-publish","4":"format-standard","5":"has-post-thumbnail","7":"category-futbol","8":"tag-carmona","9":"tag-deberes","10":"tag-deportes","11":"tag-derecho","12":"tag-es","13":"tag-espana","14":"tag-football","15":"tag-futbol","16":"tag-lateral","17":"tag-soccer","18":"tag-spain","19":"tag-sports"},"share_on_mastodon":{"url":"","error":""},"_links":{"self":[{"href":"https:\/\/www.europesays.com\/es\/wp-json\/wp\/v2\/posts\/23164","targetHints":{"allow":["GET"]}}],"collection":[{"href":"https:\/\/www.europesays.com\/es\/wp-json\/wp\/v2\/posts"}],"about":[{"href":"https:\/\/www.europesays.com\/es\/wp-json\/wp\/v2\/types\/post"}],"author":[{"embeddable":true,"href":"https:\/\/www.europesays.com\/es\/wp-json\/wp\/v2\/users\/2"}],"replies":[{"embeddable":true,"href":"https:\/\/www.europesays.com\/es\/wp-json\/wp\/v2\/comments?post=23164"}],"version-history":[{"count":0,"href":"https:\/\/www.europesays.com\/es\/wp-json\/wp\/v2\/posts\/23164\/revisions"}],"wp:featuredmedia":[{"embeddable":true,"href":"https:\/\/www.europesays.com\/es\/wp-json\/wp\/v2\/media\/23165"}],"wp:attachment":[{"href":"https:\/\/www.europesays.com\/es\/wp-json\/wp\/v2\/media?parent=23164"}],"wp:term":[{"taxonomy":"category","embeddable":true,"href":"https:\/\/www.europesays.com\/es\/wp-json\/wp\/v2\/categories?post=23164"},{"taxonomy":"post_tag","embeddable":true,"href":"https:\/\/www.europesays.com\/es\/wp-json\/wp\/v2\/tags?post=23164"}],"curies":[{"name":"wp","href":"https:\/\/api.w.org\/{rel}","templated":true}]}}