{"id":231659,"date":"2025-11-12T06:04:13","date_gmt":"2025-11-12T06:04:13","guid":{"rendered":"https:\/\/www.europesays.com\/es\/231659\/"},"modified":"2025-11-12T06:04:13","modified_gmt":"2025-11-12T06:04:13","slug":"muere-antonio-garcia-bellido-descubridor-de-las-fronteras-invisibles-dentro-de-los-seres-vivos-ciencia","status":"publish","type":"post","link":"https:\/\/www.europesays.com\/es\/231659\/","title":{"rendered":"Muere Antonio Garc\u00eda-Bellido, descubridor de las fronteras invisibles dentro de los seres vivos | Ciencia"},"content":{"rendered":"<p class=\"\">El que era uno de los cient\u00edficos m\u00e1s c\u00e9lebres del mundo, el brit\u00e1nico Francis Crick, codescubridor de la estructura del ADN, <a href=\"https:\/\/www.science.org\/doi\/10.1126\/science.806966\" rel=\"nofollow noopener\" target=\"_blank\">alert\u00f3<\/a> en el verano de 1975 de las ideas revolucionarias que estaban saliendo de un laboratorio de Madrid y pasando demasiado desapercibidas. Una persona es un ser de 30 billones de c\u00e9lulas colocadas, tras una coreograf\u00eda inconcebible, a partir de un \u00fanico \u00f3vulo fecundado. Aquellos espa\u00f1oles, trabajando con moscas, hab\u00edan descubierto que los organismos vivos, tras la multiplicaci\u00f3n de la primera c\u00e9lula solitaria, se desarrollan en m\u00f3dulos, en compartimentos estancos regulados por un pu\u00f1ado de genes: alas por aqu\u00ed, patas por all\u00e1, ojos acull\u00e1. Ninguna c\u00e9lula cruza esas fronteras invisibles, como la que marca el l\u00edmite entre la parte posterior de un brazo y su parte anterior. El l\u00edder de aquel laboratorio, el bi\u00f3logo madrile\u00f1o <a href=\"https:\/\/elpais.com\/diario\/2006\/09\/10\/eps\/1157869607_850215.html\" rel=\"nofollow noopener\" target=\"_blank\">Antonio Garc\u00eda-Bellido<\/a>, uno de los mejores cient\u00edficos de la historia de Espa\u00f1a, <a href=\"https:\/\/x.com\/CBM_CSIC_UAM\/status\/1988166988456137182\" rel=\"nofollow\">ha fallecido<\/a> este lunes a los 89 a\u00f1os.<\/p>\n<p class=\"\">El investigador contaba que fue uno de esos ni\u00f1os empe\u00f1ados en \u201cabrir el juguete y ver c\u00f3mo funcionaba\u201d. Tras formarse desde 1959 en Reino Unido, Suiza y Estados Unidos, Garc\u00eda-Bellido mont\u00f3 su propio laboratorio en 1968 en <a href=\"https:\/\/www.cib.csic.es\/es\" target=\"_self\" rel=\"nofollow noopener\" title=\"https:\/\/www.cib.csic.es\/es\">el Centro de Investigaciones Biol\u00f3gicas<\/a> del Consejo Superior de Investigaciones Cient\u00edficas, en Madrid. Quer\u00eda averiguar c\u00f3mo, a partir de una \u00fanica c\u00e9lula, aparec\u00eda una mano, un ala, una antena. \u201cEl problema es c\u00f3mo se hace la forma, por qu\u00e9 los \u00f3rganos tienen forma. Es un problema de poblaciones celulares, de lo que se dicen unas a las otras para tener m\u00e1s o menos c\u00e9lulas en una dimensi\u00f3n; y del tama\u00f1o, que es espec\u00edfico de las especies. Todav\u00eda es un gran reto conocer c\u00f3mo los genes que est\u00e1n en las c\u00e9lulas hacen que las poblaciones celulares tengan unas dimensiones prescritas por los genes, y c\u00f3mo se transforma esa informaci\u00f3n en el tama\u00f1o y forma\u201d, reflexionaba el bi\u00f3logo en <a href=\"https:\/\/elpais.com\/diario\/2006\/09\/10\/eps\/1157869607_850215.html\" rel=\"nofollow noopener\" target=\"_blank\">una entrevista con EL PA\u00cdS<\/a> en 2006, con motivo de su jubilaci\u00f3n.<\/p>\n<p class=\"\">Los hallazgos en moscas dejaron boquiabiertos a los cient\u00edficos. Garc\u00eda-Bellido elabor\u00f3 el concepto de \u201cgenes selectores\u201d, una especie de directores de orquesta en el ADN que se van activando en cada zona del cuerpo, definiendo la identidad de las c\u00e9lulas en cada compartimento. Si algo falla, una mosca puede tener <a href=\"https:\/\/elpais.com\/diario\/2003\/08\/04\/revistaverano\/1059948020_850215.html\" rel=\"nofollow noopener\" target=\"_blank\">cuatro alas<\/a> en vez de dos. Y lo m\u00e1s asombroso es que estos genes maestros son intercambiables entre especies absolutamente diferentes. Si se introduce el gen humano adecuado en una mosca mutante sin alas, le crecer\u00e1n unas alas.<\/p>\n<p>M\u00e1s informaci\u00f3n<\/p>\n<p class=\"\">Los descubrimientos del laboratorio de Garc\u00eda-Bellido, divulgados al mundo por Francis Crick y su colega <a href=\"https:\/\/elpais.com\/sociedad\/2007\/06\/20\/actualidad\/1182290401_850215.html\" target=\"_self\" rel=\"nofollow noopener\" title=\"https:\/\/elpais.com\/sociedad\/2007\/06\/20\/actualidad\/1182290401_850215.html\">Peter Lawrence<\/a>, ten\u00edan implicaciones trascendentales. Hace unos 540 millones de a\u00f1os, en la llamada <a href=\"https:\/\/elpais.com\/elpais\/2017\/01\/11\/ciencia\/1484131511_084779.html\" rel=\"nofollow noopener\" target=\"_blank\">explosi\u00f3n c\u00e1mbrica<\/a>, surgi\u00f3 en un breve periodo la impresionante diversidad de tipos de animales que hoy pululan por la Tierra. El ancestro com\u00fan ya deb\u00eda disponer de ese pu\u00f1ado de genes selectores, capaces de organizar cualquier cuerpo, ya tuviera alas o tent\u00e1culos. Para el bi\u00f3logo y periodista de EL PA\u00cdS <a href=\"https:\/\/elpais.com\/autor\/javier-sampedro\/\" target=\"_self\" rel=\"nofollow noopener\" title=\"https:\/\/elpais.com\/autor\/javier-sampedro\/\">Javier Sampedro<\/a>, nieto acad\u00e9mico de Garc\u00eda-Bellido, el laboratorio de Madrid acab\u00f3 iluminando \u201cel conjunto de hechos m\u00e1s sorprendente y enigm\u00e1tico que la gen\u00e9tica ha descubierto en toda su historia, porque revela que toda la deslumbrante diversidad animal de este planeta, desde los \u00e1caros de la moqueta hasta los ministros de Cultura pasando por los berberechos y los gusanos que les parasitan, no son m\u00e1s que ajustes menores de un meticuloso plan de dise\u00f1o que la evoluci\u00f3n invent\u00f3 una sola vez, hace unos 600 millones de a\u00f1os\u201d, seg\u00fan resumi\u00f3 en su libro <a href=\"https:\/\/elpais.com\/diario\/2002\/09\/21\/babelia\/1032563828_850215.html\" rel=\"nofollow noopener\" target=\"_blank\">Deconstruyendo a Darwin<\/a> (editorial Cr\u00edtica).<\/p>\n<p class=\"\">El naturalista brit\u00e1nico decimon\u00f3nico Charles Darwin propuso que todos los seres vivos hab\u00edan evolucionado a partir de un mismo ancestro com\u00fan gracias a la selecci\u00f3n natural: entre los individuos de una misma generaci\u00f3n con peque\u00f1as diferencias en sus caracter\u00edsticas heredadas, sobreviv\u00edan los m\u00e1s adaptados al medio ambiente. Los descubrimientos de Garc\u00eda-Bellido y sus colegas apuntaban la posibilidad de una evoluci\u00f3n modular, con <a href=\"https:\/\/elpais.com\/diario\/2006\/03\/19\/sociedad\/1142722801_850215.html\" rel=\"nofollow noopener\" target=\"_blank\">cambios bruscos<\/a> basados en la aparici\u00f3n de nuevos compartimentos regulados por los mismos genes selectores ancestrales. \u201cLa evoluci\u00f3n es muy conservadora\u201d, explic\u00f3 el bi\u00f3logo <a href=\"https:\/\/elpais.com\/diario\/2006\/09\/10\/eps\/1157869607_850215.html\" rel=\"nofollow noopener\" target=\"_blank\">a este peri\u00f3dico<\/a>. \u201cDigo en broma que la evoluci\u00f3n ha tenido muy poca imaginaci\u00f3n, no ha creado cosas nuevas, lo que ha hecho es combinar con resultados inmediatos. [&#8230;] El cambio mayor de la evoluci\u00f3n es en qu\u00e9 organismos se expresan los genes y cu\u00e1ndo\u201d, reflexion\u00f3.<\/p>\n<p class=\"\">Garc\u00eda-Bellido era uno de los dos \u00fanicos investigadores en Espa\u00f1a invitados a pertenecer al mismo tiempo a la Royal Society del Reino Unido y a la Academia Nacional de Ciencias de Estados Unidos. El otro era su disc\u00edpulo Gin\u00e9s Morata, con el que colabor\u00f3 <a href=\"https:\/\/www.nature.com\/articles\/newbio245251a0\" rel=\"nofollow noopener\" target=\"_blank\">hace medio siglo<\/a>. \u201cAntonio Garc\u00eda-Bellido fue uno de los muy pocos pioneros cient\u00edficos que ha producido Espa\u00f1a\u201d, opina Morata. \u201cFue capaz de integrar conceptos cl\u00e1sicos de biolog\u00eda del desarrollo con an\u00e1lisis gen\u00e9ticos, y haciendo esta s\u00edntesis cre\u00f3 una escuela espa\u00f1ola de biolog\u00eda del desarrollo que ha tenido una gran proyecci\u00f3n internacional y la sigue teniendo. Es realmente una gran p\u00e9rdida para la ciencia espa\u00f1ola\u201d, lamenta el disc\u00edpulo.<\/p>\n<p class=\"\">El bi\u00f3logo <a href=\"https:\/\/elpais.com\/ciencia\/2024-05-08\/la-fusion-de-dos-hermanas-en-una-unica-mujer-sugiere-que-la-identidad-del-ser-humano-no-esta-en-su-adn.html\" rel=\"nofollow noopener\" target=\"_blank\">Alfonso Mart\u00ednez Arias<\/a> public\u00f3 hace 15 a\u00f1os <a href=\"https:\/\/ijdb.ehu.eus\/article\/082811am\" rel=\"nofollow noopener\" target=\"_blank\">una breve historia<\/a> de la gen\u00e9tica espa\u00f1ola, en la que los ep\u00edgrafes eran ilustrativos: los pioneros, la Guerra Civil, Antonio Garc\u00eda-Bellido. \u201cAntonio ha sido, probablemente, el bi\u00f3logo espa\u00f1ol m\u00e1s importante despu\u00e9s de Santiago Ram\u00f3n y Cajal y Severo Ochoa. Me atrever\u00eda a decir que, intelectualmente, mucho m\u00e1s que Ochoa\u201d, sentencia Mart\u00ednez Arias, de la Universidad Pompeu Fabra, en Barcelona.<\/p>\n<p class=\"\">Garc\u00eda-Bellido era \u201cel investigador cient\u00edfico espa\u00f1ol vivo m\u00e1s laureado\u201d, seg\u00fan la Universidad de M\u00e1laga, a la que don\u00f3 <a href=\"https:\/\/www.uma.es\/ficha.php?id=135698\" rel=\"nofollow noopener\" target=\"_blank\">75 cajas<\/a> con sus documentos. El bi\u00f3logo madrile\u00f1o era miembro de la Real Academia de Ciencias <a href=\"https:\/\/rac.es\/sobre-nosotros\/miembros\/academicos\/supernumerarios\/88\/\" rel=\"nofollow noopener\" target=\"_blank\">desde 1984<\/a>, ganador del <a href=\"https:\/\/elpais.com\/diario\/1984\/06\/02\/sociedad\/454975202_850215.html\" rel=\"nofollow noopener\" target=\"_blank\">Premio Pr\u00edncipe de Asturias<\/a> el mismo a\u00f1o, <a href=\"https:\/\/elpais.com\/diario\/1995\/12\/28\/sociedad\/820105211_850215.html\" rel=\"nofollow noopener\" target=\"_blank\">Premio Nacional de Investigaci\u00f3n<\/a> en 1995. Su \u201cgenio terrible, un car\u00e1cter de los llamados imposibles\u201d, tambi\u00e9n era conocido, como le coment\u00f3 la periodista Mal\u00e9n Azn\u00e1rez en aquella entrevista de 2006. \u201cHay quien dice que ese car\u00e1cter ha tenido la culpa de que no le dieran el Premio Nobel, pues no supo mantener a su lado un equipo que desarrollara sus ideas\u201d, le plante\u00f3 la reportera. \u201cSi no me han dado el Premio Nobel es, obviamente, porque no me lo merec\u00eda, as\u00ed de sencillo, o porque otros se lo merec\u00edan m\u00e1s\u201d, zanj\u00f3 Garc\u00eda-Bellido.<\/p>\n","protected":false},"excerpt":{"rendered":"El que era uno de los cient\u00edficos m\u00e1s c\u00e9lebres del mundo, el brit\u00e1nico Francis Crick, codescubridor de la&hellip;\n","protected":false},"author":2,"featured_media":231660,"comment_status":"","ping_status":"","sticky":false,"template":"","format":"standard","meta":{"footnotes":""},"categories":[8],"tags":[60543,640,641,17,18,119,25,24,13,14,2381,60545,11,19,20,205,9,10,15,16,724,58680,60544,23,12,21,22],"class_list":{"0":"post-231659","1":"post","2":"type-post","3":"status-publish","4":"format-standard","5":"has-post-thumbnail","7":"category-espana","8":"tag-antonio-garcia-bellido","9":"tag-biologia","10":"tag-biologia-molecular","11":"tag-breaking-news","12":"tag-breakingnews","13":"tag-ciencia","14":"tag-es","15":"tag-espana","16":"tag-featured-news","17":"tag-featurednews","18":"tag-genetica","19":"tag-gines-morata","20":"tag-headlines","21":"tag-latest-news","22":"tag-latestnews","23":"tag-madrid","24":"tag-news","25":"tag-noticias","26":"tag-noticias-destacadas","27":"tag-noticiasdestacadas","28":"tag-obituarios","29":"tag-santiago-ramon-y-cajal","30":"tag-severo-ochoa","31":"tag-spain","32":"tag-titulares","33":"tag-ultimas-noticias","34":"tag-ultimasnoticias"},"share_on_mastodon":{"url":"https:\/\/pubeurope.com\/@es\/115535220764668101","error":""},"_links":{"self":[{"href":"https:\/\/www.europesays.com\/es\/wp-json\/wp\/v2\/posts\/231659","targetHints":{"allow":["GET"]}}],"collection":[{"href":"https:\/\/www.europesays.com\/es\/wp-json\/wp\/v2\/posts"}],"about":[{"href":"https:\/\/www.europesays.com\/es\/wp-json\/wp\/v2\/types\/post"}],"author":[{"embeddable":true,"href":"https:\/\/www.europesays.com\/es\/wp-json\/wp\/v2\/users\/2"}],"replies":[{"embeddable":true,"href":"https:\/\/www.europesays.com\/es\/wp-json\/wp\/v2\/comments?post=231659"}],"version-history":[{"count":0,"href":"https:\/\/www.europesays.com\/es\/wp-json\/wp\/v2\/posts\/231659\/revisions"}],"wp:featuredmedia":[{"embeddable":true,"href":"https:\/\/www.europesays.com\/es\/wp-json\/wp\/v2\/media\/231660"}],"wp:attachment":[{"href":"https:\/\/www.europesays.com\/es\/wp-json\/wp\/v2\/media?parent=231659"}],"wp:term":[{"taxonomy":"category","embeddable":true,"href":"https:\/\/www.europesays.com\/es\/wp-json\/wp\/v2\/categories?post=231659"},{"taxonomy":"post_tag","embeddable":true,"href":"https:\/\/www.europesays.com\/es\/wp-json\/wp\/v2\/tags?post=231659"}],"curies":[{"name":"wp","href":"https:\/\/api.w.org\/{rel}","templated":true}]}}