{"id":231713,"date":"2025-11-12T06:56:08","date_gmt":"2025-11-12T06:56:08","guid":{"rendered":"https:\/\/www.europesays.com\/es\/231713\/"},"modified":"2025-11-12T06:56:08","modified_gmt":"2025-11-12T06:56:08","slug":"el-cierre-de-las-pistas-municipales-de-tenis-enfrenta-al-club-y-al-ayuntamiento","status":"publish","type":"post","link":"https:\/\/www.europesays.com\/es\/231713\/","title":{"rendered":"El cierre de las pistas municipales de tenis enfrenta al club y al ayuntamiento"},"content":{"rendered":"<p>El <strong>Ajuntament de Dei\u00e0<\/strong> ha ordenado el <strong>cierre de las pistas municipales de tenis<\/strong>, tras caducar el convenio con el <strong>Club de Tenis Dei\u00e0<\/strong>, lo que ha provocado malestar entre los usuarios y ha reavivado el debate sobre la gesti\u00f3n de las instalaciones deportivas del municipio. El club denuncia que la decisi\u00f3n se ha tomado \u00ab<strong>sin informe t\u00e9cnico ni motivaci\u00f3n suficiente<\/strong>\u00bb y sin ofrecer alternativas para los cerca de 130 vecinos que practican tenis de forma regular, incluidos menores. Aseguran que hab\u00edan solicitado en tres ocasiones la renovaci\u00f3n del convenio, sin recibir respuesta, y consideran que la falta de contestaci\u00f3n supone un silencio administrativo que no justifica la rescisi\u00f3n.<\/p>\n<p>En su comunicado, el club lamenta adem\u00e1s el deterioro progresivo de la instalaci\u00f3n, que \u2014seg\u00fan afirman\u2014 carece de mantenimiento adecuado y de servicios higi\u00e9nicos en condiciones, y reprocha al ayuntamiento no haber ejecutado los fondos previstos para mejorar la pista desde <strong>2021<\/strong>. La entidad, que en los \u00faltimos a\u00f1os ha reactivado la actividad federativa y vecinal, interpreta el cierre como una decisi\u00f3n arbitraria que pone en riesgo la continuidad del deporte de base en el municipio.<\/p>\n<p>El alcalde, Joan Ripoll, niega estas acusaciones y sostiene que el cierre responde a motivos de seguridad y regularizaci\u00f3n administrativa. Asegura que la medida fue recomendada por los t\u00e9cnicos municipales despu\u00e9s de recibir una amenaza de denuncia por parte del Club sobre el mal estado de la instalaci\u00f3n y la falta de un reglamento de uso actualizado. \u00ab<strong>No hay ning\u00fan contrato en vigor; era un convenio de colaboraci\u00f3n. <\/strong><strong>Ante una posible denuncia, el Ajuntament es el responsable y por eso hemos optado por un cierre temporal mientras se aprueba un nuevo reglamento<\/strong>\u00bb, explic\u00f3 el alcalde.<\/p>\n<p>Ripoll afirma que el consistorio \u00ab<strong>apuesta por el deporte<\/strong>\u00bb y anuncia que ya se trabaja en un borrador del nuevo reglamento para reabrir cuanto antes las instalaciones de tenis.<\/p>\n","protected":false},"excerpt":{"rendered":"El Ajuntament de Dei\u00e0 ha ordenado el cierre de las pistas municipales de tenis, tras caducar el convenio&hellip;\n","protected":false},"author":2,"featured_media":231714,"comment_status":"","ping_status":"","sticky":false,"template":"","format":"standard","meta":{"footnotes":""},"categories":[274],"tags":[168,25,24,1528,1527,23,167,327,326,1529,21],"class_list":{"0":"post-231713","1":"post","2":"type-post","3":"status-publish","4":"format-standard","5":"has-post-thumbnail","7":"category-tenis","8":"tag-deportes","9":"tag-es","10":"tag-espana","11":"tag-municipios-de-mallorca","12":"tag-part-forana","13":"tag-spain","14":"tag-sports","15":"tag-tenis","16":"tag-tennis","17":"tag-ultima-hora","18":"tag-ultimas-noticias"},"share_on_mastodon":{"url":"https:\/\/pubeurope.com\/@es\/115535425331949721","error":""},"_links":{"self":[{"href":"https:\/\/www.europesays.com\/es\/wp-json\/wp\/v2\/posts\/231713","targetHints":{"allow":["GET"]}}],"collection":[{"href":"https:\/\/www.europesays.com\/es\/wp-json\/wp\/v2\/posts"}],"about":[{"href":"https:\/\/www.europesays.com\/es\/wp-json\/wp\/v2\/types\/post"}],"author":[{"embeddable":true,"href":"https:\/\/www.europesays.com\/es\/wp-json\/wp\/v2\/users\/2"}],"replies":[{"embeddable":true,"href":"https:\/\/www.europesays.com\/es\/wp-json\/wp\/v2\/comments?post=231713"}],"version-history":[{"count":0,"href":"https:\/\/www.europesays.com\/es\/wp-json\/wp\/v2\/posts\/231713\/revisions"}],"wp:featuredmedia":[{"embeddable":true,"href":"https:\/\/www.europesays.com\/es\/wp-json\/wp\/v2\/media\/231714"}],"wp:attachment":[{"href":"https:\/\/www.europesays.com\/es\/wp-json\/wp\/v2\/media?parent=231713"}],"wp:term":[{"taxonomy":"category","embeddable":true,"href":"https:\/\/www.europesays.com\/es\/wp-json\/wp\/v2\/categories?post=231713"},{"taxonomy":"post_tag","embeddable":true,"href":"https:\/\/www.europesays.com\/es\/wp-json\/wp\/v2\/tags?post=231713"}],"curies":[{"name":"wp","href":"https:\/\/api.w.org\/{rel}","templated":true}]}}