{"id":231715,"date":"2025-11-12T06:57:14","date_gmt":"2025-11-12T06:57:14","guid":{"rendered":"https:\/\/www.europesays.com\/es\/231715\/"},"modified":"2025-11-12T06:57:14","modified_gmt":"2025-11-12T06:57:14","slug":"la-salmantina-vega-iglesias-lidera-la-copa-de-espana-de-pista","status":"publish","type":"post","link":"https:\/\/www.europesays.com\/es\/231715\/","title":{"rendered":"La salmantina Vega Iglesias lidera la Copa de Espa\u00f1a de Pista"},"content":{"rendered":"<p class=\"paragraph-atom &#10;        A-500-300-700-N A-550-300-700-N--md  \">Las corredoras del <strong>Mirat Team<\/strong> han protagonizado un fin de semana espectacular, sumando importantes victorias en la Copa de Espa\u00f1a de Pista y cosechando valiosa experiencia a nivel continental en la disciplina de Ciclocross (Cx).<\/p>\n<p class=\"paragraph-atom &#10;        A-500-300-700-N A-550-300-700-N--md  \">La primera prueba de la <strong>Copa de Espa\u00f1a de Pista<\/strong> reuni\u00f3 a tres representantes del equipo en categor\u00edas inferiores. La cadete salmantina <strong>Vega Iglesias<\/strong> fue la gran destacada en las pruebas de velocidad, demostrando un dominio absoluto. Marc\u00f3 el mejor tiempo en el 200 y se impuso con autoridad en la final y repiti\u00f3 triunfo tras ganar todas las mangas.<\/p>\n<p class=\"paragraph-atom &#10;        A-500-300-700-N A-550-300-700-N--md  \">Con este doblete, Vega Iglesias se convierte en la <strong>primera l\u00edder de la Copa de Espa\u00f1a en la modalidad de velocidad<\/strong>. Su compa\u00f1era cadete, <strong>Aitana Serrano<\/strong>, tambi\u00e9n firm\u00f3 una buena actuaci\u00f3n, finalizando en el Top 10 en las pruebas de fondo.<\/p>\n<p class=\"paragraph-atom &#10;        A-500-300-700-N A-550-300-700-N--md  \">En categor\u00eda j\u00fanior, <strong>Adriana Vargas<\/strong> se impuso en la prueba de <strong>Scratch<\/strong>. Pese a la cancelaci\u00f3n de la eliminaci\u00f3n y un resultado adverso en puntuaci\u00f3n, la corredora del Mirat se mantiene en la lucha por el liderato, ocupando una s\u00f3lida <strong>segunda posici\u00f3n<\/strong> en la clasificaci\u00f3n general de la Copa de Pista.<\/p>\n<p class=\"paragraph-atom &#10;        A-500-300-700-N A-550-300-700-N--md  \">El fin de semana comenz\u00f3 con el debut de la j\u00fanior <strong>Carla Ba\u00f1uls<\/strong> en su primer <strong>Campeonato de Europa de Ciclocross<\/strong> en B\u00e9lgica. A pesar de partir desde las \u00faltimas posiciones, Ba\u00f1uls demostr\u00f3 una gran capacidad de lucha y consigui\u00f3 realizar una importante remontada, <strong>rozando el Top 20<\/strong> en la prestigiosa competici\u00f3n continental. Su actuaci\u00f3n es un excelente indicador de su r\u00e1pida adaptaci\u00f3n a la categor\u00eda j\u00fanior.<\/p>\n<p class=\"paragraph-atom &#10;        A-500-300-700-N A-550-300-700-N--md  \">La racha de triunfos del equipo se extendi\u00f3 al domingo, cuando <strong>Laura Solares<\/strong> logr\u00f3 una nueva victoria en el <strong>Ciclocross Internacional de Ormaiztegi<\/strong>. Este triunfo llega justo despu\u00e9s de su victoria de la semana pasada en la Copa de Espa\u00f1a, confirmando su excelente estado de forma. Adem\u00e1s, <strong>Laida Alzola<\/strong> hizo un prometedor estreno en la categor\u00eda Sub-23, finalizando en la <strong>tercera posici\u00f3n<\/strong> del CX de Elgoibar.<\/p>\n","protected":false},"excerpt":{"rendered":"Las corredoras del Mirat Team han protagonizado un fin de semana espectacular, sumando importantes victorias en la Copa&hellip;\n","protected":false},"author":2,"featured_media":231716,"comment_status":"","ping_status":"","sticky":false,"template":"","format":"standard","meta":{"footnotes":""},"categories":[273],"tags":[313,2493,312,168,25,24,7534,2289,36848,23,167,8932],"class_list":{"0":"post-231715","1":"post","2":"type-post","3":"status-publish","4":"format-standard","5":"has-post-thumbnail","7":"category-ciclismo","8":"tag-ciclismo","9":"tag-copa","10":"tag-cycling","11":"tag-deportes","12":"tag-es","13":"tag-espana","14":"tag-iglesias","15":"tag-lidera","16":"tag-salmantina","17":"tag-spain","18":"tag-sports","19":"tag-vega"},"share_on_mastodon":{"url":"https:\/\/pubeurope.com\/@es\/115535429206910032","error":""},"_links":{"self":[{"href":"https:\/\/www.europesays.com\/es\/wp-json\/wp\/v2\/posts\/231715","targetHints":{"allow":["GET"]}}],"collection":[{"href":"https:\/\/www.europesays.com\/es\/wp-json\/wp\/v2\/posts"}],"about":[{"href":"https:\/\/www.europesays.com\/es\/wp-json\/wp\/v2\/types\/post"}],"author":[{"embeddable":true,"href":"https:\/\/www.europesays.com\/es\/wp-json\/wp\/v2\/users\/2"}],"replies":[{"embeddable":true,"href":"https:\/\/www.europesays.com\/es\/wp-json\/wp\/v2\/comments?post=231715"}],"version-history":[{"count":0,"href":"https:\/\/www.europesays.com\/es\/wp-json\/wp\/v2\/posts\/231715\/revisions"}],"wp:featuredmedia":[{"embeddable":true,"href":"https:\/\/www.europesays.com\/es\/wp-json\/wp\/v2\/media\/231716"}],"wp:attachment":[{"href":"https:\/\/www.europesays.com\/es\/wp-json\/wp\/v2\/media?parent=231715"}],"wp:term":[{"taxonomy":"category","embeddable":true,"href":"https:\/\/www.europesays.com\/es\/wp-json\/wp\/v2\/categories?post=231715"},{"taxonomy":"post_tag","embeddable":true,"href":"https:\/\/www.europesays.com\/es\/wp-json\/wp\/v2\/tags?post=231715"}],"curies":[{"name":"wp","href":"https:\/\/api.w.org\/{rel}","templated":true}]}}