{"id":231717,"date":"2025-11-12T07:01:20","date_gmt":"2025-11-12T07:01:20","guid":{"rendered":"https:\/\/www.europesays.com\/es\/231717\/"},"modified":"2025-11-12T07:01:20","modified_gmt":"2025-11-12T07:01:20","slug":"jodra-suspira-ya-por-tener-a-sus-torres-gemelas-en-es-castell","status":"publish","type":"post","link":"https:\/\/www.europesays.com\/es\/231717\/","title":{"rendered":"Jodra suspira ya por tener a sus torres gemelas en Es Castell"},"content":{"rendered":"<p>La orfandad en la pintura del <strong>Sa Tintina <a href=\"https:\/\/www.menorca.info\/etiqueta\/CB+Es+Castell.html?utm_source=Inline-tag&amp;utm_medium=internal\" rel=\"nofollow noopener\" target=\"_blank\">CB Es Castell<\/a> de la Tercera FEB<\/strong> parece tener ya las semanas contadas, para bien del preparador catal\u00e1n, Ra\u00fal Jodra, y de los \u2018cuatros\u2019 del equipo que deben multiplicarse en la zona, sobre todo en defensa y rebota y tambi\u00e9n en el ataque est\u00e1tico. Y es que tanto el corpulento interior senegal\u00e9s de 203 cent\u00edmetros, <strong>El Hadji Diahame Doudou<\/strong>\u2013 formado en las filas del Monbus Obradoiro y cuya llegada ya la intuy\u00f3 este diario a finales de agosto\u2013, como el tambi\u00e9n \u2018cinco\u2019 f\u00edsico, <strong>Jules Ndoye<\/strong>\u2013 renovado de nuevo en Es Castell para esta campa\u00f1a 2025-26\u2013, parece que e<strong>ncaran definitivamente sus entradas a pista.<\/strong><\/p>\n<p>Despu\u00e9s de muchas sesiones de entrenamiento y de seis jornadas ya sin poder colocar a\u00fan Jodra en su pizarra ni a Diahame ni a Ndoye, todo indica que <strong>ambos encaran la recta final para vestirse con la zamarra menorquina<\/strong>. El primero, como un gran fichaje de Es Castell, despu\u00e9s que logre al fin solucionar los problemas burocr\u00e1ticos que ha tenido que sufrir en primera persona desde su pa\u00eds, hasta poder tenerlo ya todo en regla para recalar en Espa\u00f1a. Y el segundo y como ya nos mostr\u00f3 hace unos d\u00edas en sus redes sociales, ultimando ya su puesta a punto tras sus problemas f\u00edsicos.<\/p>\n<p>La situaci\u00f3n de ambos<\/p>\n<p>\u00abRealmente lo de El Hadji ha sido un problema con un papel en la embajada espa\u00f1ola y se nos ha demorado todo un mes m\u00e1s. De hecho, la propia embajada nos reconoci\u00f3 su propio error pero en fin, <strong>las cosas vienen como vienen y en el club las hemos afrontado y punto<\/strong>\u00bb, aseguraba el director t\u00e9cnico de la entidad de Es Castell, Dani Sastre.<\/p>\n<p>En cuanto a su llegada a la Isla bromeaba el dirigente que \u00ablo espero ayer. No me quiero aventurar a una fecha y espero que sea pronto pero bueno, pese a que se notan las ausencias suya y de Ndoye, el equipo est\u00e1 fuerte ahora\u00bb, exclamaba Sastre, siempre y a diario en contacto permanente con Jodra. \u00abEs m\u00e1s, desde Senegal, El Hadji ya tiene un plan de trabajo de nuestro cuerpo t\u00e9cnico para que cuando llegue a Menorca no venga de cero l\u00f3gicamente\u00bb.<\/p>\n<p>Diferente es el caso de la otra gran ausencia en la pintura del Tercera FEB menorqu\u00edn; la del interior, Jules Ndoye, que lleva ya varias semanas alejado de las pistas. El mismo Dani Sastre nos detallaba ayer que su p\u00edvot sufre unas calcificaciones, que son algo cr\u00f3nico, \u00abadem\u00e1s de unos \u2018problemillas\u2019 en el tend\u00f3n. En principio y si va todo sobre lo previsto, en unas tres semanas deber\u00eda estar ya de vuelta. Justo a inicios de diciembre\u00bb, avanza el director t\u00e9cnico, quien tambi\u00e9n confirm\u00f3 que el base mahon\u00e9s, Xavi Hern\u00e1ndez, est\u00e1 ya totalmente recuperado del rodillazo sufrido hace dos semanas en Barcelona, en la pista del SESE.<\/p>\n<p>                        Los 2\u2019:46\u2019\u2019 ante el SESE, en el viaje frente al Prat<\/p>\n","protected":false},"excerpt":{"rendered":"La orfandad en la pintura del Sa Tintina CB Es Castell de la Tercera FEB parece tener ya&hellip;\n","protected":false},"author":2,"featured_media":231718,"comment_status":"","ping_status":"","sticky":false,"template":"","format":"standard","meta":{"footnotes":""},"categories":[269],"tags":[299,298,12268,168,25,24,12269,23,167],"class_list":{"0":"post-231717","1":"post","2":"type-post","3":"status-publish","4":"format-standard","5":"has-post-thumbnail","7":"category-baloncesto","8":"tag-baloncesto","9":"tag-basketball","10":"tag-cb-es-castell","11":"tag-deportes","12":"tag-es","13":"tag-espana","14":"tag-sa-tintina-es-castell","15":"tag-spain","16":"tag-sports"},"share_on_mastodon":{"url":"https:\/\/pubeurope.com\/@es\/115535444920965172","error":""},"_links":{"self":[{"href":"https:\/\/www.europesays.com\/es\/wp-json\/wp\/v2\/posts\/231717","targetHints":{"allow":["GET"]}}],"collection":[{"href":"https:\/\/www.europesays.com\/es\/wp-json\/wp\/v2\/posts"}],"about":[{"href":"https:\/\/www.europesays.com\/es\/wp-json\/wp\/v2\/types\/post"}],"author":[{"embeddable":true,"href":"https:\/\/www.europesays.com\/es\/wp-json\/wp\/v2\/users\/2"}],"replies":[{"embeddable":true,"href":"https:\/\/www.europesays.com\/es\/wp-json\/wp\/v2\/comments?post=231717"}],"version-history":[{"count":0,"href":"https:\/\/www.europesays.com\/es\/wp-json\/wp\/v2\/posts\/231717\/revisions"}],"wp:featuredmedia":[{"embeddable":true,"href":"https:\/\/www.europesays.com\/es\/wp-json\/wp\/v2\/media\/231718"}],"wp:attachment":[{"href":"https:\/\/www.europesays.com\/es\/wp-json\/wp\/v2\/media?parent=231717"}],"wp:term":[{"taxonomy":"category","embeddable":true,"href":"https:\/\/www.europesays.com\/es\/wp-json\/wp\/v2\/categories?post=231717"},{"taxonomy":"post_tag","embeddable":true,"href":"https:\/\/www.europesays.com\/es\/wp-json\/wp\/v2\/tags?post=231717"}],"curies":[{"name":"wp","href":"https:\/\/api.w.org\/{rel}","templated":true}]}}