{"id":231723,"date":"2025-11-12T07:04:08","date_gmt":"2025-11-12T07:04:08","guid":{"rendered":"https:\/\/www.europesays.com\/es\/231723\/"},"modified":"2025-11-12T07:04:08","modified_gmt":"2025-11-12T07:04:08","slug":"pereda-perez-arquitectos-la-firma-que-ha-ganado-el-concurso-para-resignificar-el-valle-de-los-caidos","status":"publish","type":"post","link":"https:\/\/www.europesays.com\/es\/231723\/","title":{"rendered":"Pereda- P\u00e9rez Arquitectos, la firma que ha ganado el concurso para \u00abresignificar\u00bb el Valle de los Ca\u00eddos"},"content":{"rendered":"<p class=\"paragraph\">El proyecto \u00abLa base y la cruz\u00bb, de <b>Pereda P\u00e9rez Arquitectos y Lignum S.L<\/b>. ha resultado el ganador del Concurso Internacional para la \u00abresignificaci\u00f3n\u00bb del Valle de los Ca\u00eddos (renombrado como Valle de Cuelgamuros tras la aplicaci\u00f3n de la autodenominada Ley de Memoria Democr\u00e1tica). A trav\u00e9s de una \u00abgran grieta\u00bb y un \u00abc\u00edrculo abierto al cielo\u00bb transformar\u00e1 la fisonom\u00eda de este lugar para acoger un \u00abcentro de interpretaci\u00f3n\u00bb para explicar su historia a los visitantes.<\/p>\n<p class=\"paragraph\">El estudio fue fundado en enero de 2005 en Pamplona y su actividad est\u00e1 enfocada en \u00abla pr\u00e1ctica arquitect\u00f3nica\u00bb. As\u00ed lo defiende la firma en su web. <b>Carlos Pereda<\/b> y <b>\u00d3scar P\u00e9rez<\/b>, los componentes de este estudio, desarrollan tambi\u00e9n su \u00ablabor docente como profesores de proyectos arquitect\u00f3nicos en la Escuela de Arquitectura de la Universidad Polit\u00e9cnica de Madrid ETSAM y en la Universidad de Zaragoza EINA\u00bb.<\/p>\n<p class=\"paragraph\">\u00abAdem\u00e1s de en la Escuela de Arquitectura de La Salle y la ESCARQ_UIC en Barcelona as\u00ed como en diversos workshops de varias Universidades Espa\u00f1olas y Europeas\u00bb, se a\u00f1ade en su descripci\u00f3n.<\/p>\n<p class=\"paragraph\">Pereda P\u00e9rez Arquitectos y Lignum S.L gan\u00f3 en 2013 el <b>Premio de Arquitectura Espa\u00f1ola<\/b>, as\u00ed como la Menci\u00f3n <b>Especial Premio de Arquitectura Espa\u00f1ola<\/b> en 2015. Asimismo el estudio ha sido reconocido por sus trabajos realizados con diversas distinciones entre las que destacan en dos ocasiones el Premio Bienal Espa\u00f1ola de Arquitectura y Urbanismo XII BEAU y XIII BEAU, el Premio VIII BIAU Bienal Iberoamericana de Arquitectura y Urbanismo 2012, el Premio internacional CONSTRUMAT 2013 a la innovaci\u00f3n tecnol\u00f3gica, el Premio Uni\u00f3n Europea de Patrimonio Cultural Europa Nostra, varios Premios COAVN, Premios COAR y COACYLE y COAL, \u00abas\u00ed como el Premio ENDESA 2012 a la Construcci\u00f3n no residencial m\u00e1s Sostenible en Espa\u00f1a entre otros\u00bb, recuerda la firma.<\/p>\n<p>Seleccionado por su \u00abvalent\u00eda\u00bb<\/p>\n<p class=\"paragraph\">El secretario general de Agenda Urbana, <b>I\u00f1aqui Carnicero<\/b>, ha indicado que la propuesta ganadora para la \u00abresignificaci\u00f3n\u00bb del Valle de los Ca\u00eddos ha sido seleccionada por su \u00abvalent\u00eda\u00bb a la hora de enfrentarse a la monumentalidad del conjunto existente.<\/p>\n<p class=\"paragraph\">\u00abEs un proyecto que con bastante valent\u00eda se enfrenta a la monumentalidad del conjunto existente. Propone una nueva visi\u00f3n de este conjunto monumental donde se definen los l\u00edmites, donde se da m\u00e1s protagonismo a la naturaleza, hacia la arquitectura y donde se rompe la axialidad que tanto hab\u00eda caracterizado este monumento para producir una gran sombra, una gran grieta que facilita el encuentro, que invita al <b>di\u00e1logo <\/b>y que invita a una visi\u00f3n m\u00e1s <b>plural<\/b>, m\u00e1s <b>democr\u00e1tica<\/b>, donde se incluyan muchas perspectivas\u00bb, ha asegurado.<\/p>\n<p class=\"paragraph\">Igualmente, ha expuesto que se eliminar\u00e1n las escalinatas y que, a trav\u00e9s de una \u00ab<b>gran losa<\/b>\u00bb, el p\u00fablico acceder\u00e1 a un c\u00edrculo \u00ababierto al cielo\u00bb que permitir\u00e1 \u00abreorganizar las circulaciones\u00bb. Desde el mismo, se entrar\u00e1 al interior de la bas\u00edlica, a la que se le realizar\u00e1n \u00abintervenciones m\u00ednimas\u00bb.<\/p>\n","protected":false},"excerpt":{"rendered":"El proyecto \u00abLa base y la cruz\u00bb, de Pereda P\u00e9rez Arquitectos y Lignum S.L. ha resultado el ganador&hellip;\n","protected":false},"author":2,"featured_media":231724,"comment_status":"","ping_status":"","sticky":false,"template":"","format":"standard","meta":{"footnotes":""},"categories":[173],"tags":[229,233,231,230,232,234,146,147,25,24,23],"class_list":{"0":"post-231723","1":"post","2":"type-post","3":"status-publish","4":"format-standard","5":"has-post-thumbnail","7":"category-arte-y-diseno","8":"tag-arte","9":"tag-arte-y-diseno","10":"tag-arts","11":"tag-arts-and-design","12":"tag-design","13":"tag-diseno","14":"tag-entertainment","15":"tag-entretenimiento","16":"tag-es","17":"tag-espana","18":"tag-spain"},"share_on_mastodon":{"url":"https:\/\/pubeurope.com\/@es\/115535456712602625","error":""},"_links":{"self":[{"href":"https:\/\/www.europesays.com\/es\/wp-json\/wp\/v2\/posts\/231723","targetHints":{"allow":["GET"]}}],"collection":[{"href":"https:\/\/www.europesays.com\/es\/wp-json\/wp\/v2\/posts"}],"about":[{"href":"https:\/\/www.europesays.com\/es\/wp-json\/wp\/v2\/types\/post"}],"author":[{"embeddable":true,"href":"https:\/\/www.europesays.com\/es\/wp-json\/wp\/v2\/users\/2"}],"replies":[{"embeddable":true,"href":"https:\/\/www.europesays.com\/es\/wp-json\/wp\/v2\/comments?post=231723"}],"version-history":[{"count":0,"href":"https:\/\/www.europesays.com\/es\/wp-json\/wp\/v2\/posts\/231723\/revisions"}],"wp:featuredmedia":[{"embeddable":true,"href":"https:\/\/www.europesays.com\/es\/wp-json\/wp\/v2\/media\/231724"}],"wp:attachment":[{"href":"https:\/\/www.europesays.com\/es\/wp-json\/wp\/v2\/media?parent=231723"}],"wp:term":[{"taxonomy":"category","embeddable":true,"href":"https:\/\/www.europesays.com\/es\/wp-json\/wp\/v2\/categories?post=231723"},{"taxonomy":"post_tag","embeddable":true,"href":"https:\/\/www.europesays.com\/es\/wp-json\/wp\/v2\/tags?post=231723"}],"curies":[{"name":"wp","href":"https:\/\/api.w.org\/{rel}","templated":true}]}}