{"id":231729,"date":"2025-11-12T07:10:11","date_gmt":"2025-11-12T07:10:11","guid":{"rendered":"https:\/\/www.europesays.com\/es\/231729\/"},"modified":"2025-11-12T07:10:11","modified_gmt":"2025-11-12T07:10:11","slug":"no-le-pido-perdon-a-jenni-hermoso","status":"publish","type":"post","link":"https:\/\/www.europesays.com\/es\/231729\/","title":{"rendered":"\u00abNo le pido perd\u00f3n a Jenni Hermoso\u00bb"},"content":{"rendered":"<p style=\"\"><strong>Luis Rubiales<\/strong> vuelve a escena. Nueve meses despu\u00e9s de ser condenado por agresi\u00f3n sexual y multado con 10.800 euros por el beso no consentido a Jenni Hermoso, el expresidente de la Federaci\u00f3n Espa\u00f1ola de F\u00fatbol ofreci\u00f3 sus primeras explicaciones tras la sentencia.<\/p>\n<p style=\"\">En  &#8230; una entrevista concedida a &#8216;El Chiringuito de Jugones&#8217;, el granadino se present\u00f3 como una v\u00edctima por todo lo vivido durante los meses posteriores al episodio ocurrido en la celebraci\u00f3n por la consecuci\u00f3n del Mundial femenino. \u00abFue desacertado, pero de ah\u00ed a todo lo que se ha montado de manera desorbitada y distorsionada&#8230;\u00bb, sostuvo.<\/p>\n<p class=\"voc-p\" style=\"\">Tras confirmar que recurrir\u00e1 la sentencia al considerar que no existi\u00f3 una agresi\u00f3n sexual, carg\u00f3 con dureza contra la futbolista madrile\u00f1a. \u00ab<strong>No le pido perd\u00f3n a Jenni Hermoso<\/strong>. Yo le pregunt\u00e9 y ella dijo &#8216;vale&#8217;\u00bb, a lo que a\u00f1adi\u00f3 que, aunque la sentencia confirme el delito cometido por Rubiales, ambos protagonistas saben que no es as\u00ed.<\/p>\n<p class=\"voc-p\" style=\"\">\u00abJenni y yo sabemos que eso no es as\u00ed. Yo no voy a cambiar mi primer testimonio como hizo Jenni. Es una persona madura de 33 a\u00f1os que no ha tenido un cambio de opini\u00f3n, <strong>ha tenido un cambio de versi\u00f3n de manera interesada<\/strong>\u00bb, unos intereses que explic\u00f3 a partir de la pol\u00edtica.<\/p>\n<p class=\"voc-p\" style=\"\">\u00abLo que vi es un movimiento de la extrema izquierda, con unos intereses dirigidos. Fue un cambio de guion inmediato para ir a por m\u00ed, <strong>una cortina de humo<\/strong>\u00bb con, seg\u00fan Rubiales, el objetivo de ocultar el pacto de Pedro S\u00e1nchez con los independentistas por la amnist\u00eda a cambio de su investidura. <\/p>\n<p class=\"voc-p\" style=\"\">Adem\u00e1s, \u00abcon esa hipocres\u00eda de elevar a la en\u00e9sima potencia una cuesti\u00f3n menor cuando luego tapan lo que pasa dentro\u00bb, por lo que carg\u00f3 contra Yolanda D\u00edaz por el caso \u00cd\u00f1igo Errej\u00f3n y contra Irene Montero por permitir que \u00abvioladores salgan a la calle\u00bb.<\/p>\n<p class=\"voc-p\" style=\"\">A pesar de la cacer\u00eda de la que Rubiales se siente v\u00edctima, el dirigente se mantuvo al frente de la RFEF hasta la intervenci\u00f3n de la FIFA, posterior a la asamblea de la Federaci\u00f3n en la que se neg\u00f3 a dimitir. \u00abEsto se ha acabado, estoy muerto, lo asumo. Hay dos maneras de morir, una pacifica y otra luchar. <strong>Esto no es una agresi\u00f3n sexual y yo voy a pelear hasta el final<\/strong>\u00bb, fue el razonamiento del exdirigente.<\/p>\n<p class=\"voc-p\" style=\"\">El granadino, que este jueves presenta su libro &#8216;<strong>Matar a Rubiales<\/strong>&#8216;, una frase que acu\u00f1a a Javier Tebas como ejemplo de la operaci\u00f3n en su contra, tuvo palabras diferentes hacia dos miembros actuales de la RFEF como son su presidente y el seleccionador. Sobre Louz\u00e1n, sostuvo que d\u00edas despu\u00e9s de lo ocurrido en S\u00eddney, le escribi\u00f3 para transmitirle su apoyo. \u00abDespu\u00e9s ha dicho cosas diferentes, pero ha mentido claramente\u00bb.<\/p>\n<p class=\"voc-p\" style=\"\">Mientras que de Luis de la Fuente se limit\u00f3 a deslizar de manera velada que el t\u00e9cnico fue uno de los que m\u00e1s vehementes se mostr\u00f3 en su apoyo antes de la asamblea. \u00abA nivel personal sabe lo que ha dado, sabe que yo habr\u00eda actuado de otra manera, pero eso es algo entre \u00e9l y yo. Antes de la asamblea en mi despacho hab\u00eda siete u ocho personas criticando como se pod\u00eda modificar el relato, hacia ese feminismo que trat\u00f3 de crear una realidad paralela. Hab\u00eda algunos muy vehementes, <strong>L<\/strong><strong>uis y yo lo sabemos<\/strong>\u00bb, sentenci\u00f3.<\/p>\n","protected":false},"excerpt":{"rendered":"Luis Rubiales vuelve a escena. Nueve meses despu\u00e9s de ser condenado por agresi\u00f3n sexual y multado con 10.800&hellip;\n","protected":false},"author":2,"featured_media":231730,"comment_status":"","ping_status":"","sticky":false,"template":"","format":"standard","meta":{"footnotes":""},"categories":[93],"tags":[168,6143,25,24,5980,5979,5821,46529,60555,51354,23,167,14272],"class_list":{"0":"post-231729","1":"post","2":"type-post","3":"status-publish","4":"format-standard","5":"has-post-thumbnail","7":"category-deportes","8":"tag-deportes","9":"tag-dijo","10":"tag-es","11":"tag-espana","12":"tag-hermoso","13":"tag-jenni","14":"tag-perdon","15":"tag-pido","16":"tag-pregunte","17":"tag-rubiales","18":"tag-spain","19":"tag-sports","20":"tag-vale"},"share_on_mastodon":{"url":"","error":""},"_links":{"self":[{"href":"https:\/\/www.europesays.com\/es\/wp-json\/wp\/v2\/posts\/231729","targetHints":{"allow":["GET"]}}],"collection":[{"href":"https:\/\/www.europesays.com\/es\/wp-json\/wp\/v2\/posts"}],"about":[{"href":"https:\/\/www.europesays.com\/es\/wp-json\/wp\/v2\/types\/post"}],"author":[{"embeddable":true,"href":"https:\/\/www.europesays.com\/es\/wp-json\/wp\/v2\/users\/2"}],"replies":[{"embeddable":true,"href":"https:\/\/www.europesays.com\/es\/wp-json\/wp\/v2\/comments?post=231729"}],"version-history":[{"count":0,"href":"https:\/\/www.europesays.com\/es\/wp-json\/wp\/v2\/posts\/231729\/revisions"}],"wp:featuredmedia":[{"embeddable":true,"href":"https:\/\/www.europesays.com\/es\/wp-json\/wp\/v2\/media\/231730"}],"wp:attachment":[{"href":"https:\/\/www.europesays.com\/es\/wp-json\/wp\/v2\/media?parent=231729"}],"wp:term":[{"taxonomy":"category","embeddable":true,"href":"https:\/\/www.europesays.com\/es\/wp-json\/wp\/v2\/categories?post=231729"},{"taxonomy":"post_tag","embeddable":true,"href":"https:\/\/www.europesays.com\/es\/wp-json\/wp\/v2\/tags?post=231729"}],"curies":[{"name":"wp","href":"https:\/\/api.w.org\/{rel}","templated":true}]}}