{"id":231734,"date":"2025-11-12T07:15:13","date_gmt":"2025-11-12T07:15:13","guid":{"rendered":"https:\/\/www.europesays.com\/es\/231734\/"},"modified":"2025-11-12T07:15:13","modified_gmt":"2025-11-12T07:15:13","slug":"venezuela-despliega-a-200-000-militares-tras-el-despliegue-del-portaaviones-mas-grande-de-ee-uu","status":"publish","type":"post","link":"https:\/\/www.europesays.com\/es\/231734\/","title":{"rendered":"Venezuela despliega a 200.000 militares tras el despliegue del portaaviones m\u00e1s grande de EE.UU."},"content":{"rendered":"<p>  Por&amp;nbsp<a href=\"https:\/\/es.euronews.com\/perfiles\/2828\" rel=\"nofollow noopener\" target=\"_blank\">Christina Thykjaer<\/a><\/p>\n<p>\n                    Publicado                 11\/11\/2025 &#8211; 20:07 CET<br \/>\n                \u2022Ultima actualizaci\u00f3n<br \/>\n                                     12\/11\/2025 &#8211; 7:35 CET\n                                        <\/p>\n<p>El Ej\u00e9rcito venezolano orden\u00f3 el martes <strong>un despliegue \u00abmasivo\u00bb de unos 200.000 militares<\/strong> en todos los estados del pa\u00eds, que participar\u00e1n en unos ejercicios de preparaci\u00f3n para hacer frente a las \u00abamenazas imperiales\u00bb de Estados Unidos, seg\u00fan un comunicado publicado por el Ministerio de Defensa de Venezuela.<\/p>\n<p>La decisi\u00f3n llega el mismo d\u00eda en que el presidente estadounidense, <strong>Donald Trump<\/strong>, <strong>despliega el portaaviones<\/strong> m\u00e1s grande de Estados Unidos, el<a href=\"https:\/\/es.euronews.com\/2025\/10\/24\/eeuu-despliega-su-mayor-portaaviones-en-el-caribe-en-plena-escalada-con-venezuela\" rel=\"nofollow noopener\" target=\"_blank\"><strong>USS Gerald R. Ford<\/strong><\/a> <strong>en Latinoam\u00e9rica<\/strong>, en medio de las crecientes tensiones entre ambos pa\u00edses. <\/p>\n<p>Desde finales de agosto, las Fuerzas Armadas de Estados Unidos han llevado a cabo <strong>una serie de ataques<\/strong> para, supuestamente, <a href=\"https:\/\/es.euronews.com\/2025\/11\/07\/eeuu-acaba-con-otra-lancha-en-el-caribe-por-supuesto-narcotrafico-3-muertos\" rel=\"nofollow noopener\" target=\"_blank\">frenar el narcotr\u00e1fico proveniente de Colombia y Venezuela<\/a>. Los operativos estadounidenses han dejado, seg\u00fan Washington, 75 fallecidos y una veintena de embarcaciones destruidas. <\/p>\n<p>Desde Caracas aseguran que los ataques forman parte de <a href=\"https:\/\/es.euronews.com\/2025\/10\/29\/eeuu-intento-capturar-a-nicolas-maduro-sobornando-a-su-piloto\" rel=\"nofollow noopener\" target=\"_blank\">un plan para \u00abderrocar\u00bb a Maduro<\/a>. \u00abSe han desplegado <strong>casi 200.000 efectivos en todo el territorio nacional<\/strong> para este ejercicio y debo decir que esto no va en desmedro del despliegue cotidiano que lleva el Comando Estrat\u00e9gico Operacional (\u2026) combatiendo con todo las dem\u00e1s amenazas\u00bb, dijo el ministro de Defensa venezolano, Vlad\u00edmir Padrino L\u00f3pez.<\/p>\n<p>El despliegue, que incluye <strong>medios terrestres, a\u00e9reos, navales, fluviales y misil\u00edsticos<\/strong>, comenz\u00f3 el martes a las 04:00 hora local, y terminar\u00e1 el mi\u00e9rcoles, seg\u00fan indic\u00f3 L\u00f3pez en una publicaci\u00f3n en Instagram. <\/p>\n","protected":false},"excerpt":{"rendered":"Por&amp;nbspChristina Thykjaer Publicado 11\/11\/2025 &#8211; 20:07 CET \u2022Ultima actualizaci\u00f3n 12\/11\/2025 &#8211; 7:35 CET El Ej\u00e9rcito venezolano orden\u00f3 el&hellip;\n","protected":false},"author":2,"featured_media":231735,"comment_status":"","ping_status":"","sticky":false,"template":"","format":"standard","meta":{"footnotes":""},"categories":[42],"tags":[17,18,352,629,13,14,11,61,62,63,64,19,20,7337,9,1194,10,15,16,12,21,22,1192,65,66,67],"class_list":{"0":"post-231734","1":"post","2":"type-post","3":"status-publish","4":"format-standard","5":"has-post-thumbnail","7":"category-internacional","8":"tag-breaking-news","9":"tag-breakingnews","10":"tag-donald-trump","11":"tag-estados-unidos","12":"tag-featured-news","13":"tag-featurednews","14":"tag-headlines","15":"tag-internacional","16":"tag-international","17":"tag-international-news","18":"tag-internationalnews","19":"tag-latest-news","20":"tag-latestnews","21":"tag-narcotrafico","22":"tag-news","23":"tag-nicolas-maduro","24":"tag-noticias","25":"tag-noticias-destacadas","26":"tag-noticiasdestacadas","27":"tag-titulares","28":"tag-ultimas-noticias","29":"tag-ultimasnoticias","30":"tag-venezuela","31":"tag-world","32":"tag-world-news","33":"tag-worldnews"},"share_on_mastodon":{"url":"https:\/\/pubeurope.com\/@es\/115535499987533110","error":""},"_links":{"self":[{"href":"https:\/\/www.europesays.com\/es\/wp-json\/wp\/v2\/posts\/231734","targetHints":{"allow":["GET"]}}],"collection":[{"href":"https:\/\/www.europesays.com\/es\/wp-json\/wp\/v2\/posts"}],"about":[{"href":"https:\/\/www.europesays.com\/es\/wp-json\/wp\/v2\/types\/post"}],"author":[{"embeddable":true,"href":"https:\/\/www.europesays.com\/es\/wp-json\/wp\/v2\/users\/2"}],"replies":[{"embeddable":true,"href":"https:\/\/www.europesays.com\/es\/wp-json\/wp\/v2\/comments?post=231734"}],"version-history":[{"count":0,"href":"https:\/\/www.europesays.com\/es\/wp-json\/wp\/v2\/posts\/231734\/revisions"}],"wp:featuredmedia":[{"embeddable":true,"href":"https:\/\/www.europesays.com\/es\/wp-json\/wp\/v2\/media\/231735"}],"wp:attachment":[{"href":"https:\/\/www.europesays.com\/es\/wp-json\/wp\/v2\/media?parent=231734"}],"wp:term":[{"taxonomy":"category","embeddable":true,"href":"https:\/\/www.europesays.com\/es\/wp-json\/wp\/v2\/categories?post=231734"},{"taxonomy":"post_tag","embeddable":true,"href":"https:\/\/www.europesays.com\/es\/wp-json\/wp\/v2\/tags?post=231734"}],"curies":[{"name":"wp","href":"https:\/\/api.w.org\/{rel}","templated":true}]}}