{"id":231738,"date":"2025-11-12T07:21:21","date_gmt":"2025-11-12T07:21:21","guid":{"rendered":"https:\/\/www.europesays.com\/es\/231738\/"},"modified":"2025-11-12T07:21:21","modified_gmt":"2025-11-12T07:21:21","slug":"el-19-de-noviembre-comienza-el-simposio-tvrris-fortissima","status":"publish","type":"post","link":"https:\/\/www.europesays.com\/es\/231738\/","title":{"rendered":"EL 19 DE NOVIEMBRE COMIENZA EL SIMPOSIO \u00abTVRRIS FORTISSIMA\u00bb"},"content":{"rendered":"<p>Entre el 19 y el 21 de noviembre tendr\u00e1 lugar el Simposio Tvrris Fortissima, organizado por el Cabildo de la Catedral de Sevilla en colaboraci\u00f3n con la C\u00e1tedra Magna Hispalensis de Fe, Arte y Cultura de la Facultad de Teolog\u00eda San Isidoro de Sevilla. <\/p>\n<p>Este simposio se celebra tras concluir la restauraci\u00f3n de las cuatro caras de la torre, un proyecto iniciado en 2015 que se extender\u00e1 hasta 2025, antes de dar paso a nuevas fases de intervenci\u00f3n.<\/p>\n<p>El objetivo principal de estas jornadas es crear un espacio de encuentro cient\u00edfico que promueva el di\u00e1logo interdisciplinar entre destacados especialistas, como historiadores del arte, arque\u00f3logos, arquitectos y expertos en conservaci\u00f3n del patrimonio. La iniciativa busca compartir las aportaciones m\u00e1s relevantes y la informaci\u00f3n m\u00e1s actualizada sobre la Giralda almohade de Sevilla. Aunque est\u00e1 especialmente dirigido a un p\u00fablico acad\u00e9mico y especializado, tambi\u00e9n se encuentra abierto a estudiantes y personas interesadas que deseen profundizar en esta tem\u00e1tica.<\/p>\n<p>Durante tres d\u00edas, se abordar\u00e1n temas como las t\u00e9cnicas constructivas almohades, an\u00e1lisis iconogr\u00e1ficos de la decoraci\u00f3n, estudios comparativos con otros monumentos contempor\u00e1neos y aplicaciones novedosas en restauraci\u00f3n. Adem\u00e1s, los participantes acceder\u00e1n a documentaci\u00f3n in\u00e9dita, resultados t\u00e9cnicos recientes y podr\u00e1n integrarse en debates especializados para avanzar en el conocimiento de este emblem\u00e1tico s\u00edmbolo andalus\u00ed. <\/p>\n<p>Los trabajos realizados hasta ahora en la Giralda han sido reconocidos con diversos premios por su innovador enfoque en la conservaci\u00f3n del patrimonio, uniendo respeto por la tradici\u00f3n con metodolog\u00edas modernas.<\/p>\n<p> El Cabildo de la Catedral de Sevilla reitera su compromiso con la preservaci\u00f3n de su valioso patrimonio, destinando una parte significativa de su presupuesto anual a esta misi\u00f3n.<\/p>\n","protected":false},"excerpt":{"rendered":"Entre el 19 y el 21 de noviembre tendr\u00e1 lugar el Simposio Tvrris Fortissima, organizado por el Cabildo&hellip;\n","protected":false},"author":2,"featured_media":231739,"comment_status":"","ping_status":"","sticky":false,"template":"","format":"standard","meta":{"footnotes":""},"categories":[5],"tags":[17,18,3860,3861,3862,60556,3863,60557,25,24,13,14,60558,11,19,20,60559,9,10,15,16,23,12,21,22],"class_list":{"0":"post-231738","1":"post","2":"type-post","3":"status-publish","4":"format-standard","5":"has-post-thumbnail","7":"category-titulares","8":"tag-breaking-news","9":"tag-breakingnews","10":"tag-cabildo-catedral","11":"tag-cabildo-catedral-de-sevilla","12":"tag-cabildo-metropolitano","13":"tag-canonigo-d-manuel-sanchez-sanchez","14":"tag-catedral-de-sevilla","15":"tag-eduardo-martinez-moya","16":"tag-es","17":"tag-espana","18":"tag-featured-news","19":"tag-featurednews","20":"tag-giralda","21":"tag-headlines","22":"tag-latest-news","23":"tag-latestnews","24":"tag-marcelino-manzano-delegado-de-medios","25":"tag-news","26":"tag-noticias","27":"tag-noticias-destacadas","28":"tag-noticiasdestacadas","29":"tag-spain","30":"tag-titulares","31":"tag-ultimas-noticias","32":"tag-ultimasnoticias"},"share_on_mastodon":{"url":"https:\/\/pubeurope.com\/@es\/115535523493017899","error":""},"_links":{"self":[{"href":"https:\/\/www.europesays.com\/es\/wp-json\/wp\/v2\/posts\/231738","targetHints":{"allow":["GET"]}}],"collection":[{"href":"https:\/\/www.europesays.com\/es\/wp-json\/wp\/v2\/posts"}],"about":[{"href":"https:\/\/www.europesays.com\/es\/wp-json\/wp\/v2\/types\/post"}],"author":[{"embeddable":true,"href":"https:\/\/www.europesays.com\/es\/wp-json\/wp\/v2\/users\/2"}],"replies":[{"embeddable":true,"href":"https:\/\/www.europesays.com\/es\/wp-json\/wp\/v2\/comments?post=231738"}],"version-history":[{"count":0,"href":"https:\/\/www.europesays.com\/es\/wp-json\/wp\/v2\/posts\/231738\/revisions"}],"wp:featuredmedia":[{"embeddable":true,"href":"https:\/\/www.europesays.com\/es\/wp-json\/wp\/v2\/media\/231739"}],"wp:attachment":[{"href":"https:\/\/www.europesays.com\/es\/wp-json\/wp\/v2\/media?parent=231738"}],"wp:term":[{"taxonomy":"category","embeddable":true,"href":"https:\/\/www.europesays.com\/es\/wp-json\/wp\/v2\/categories?post=231738"},{"taxonomy":"post_tag","embeddable":true,"href":"https:\/\/www.europesays.com\/es\/wp-json\/wp\/v2\/tags?post=231738"}],"curies":[{"name":"wp","href":"https:\/\/api.w.org\/{rel}","templated":true}]}}