{"id":231746,"date":"2025-11-12T07:33:09","date_gmt":"2025-11-12T07:33:09","guid":{"rendered":"https:\/\/www.europesays.com\/es\/231746\/"},"modified":"2025-11-12T07:33:09","modified_gmt":"2025-11-12T07:33:09","slug":"de-la-entrevista-exclusiva-con-raphael-a-una-cita-con-alejandra-gere","status":"publish","type":"post","link":"https:\/\/www.europesays.com\/es\/231746\/","title":{"rendered":"de la entrevista exclusiva con Raphael a una cita con Alejandra Gere"},"content":{"rendered":"<p id=\"eage-KzhRi\" data-wc=\"67\">Ya es mi\u00e9rcoles, as\u00ed que, <strong>una semana m\u00e1s, \u00a1HOLA! llega a tu quiosco -y a nuestra web-<\/strong> cargado de las mejores entrevistas, noticias y reportajes. En esta ocasi\u00f3n, nuestra portada es para toda una leyenda de la m\u00fasica: <strong>Raphael<\/strong>. <a class=\"hm-link ho-link\" href=\"https:\/\/www.hola.com\/actualidad\/20251112866782\/raphael-invencible-un-anyo-despues-linfoma-cerebral-gran-exito-imponerme-muerte\/\" data-mrf-recirculation=\"article-body-link\" rel=\"nofollow noopener\" target=\"_blank\">En una entrevista exclusiva, hablamos con el artista<\/a> antes de que vuele a Las Vegas para recibir el Grammy Persona del A\u00f1o 2025, este jueves, 13 de noviembre.<\/p>\n<p id=\"e_jQYukWE0z\" data-wc=\"68\">Un a\u00f1o despu\u00e9s de que le diagnosticaran un linfoma cerebral y cuando se cumplen 5 meses de su reaparici\u00f3n sobre los escenarios, <strong>la estrella se muestra incombustible<\/strong>. \u201cMi gran \u00e9xito es imponerme a la muerte y volver a cantar\u201d, nos confiesa el cantante en una sincera conversaci\u00f3n en <strong>la que habla de todo:<\/strong> de los \u2018golpes\u2019 de la vida hasta su matrimonio con Natalia Figueroa, su gran apoyo.<\/p>\n<p id=\"eg3WuVPKkAg\" data-wc=\"42\">En este nuevo n\u00famero, avanzamos, en primicia, una feliz noticia, la boda de <strong>Patricia Cerezo<\/strong> -que se casa con Kiko G\u00e1mez, despu\u00e9s de 4 a\u00f1os de s\u00f3lido noviazgo-; y charlamos con <strong>Alejandra Gere<\/strong>, en una brillante noche de amigas, reencuentros y revelaciones.<\/p>\n<p> <img src=\"https:\/\/www.europesays.com\/es\/wp-content\/uploads\/2025\/11\/0ffb00a8c223-portadahola4242.jpg\"   width=\"745\" height=\"1024\" loading=\"lazy\" decoding=\"async\" alt=\"Raphael en la portada de \u00a1HOLA!\" fetchpriority=\"auto\" class=\"image ho-image\"\/>\u00a9 \u00a1HOLA!<\/p>\n<p id=\"eiD1RPm3sJs\" data-wc=\"50\">El otro gran protagonista de la semana es <a class=\"hm-link ho-link\" href=\"https:\/\/www.hola.com\/actualidad\/20251110866642\/cayetano-rivera-primeras-palabras-accidente-trafico\/\" data-mrf-recirculation=\"article-body-link\" rel=\"nofollow noopener\" target=\"_blank\">Cayetano Rivera, quien nos aclara toda la verdad sobre su pol\u00e9mico accidente \u2013\u201cNo di positivo\u201d-<\/a>; y descubrimos a Juan Urdangarin y su novia, Sophia Khan, la nueva pareja sorpresa de la temporada -que \u00a1HOLA! desvel\u00f3, en exclusiva-, al otro lado del Atl\u00e1ntico. \u00a0<\/p>\n<p id=\"etlZ6SZBXgo\" data-wc=\"45\">Pero eso no es todo. En el interior, podr\u00e1s encontrar muchas m\u00e1s cosas, como<strong>\u00a0las im\u00e1genes exclusivas de Eva Gonz\u00e1lez con su novio<\/strong>; o la fiesta del lanzamiento de Reconciliaci\u00f3n, las memorias del rey Juan Carlos, en Par\u00eds, a la que entramos con <strong>Laurence Debray<\/strong>.\u00a0<\/p>\n<p id=\"e0v7LAzXAfp\" data-wc=\"39\">Tambi\u00e9n, muchas m\u00e1s entrevistas, como la de <strong>Antonio Matos, que recuerda a su mujer, Caritina Goyanes<\/strong>, el d\u00eda que habr\u00eda cumplido 48 a\u00f1os. Sin olvidarnos, tampoco, de la ya legendaria casa \u00a1HOLA! de la semana, y muchas m\u00e1s sorpresas.<\/p>\n<p id=\"eZdsodjRDhT\" data-wc=\"6\">\u00a1No te quedes sin tu ejemplar!<\/p>\n","protected":false},"excerpt":{"rendered":"Ya es mi\u00e9rcoles, as\u00ed que, una semana m\u00e1s, \u00a1HOLA! llega a tu quiosco -y a nuestra web- cargado&hellip;\n","protected":false},"author":2,"featured_media":231747,"comment_status":"","ping_status":"","sticky":false,"template":"","format":"standard","meta":{"footnotes":""},"categories":[174],"tags":[517,255,146,147,25,24,256,23],"class_list":{"0":"post-231746","1":"post","2":"type-post","3":"status-publish","4":"format-standard","5":"has-post-thumbnail","7":"category-famosos","8":"tag-actualidad","9":"tag-celebrities","10":"tag-entertainment","11":"tag-entretenimiento","12":"tag-es","13":"tag-espana","14":"tag-famosos","15":"tag-spain"},"share_on_mastodon":{"url":"https:\/\/pubeurope.com\/@es\/115535570835680891","error":""},"_links":{"self":[{"href":"https:\/\/www.europesays.com\/es\/wp-json\/wp\/v2\/posts\/231746","targetHints":{"allow":["GET"]}}],"collection":[{"href":"https:\/\/www.europesays.com\/es\/wp-json\/wp\/v2\/posts"}],"about":[{"href":"https:\/\/www.europesays.com\/es\/wp-json\/wp\/v2\/types\/post"}],"author":[{"embeddable":true,"href":"https:\/\/www.europesays.com\/es\/wp-json\/wp\/v2\/users\/2"}],"replies":[{"embeddable":true,"href":"https:\/\/www.europesays.com\/es\/wp-json\/wp\/v2\/comments?post=231746"}],"version-history":[{"count":0,"href":"https:\/\/www.europesays.com\/es\/wp-json\/wp\/v2\/posts\/231746\/revisions"}],"wp:featuredmedia":[{"embeddable":true,"href":"https:\/\/www.europesays.com\/es\/wp-json\/wp\/v2\/media\/231747"}],"wp:attachment":[{"href":"https:\/\/www.europesays.com\/es\/wp-json\/wp\/v2\/media?parent=231746"}],"wp:term":[{"taxonomy":"category","embeddable":true,"href":"https:\/\/www.europesays.com\/es\/wp-json\/wp\/v2\/categories?post=231746"},{"taxonomy":"post_tag","embeddable":true,"href":"https:\/\/www.europesays.com\/es\/wp-json\/wp\/v2\/tags?post=231746"}],"curies":[{"name":"wp","href":"https:\/\/api.w.org\/{rel}","templated":true}]}}