{"id":231748,"date":"2025-11-12T07:34:09","date_gmt":"2025-11-12T07:34:09","guid":{"rendered":"https:\/\/www.europesays.com\/es\/231748\/"},"modified":"2025-11-12T07:34:09","modified_gmt":"2025-11-12T07:34:09","slug":"toni-sasal-reedita-su-apuesta-por-retratar-a-artistas-navarras-os-en-su-intimidad","status":"publish","type":"post","link":"https:\/\/www.europesays.com\/es\/231748\/","title":{"rendered":"Toni Sasal reedita su apuesta por retratar a artistas navarras\/os en su intimidad"},"content":{"rendered":"<p>\n        Muchas de las personas que desarrollan <strong>una carrera creativa<\/strong> acostumbran a pasar<strong> un sinf\u00edn de horas en solitario<\/strong>. La <strong>escritura<\/strong>, la <strong>pintura<\/strong>, la <strong>escultura<\/strong>, la <strong>composici\u00f3n musical<\/strong>, incluso la <strong>pr\u00e1ctica diaria de la danza <\/strong>o el <strong>estudio de un gui\u00f3n<\/strong> exigen<strong> intimidad, concentraci\u00f3n y silencio<\/strong>. Suelen ser tres elementos necesarios para abrir la puerta del <strong>universo creativo de las\/os artistas<\/strong>.\n<\/p>\n<p class=\"article-body__text \">\n        <strong>Mundos posibles que se gestan<\/strong> en espacios donde sus creadoras\/es se sienten c\u00f3modas\/os y predispuestas\/os a dejar <strong>fluir la corriente de ideas, movimientos, colores, texturas&#8230;<\/strong> Precisamente, es en esos refugios donde<strong> se ha colado el fot\u00f3grafo <\/strong><a href=\"https:\/\/www.noticiasdenavarra.com\/cultura\/2023\/10\/05\/libro-llegaras-toni-sasal-retrata-7347303.html\" title=\"Toni Sasal\" target=\"_blank\" class=\"link copy\" rel=\"nofollow noopener\"><strong>Toni Sasal<\/strong><\/a><strong>,<\/strong> que, dos a\u00f1os despu\u00e9s de la publicaci\u00f3n de <strong>Antes de que llegaras<\/strong>, vuelve a <strong>acceder a los talleres, estudios y <\/strong><strong>guaridas<\/strong> de <strong>m\u00e1s de un centenar de artistas navarros<\/strong>. As\u00ed, ya est\u00e1 en la calle el segundo volumen de esta serie, editado de nuevo por la Direcci\u00f3n General de Cultura del Gobierno foral. Publicaci\u00f3n que se complementa con una<strong> exposici\u00f3n en el zagu\u00e1n del Palacio del Condestable<\/strong>, donde, hasta el 7 de diciembre,<strong> se proyectar\u00e1n las im\u00e1genes de todas\/os las\/os artistas que de momento componen este proyecto<\/strong>, que, entre el primer y el segundo libro, suman m\u00e1s de 200. En este \u00faltimo caso, aparecen nombres como los de <strong>Kutxi Romero, Natalia Huarte, Concha Cilveti, Eukene Sag\u00fc\u00e9s, Txuspo Poyo, Mikel Esparza, Carlos Bassas<\/strong>&#8230; y as\u00ed hasta alcanzar el centenar.\n<\/p>\n<p class=\"article-photo__footer\">\n            Natalia Huarte.            Toni Sasal        <\/p>\n<p>  Ensayo fotogr\u00e1fico<\/p>\n<p class=\"article-body__text \">\n        <a href=\"https:\/\/www.noticiasdenavarra.com\/cultura\/2023\/10\/23\/artistas-intima-pasion-7354520.html\" title=\"Antes de que llegaras\" target=\"_blank\" class=\"link copy\" rel=\"nofollow noopener\"><strong>Antes de que llegaras<\/strong><\/a><strong> <\/strong><strong> naci\u00f3 en 2019<\/strong> con un <strong>prop\u00f3sito documental <\/strong>de creaci\u00f3n de <strong>memoria del patrimonio cultural.<\/strong> \u201cY conforme crec\u00eda, <strong>fue ganando en profundidad<\/strong>, lleg\u00e1ndose a generar <strong>varios niveles de lectura <\/strong>que como espectador\/a est\u00e1s invitado a descubrir\u201d, indica el fot\u00f3grafo.\n<\/p>\n<p class=\"article-body__text \">\n        A la vez, Sasal subraya que, por encima de todo, este trabajo es un<strong> \u201creconocimiento a todas las personas que, con su talento y dedicaci\u00f3n<\/strong>, no solo dan vida de manera fundamental a la actividad cultural de Navarra y otros lugares del mundo, sino que, de alguna manera, <strong>construyen y promueven el patrimonio art\u00edstico de nuestro territorio\u201d<\/strong>. En ese sentido, y como apunta<strong> Celia Mart\u00edn Larumbe<\/strong> en el ep\u00edlogo del segundo libro, este proyecto se convierte en <strong>\u201cun ensayo fotogr\u00e1fico\u201d. <\/strong>\u201cSasal parece movido por el deseo de presenciar el acto creativo, de asistir al destello de ese misterio inefable\u201d, escribe la experta.\u00a0\n<\/p>\n<p class=\"article-body__text \">\n        Junto a la<strong> jefa de la Secci\u00f3n de Museos del Gobierno fora<\/strong>l, tambi\u00e9n participa con sus textos <strong>Javier Velaza<\/strong>, que aporta su<strong> poema <\/strong><strong>Fotograf\u00eda<\/strong>, adem\u00e1s de algunas citas de personalidades como <a href=\"https:\/\/www.noticiasdenavarra.com\/tags\/bob-dylan\/\" title=\"Bob Dylan\" class=\"link copy\" rel=\"nofollow noopener\" target=\"_blank\">Bob Dylan<\/a>, Marcel Duchamp o Susan Sontag. Y, en la introducci\u00f3n, Sasal dedica un <strong>emocionado recu<\/strong>erdo a cuatro de las\/os creadoras\/es fotografiadas\/os que fallecieron antes de la publicaci\u00f3n: <strong>Fernando Iriarte, Agust\u00edn Gonz\u00e1lez Acilu, Isabel Cabanellas y Patxi Buldain.<\/strong>\n<\/p>\n<p class=\"article-body__text \">\n        En el primer volumen, que conten\u00eda dos im\u00e1genes por artista, firmaba el pr\u00f3logo Marina Pascual y Uxue Uriz intercalaba textos sobre aspectos como el talento, la intuici\u00f3n, los referentes, etc\u00e9tera.\n<\/p>\n<p class=\"article-photo__footer\">\n            LKN.            Toni Sasal        <\/p>\n<p>  Momentos <\/p>\n<p class=\"article-body__text \">\n        Al igual que hizo en la entrega anterior, Toni Sasal <strong>ha fotografiado a las\/os protagonistas \u201cen espacios y momentos vinculados a su trabajo de creaci\u00f3n\u201d<\/strong>. \u201cPuede ser un estudio, en el caso de un artista pl\u00e1stico, o un teatro, en el de un actor o director de escena, por ejemplo, pero es cierto que<strong> cada disciplina tiene unas particularidades diferentes<\/strong>\u201d, se\u00f1ala el autor.\n<\/p>\n<p class=\"article-body__text \">\n        Las im\u00e1genes <strong>destacan por su intimismo y su atenci\u00f3n al detalle: la luz, la composici\u00f3n, los gestos.<\/strong> En cada retrato <strong>late la concentraci\u00f3n, la entrega y la atm\u00f3sfera singular de quienes viven para crear<\/strong>. \u201cMe interesa todo aquel que crea\u201d, afirma Sasal, y confiesa que<strong> ya trabaja en el tercer cap\u00edtulo<\/strong> de este proyecto. \u201cCada artista con el que me encuentro me ofrece nuevos contactos\u201d, y a partir ah\u00ed, y atendiendo a las distintas disciplinas, va agrandando esta <strong>antolog\u00eda del talento navarro. <\/strong><\/p>\n","protected":false},"excerpt":{"rendered":"Muchas de las personas que desarrollan una carrera creativa acostumbran a pasar un sinf\u00edn de horas en solitario.&hellip;\n","protected":false},"author":2,"featured_media":231749,"comment_status":"","ping_status":"","sticky":false,"template":"","format":"standard","meta":{"footnotes":""},"categories":[173],"tags":[304,229,233,231,230,232,234,146,147,25,24,60561,6640,60560,23,19182],"class_list":{"0":"post-231748","1":"post","2":"type-post","3":"status-publish","4":"format-standard","5":"has-post-thumbnail","7":"category-arte-y-diseno","8":"tag-apuesta","9":"tag-arte","10":"tag-arte-y-diseno","11":"tag-arts","12":"tag-arts-and-design","13":"tag-design","14":"tag-diseno","15":"tag-entertainment","16":"tag-entretenimiento","17":"tag-es","18":"tag-espana","19":"tag-reedita","20":"tag-retratar","21":"tag-sasal","22":"tag-spain","23":"tag-toni"},"share_on_mastodon":{"url":"https:\/\/pubeurope.com\/@es\/115535574669165036","error":""},"_links":{"self":[{"href":"https:\/\/www.europesays.com\/es\/wp-json\/wp\/v2\/posts\/231748","targetHints":{"allow":["GET"]}}],"collection":[{"href":"https:\/\/www.europesays.com\/es\/wp-json\/wp\/v2\/posts"}],"about":[{"href":"https:\/\/www.europesays.com\/es\/wp-json\/wp\/v2\/types\/post"}],"author":[{"embeddable":true,"href":"https:\/\/www.europesays.com\/es\/wp-json\/wp\/v2\/users\/2"}],"replies":[{"embeddable":true,"href":"https:\/\/www.europesays.com\/es\/wp-json\/wp\/v2\/comments?post=231748"}],"version-history":[{"count":0,"href":"https:\/\/www.europesays.com\/es\/wp-json\/wp\/v2\/posts\/231748\/revisions"}],"wp:featuredmedia":[{"embeddable":true,"href":"https:\/\/www.europesays.com\/es\/wp-json\/wp\/v2\/media\/231749"}],"wp:attachment":[{"href":"https:\/\/www.europesays.com\/es\/wp-json\/wp\/v2\/media?parent=231748"}],"wp:term":[{"taxonomy":"category","embeddable":true,"href":"https:\/\/www.europesays.com\/es\/wp-json\/wp\/v2\/categories?post=231748"},{"taxonomy":"post_tag","embeddable":true,"href":"https:\/\/www.europesays.com\/es\/wp-json\/wp\/v2\/tags?post=231748"}],"curies":[{"name":"wp","href":"https:\/\/api.w.org\/{rel}","templated":true}]}}