{"id":231760,"date":"2025-11-12T07:45:22","date_gmt":"2025-11-12T07:45:22","guid":{"rendered":"https:\/\/www.europesays.com\/es\/231760\/"},"modified":"2025-11-12T07:45:22","modified_gmt":"2025-11-12T07:45:22","slug":"talgo-convoca-a-su-junta-de-accionistas-para-cerrar-el-aterrizaje-de-jainaga-y-el-consorcio-vasco","status":"publish","type":"post","link":"https:\/\/www.europesays.com\/es\/231760\/","title":{"rendered":"Talgo convoca a su junta de accionistas para cerrar el aterrizaje de Jainaga y el consorcio vasco"},"content":{"rendered":"<p>Talgo celebrar\u00e1 el 12 de diciembre una junta extraordinaria de accionistas que deber\u00e1 formalizar el plan de financiaci\u00f3n para la empresa acordado con una veintena  &#8230; de bancos y que conlleva la entrada de la Sepi en la compa\u00f1\u00eda con un 7,8%. Son las condiciones que deb\u00edan cumplirse antes del 31 de enero de 2026. Las que se recogen en <a href=\"https:\/\/www.elcorreo.com\/economia\/consorcio-vasco-cierra-compra-talgo-20251107114934-ntrc.html\" title=\"www.elcorreo.com\" data-voc-vtm-id=\"in-text-traffic\" data-mrf-link=\"www.elcorreo.com\" rel=\"nofollow noopener\" target=\"_blank\">el acuerdo que formalizaron el jueves pasado el consorcio vasco liderado por Jos\u00e9 Antonio Jainaga y el fondo Trilantic<\/a> para el traspaso del 29,7% de las acciones de la empresa que dar\u00e1n el control al presidente de Sidenor.<\/p>\n<p class=\"v-p\">Es el \u00faltimo paso antes de que se materialice el aterrizaje en el fabricante de trenes del grupo en el que Gobierno vasco y fundaciones BBK y Vital acompa\u00f1an al industrial y que traer\u00e1 la sede de Talgo de nuevo a Euskadi. La convocatoria, as\u00ed como el orden del d\u00eda, se publica este mi\u00e9rcoles en el Bolet\u00edn Oficial del Estado y se ha comunicado como hecho relevante la Comisi\u00f3n Nacional del Mercado de Valores (CNMV).<\/p>\n<p class=\"v-p\">El &#8216;pool&#8217; bancario formado por una veintena de entidades, del que, como inform\u00f3 este medio, <a href=\"https:\/\/www.elcorreo.com\/economia\/pool-bancario-cubre-salida-bankinter-20251107011037-nt.html\" data-voc-vtm-id=\"in-text-traffic\" title=\"se descolg\u00f3 Bankinter\" data-mrf-link=\"www.elcorreo.com\" rel=\"nofollow noopener\" target=\"_blank\">se descolg\u00f3 Bankinter<\/a>, pone encima de la mesa un esquema de financiaci\u00f3n que soporta no solo la deuda de m\u00e1s de 460 millones de la empresa, sino varias l\u00edneas de avales asociadas a los pedidos. En total son 770 millones, que evidencian el ahogo financiero de Talgo, a pesar de contar con una prometedora cartera de pedidos de m\u00e1s de 4.000 millones. <\/p>\n<p class=\"v-p\"><strong>Prima del 42% sobre la cotizaci\u00f3n<\/strong><\/p>\n<p class=\"v-p\">La banca exigi\u00f3 para esta refinanciaci\u00f3n que Talgo inyectara 150 millones de capital en su balance. Y esa operaci\u00f3n es la que requiere el visto bueno de la junta de accionistas de Talgo. Este dinero entrar\u00e1 por varias l\u00edneas. La primera de ellas es una emisi\u00f3n de nuevas acciones para que la Sociedad Estatal de Participaciones Industriales (Sepi) adquiera el 7,8% de la compa\u00f1\u00eda con 45 millones y pagando 4,2 euros por acci\u00f3n. El mismo precio que paga el consorcio vasco y un 42% m\u00e1s que los 2,98 a los que cotiza el t\u00edtulo en el arranque de la Bolsa de este mi\u00e9rcoles.<\/p>\n<p class=\"v-p\">Adem\u00e1s, el organismo p\u00fablico abonar\u00e1 otros 30 millones mediante un pr\u00e9stamo convertible en acciones. Desde Euskadi se aportar\u00e1n los 75 millones para hacer los 150 millones exigidos por los bancos. Un fondo p\u00fablico-privado vasco liderado por Gobierno vasco y Kutxabank, aportar\u00e1 un cr\u00e9dito convertible tambi\u00e9n en acciones por 50 millones y los otros 25 millones se financiar\u00e1n entre los miembros del consorcio.<\/p>\n<p class=\"v-p\">Tanto la emisi\u00f3n de acciones nuevas para la Sepi como los cr\u00e9ditos convertibles en t\u00edtulos de la empresa, al afectar a la composici\u00f3n de la propiedad requieren de la aprobaci\u00f3n de la junta de accionistas, que deber\u00e1 ratificar las medidas en la votaci\u00f3n de ese 12 de diciembre.<\/p>\n<p>Reparto en el consejo de administraci\u00f3n<\/p>\n<p class=\"v-p\">La propiedad de Talgo quedar\u00e1 as\u00ed repartida entre cuatro propietarios con en torno a un 8% de acciones cada uno y la mitad con car\u00e1cter p\u00fablico. La Sepi tendr\u00e1 ese 7,8%, un porcentaje similar al que se reparten los socios del consorcio vasco. El 29,7% adquirido por 156 millones queda repartido as\u00ed: Jainaga, Gobierno vasco y BBK, que aportan 45 millones cada uno, tendr\u00e1n un 8,5% del capital de Talgo respectivamente. Y Vital, que abona 22,4 millones, tendr\u00e1 un 4,24%.<\/p>\n<p class=\"v-p\">La Sepi ya ha trasladado su intenci\u00f3n de hacer valer su posici\u00f3n en la titularidad de la empresa con un asiento en el consejo de administraci\u00f3n. Un movimiento que, posiblemente, obligar\u00e1 a Gobierno vasco a plantear lo mismo arrastrando as\u00ed tambi\u00e9n a BBK. Es algo que rompe los planes de Jainaga, que apostaba por dibujar un \u00f3rgano de gobierno de la empresa muy reducido y con mucha agilidad. En esa l\u00ednea, el Ejecutivo auton\u00f3mico hab\u00eda mostrado su disponibilidad a renunciar a la presencia en el consejo.<\/p>\n<p class=\"v-p\">Una vez ratificadas estas medidas en la junta de accionistas y tras la formalizaci\u00f3n de la transacci\u00f3n, Jainaga tomar\u00e1 el poder de la compa\u00f1\u00eda. Quedar\u00e1 por ver entonces el papel del presidente, Carlos de Palacio, que hab\u00eda mostrado su intenci\u00f3n de continuar. M\u00e1s dif\u00edcil es el caso del consejero delegado, Gonzalo Urquijo, que ser\u00e1 cesado con toda seguridad para ubicar al frente del proyecto a un directivo de la confianza de Jainaga. En la junta convocada para el 12 de diciembre, uno de los puntos del orden del d\u00eda reduce el n\u00famero de componentes del consejo de administraci\u00f3n de Talgo a ocho miembros.<\/p>\n<p>Comparecencia en la Audiencia Nacional<\/p>\n<p class=\"v-p\">El cierre de la operaci\u00f3n ha coincidido con la investigaci\u00f3n abierta en la Audiencia Nacional al presidente de Sidenor y dos de sus directivos por la venta de acero a una empresa de armamento del Gobierno de Israel. El juez Francisco de Jorge tomar\u00e1 declaraci\u00f3n este mi\u00e9rcoles a Jainaga y los otros dos responsables de la empresa por la venta de un acero que considera de doble uso (civil y militar) y que deber\u00eda haberse informado a la Administraci\u00f3n del Estado. <\/p>\n<p class=\"v-p\">El magistrado le imputa por no haber realizado ese tr\u00e1mite generando una posible comisi\u00f3n de delito de contrabando y una presunta cooperaci\u00f3n en delitos de lesa humanidad y genocidio. Las acusaciones han irrumpido en la fase decisiva de la operaci\u00f3n Talgo. Jainaga ha asegurado que dar\u00e1 todas las explicaciones, pero ha pedido esperar primero a su declaraci\u00f3n ante el juez.<\/p>\n","protected":false},"excerpt":{"rendered":"Talgo celebrar\u00e1 el 12 de diciembre una junta extraordinaria de accionistas que deber\u00e1 formalizar el plan de financiaci\u00f3n&hellip;\n","protected":false},"author":2,"featured_media":231761,"comment_status":"","ping_status":"","sticky":false,"template":"","format":"standard","meta":{"footnotes":""},"categories":[80],"tags":[10599,82,14208,2527,95,94,5089,25,24,6861,2024,1875,2340,23,2342,1049],"class_list":{"0":"post-231760","1":"post","2":"type-post","3":"status-publish","4":"format-standard","5":"has-post-thumbnail","7":"category-economia","8":"tag-accionistas","9":"tag-business","10":"tag-convoca","11":"tag-dar","12":"tag-economia","13":"tag-economy","14":"tag-entrada","15":"tag-es","16":"tag-espana","17":"tag-financiacion","18":"tag-junta","19":"tag-luz","20":"tag-sepi","21":"tag-spain","22":"tag-talgo","23":"tag-verde"},"share_on_mastodon":{"url":"https:\/\/pubeurope.com\/@es\/115535617910991767","error":""},"_links":{"self":[{"href":"https:\/\/www.europesays.com\/es\/wp-json\/wp\/v2\/posts\/231760","targetHints":{"allow":["GET"]}}],"collection":[{"href":"https:\/\/www.europesays.com\/es\/wp-json\/wp\/v2\/posts"}],"about":[{"href":"https:\/\/www.europesays.com\/es\/wp-json\/wp\/v2\/types\/post"}],"author":[{"embeddable":true,"href":"https:\/\/www.europesays.com\/es\/wp-json\/wp\/v2\/users\/2"}],"replies":[{"embeddable":true,"href":"https:\/\/www.europesays.com\/es\/wp-json\/wp\/v2\/comments?post=231760"}],"version-history":[{"count":0,"href":"https:\/\/www.europesays.com\/es\/wp-json\/wp\/v2\/posts\/231760\/revisions"}],"wp:featuredmedia":[{"embeddable":true,"href":"https:\/\/www.europesays.com\/es\/wp-json\/wp\/v2\/media\/231761"}],"wp:attachment":[{"href":"https:\/\/www.europesays.com\/es\/wp-json\/wp\/v2\/media?parent=231760"}],"wp:term":[{"taxonomy":"category","embeddable":true,"href":"https:\/\/www.europesays.com\/es\/wp-json\/wp\/v2\/categories?post=231760"},{"taxonomy":"post_tag","embeddable":true,"href":"https:\/\/www.europesays.com\/es\/wp-json\/wp\/v2\/tags?post=231760"}],"curies":[{"name":"wp","href":"https:\/\/api.w.org\/{rel}","templated":true}]}}