{"id":231762,"date":"2025-11-12T07:49:44","date_gmt":"2025-11-12T07:49:44","guid":{"rendered":"https:\/\/www.europesays.com\/es\/231762\/"},"modified":"2025-11-12T07:49:44","modified_gmt":"2025-11-12T07:49:44","slug":"la-fiscalia-de-milan-investiga-si-se-realizaron-safaris-humanos-para-disparar-contra-los-habitantes-de-sarajevo-en-la-guerra-de-los-balcanes-internacional","status":"publish","type":"post","link":"https:\/\/www.europesays.com\/es\/231762\/","title":{"rendered":"La Fiscal\u00eda de Mil\u00e1n investiga si se realizaron \u00absafaris humanos\u00bb para disparar contra los habitantes de Sarajevo en la guerra de los Balcanes | Internacional"},"content":{"rendered":"<p class=\"loc\">Madrid<\/p>\n<p>La Fiscal\u00eda de Mil\u00e1n ha abierto una investigaci\u00f3n contra varios ciudadanos italianos por participar, de manera voluntaria, en viajes organizados a Sarajevo con el objetivo de disparar a la poblaci\u00f3n durante la <a href=\"https:\/\/cadenaser.com\/programa\/2015\/07\/03\/a_vivir_que_son_dos_dias\/1435930084_522507.html\" target=\"_blank\" rel=\"nofollow noopener\" title=\"https:\/\/cadenaser.com\/programa\/2015\/07\/03\/a_vivir_que_son_dos_dias\/1435930084_522507.html\">guerra de los Balcanes<\/a>. Esta especie de cacer\u00edas humanas habr\u00edan formado parte de un conflicto que <a href=\"https:\/\/cadenaser.com\/nacional\/2025\/07\/11\/sifa-ademovic-superviviente-de-srebrenica-nos-gustaria-que-aparezcan-los-huesos-de-mi-hermano-y-mi-padre-dejarlos-juntos-y-visitarlos-cadena-ser\/\" target=\"_blank\" rel=\"nofollow noopener\" title=\"https:\/\/cadenaser.com\/nacional\/2025\/07\/11\/sifa-ademovic-superviviente-de-srebrenica-nos-gustaria-que-aparezcan-los-huesos-de-mi-hermano-y-mi-padre-dejarlos-juntos-y-visitarlos-cadena-ser\/\">cost\u00f3 la vida a m\u00e1s de 11.500 personas entre 1992 y 1996<\/a>.<\/p>\n<p>M\u00e1s informaci\u00f3n<\/p>\n<p>El fiscal Alessandro Gobbis ha se\u00f1alado que los ciudadanos italianos implicados, presuntamente apasionados de las armas y con v\u00ednculos con la extrema derecha, habr\u00edan pagado entre 80.000 y 100.000 euros para participar \u00abpor diversi\u00f3n\u00bb como francotiradores durante el <a href=\"https:\/\/cadenaser.com\/programa\/2016\/07\/01\/a_vivir_que_son_dos_dias\/1467388575_695975.html\" target=\"_blank\" rel=\"nofollow noopener\" title=\"https:\/\/cadenaser.com\/programa\/2016\/07\/01\/a_vivir_que_son_dos_dias\/1467388575_695975.html\">sitio a la capital bosnia<\/a>.<\/p>\n<p>Varios de los sospechosos investigados -residentes de Piamonte, Triveneto, o Lombardia- se enfrentan a acusaciones por homicidio voluntario con el agravante de crueldad y motivos abyectos, que habr\u00edan pagado grandes cantidades para matar a ni\u00f1os, en base a una infame lista de precios, que relatan los testigos, informa La Repubblica.<\/p>\n<p>Existe una larga lista de testigos a los que las autoridades italianas tienen previsto interrogar. Entre ellos, se encuentra u exoficial de Inteligencia bosnio que narrar\u00e1 lo que un soldado serbio capturado le confes\u00f3 sobre los \u00abturistas de guerra\u00bb.<\/p>\n<p>Entre los testigos de Gobbis tambi\u00e9n hay un antiguo oficial de Inteligencia esloveno herido por un francotirador, o un bombero que ya habl\u00f3 en el juicio en La Haya al expresidente serbio Slobodan Milosevic de \u00abtiradores turistas\u00bb a los que parec\u00edan haber llevado \u00abcasi de la mano\u00bb hasta ese lugar.<\/p>\n<p>La denuncia surge de la investigaci\u00f3n iniciada por el fot\u00f3grafo y periodista Ezio Gavazzeni, a quien respaldan el uez italiano Guido Salvini y la exalcaldesa de Sarajevo Benjamina Karic. No obstante, este tipo de violencia ya hab\u00eda sido relatada con anterioridad, como es el caso del documental Sarajevo Safari, dirigido por el cineasta esloveno Miran Zupanic.<\/p>\n","protected":false},"excerpt":{"rendered":"Madrid La Fiscal\u00eda de Mil\u00e1n ha abierto una investigaci\u00f3n contra varios ciudadanos italianos por participar, de manera voluntaria,&hellip;\n","protected":false},"author":2,"featured_media":231763,"comment_status":"","ping_status":"","sticky":false,"template":"","format":"standard","meta":{"footnotes":""},"categories":[42],"tags":[16198,17,18,60564,13,14,11,61,62,63,64,32894,19,20,43526,60565,9,10,15,16,60566,12,21,22,60567,65,66,67],"class_list":{"0":"post-231762","1":"post","2":"type-post","3":"status-publish","4":"format-standard","5":"has-post-thumbnail","7":"category-internacional","8":"tag-bosnia","9":"tag-breaking-news","10":"tag-breakingnews","11":"tag-commemoration","12":"tag-featured-news","13":"tag-featurednews","14":"tag-headlines","15":"tag-internacional","16":"tag-international","17":"tag-international-news","18":"tag-internationalnews","19":"tag-justice","20":"tag-latest-news","21":"tag-latestnews","22":"tag-massacre","23":"tag-mladic","24":"tag-news","25":"tag-noticias","26":"tag-noticias-destacadas","27":"tag-noticiasdestacadas","28":"tag-remembrance","29":"tag-titulares","30":"tag-ultimas-noticias","31":"tag-ultimasnoticias","32":"tag-victims","33":"tag-world","34":"tag-world-news","35":"tag-worldnews"},"share_on_mastodon":{"url":"","error":"Validation failed: Text character limit of 500 exceeded"},"_links":{"self":[{"href":"https:\/\/www.europesays.com\/es\/wp-json\/wp\/v2\/posts\/231762","targetHints":{"allow":["GET"]}}],"collection":[{"href":"https:\/\/www.europesays.com\/es\/wp-json\/wp\/v2\/posts"}],"about":[{"href":"https:\/\/www.europesays.com\/es\/wp-json\/wp\/v2\/types\/post"}],"author":[{"embeddable":true,"href":"https:\/\/www.europesays.com\/es\/wp-json\/wp\/v2\/users\/2"}],"replies":[{"embeddable":true,"href":"https:\/\/www.europesays.com\/es\/wp-json\/wp\/v2\/comments?post=231762"}],"version-history":[{"count":0,"href":"https:\/\/www.europesays.com\/es\/wp-json\/wp\/v2\/posts\/231762\/revisions"}],"wp:featuredmedia":[{"embeddable":true,"href":"https:\/\/www.europesays.com\/es\/wp-json\/wp\/v2\/media\/231763"}],"wp:attachment":[{"href":"https:\/\/www.europesays.com\/es\/wp-json\/wp\/v2\/media?parent=231762"}],"wp:term":[{"taxonomy":"category","embeddable":true,"href":"https:\/\/www.europesays.com\/es\/wp-json\/wp\/v2\/categories?post=231762"},{"taxonomy":"post_tag","embeddable":true,"href":"https:\/\/www.europesays.com\/es\/wp-json\/wp\/v2\/tags?post=231762"}],"curies":[{"name":"wp","href":"https:\/\/api.w.org\/{rel}","templated":true}]}}