{"id":231767,"date":"2025-11-12T07:56:11","date_gmt":"2025-11-12T07:56:11","guid":{"rendered":"https:\/\/www.europesays.com\/es\/231767\/"},"modified":"2025-11-12T07:56:11","modified_gmt":"2025-11-12T07:56:11","slug":"se-siente-mejor-que-rafa-nadal-y-federer","status":"publish","type":"post","link":"https:\/\/www.europesays.com\/es\/231767\/","title":{"rendered":"\u00bfSe siente mejor que Rafa Nadal y Federer?"},"content":{"rendered":"<p class=\"pf0\">Durante una entrevista con Piers Morgan, el conocido periodista le ha preguntado a <b>Novak Djokovic<\/b> si se considera el mejor jugador de la historia del tenis.<\/p>\n<p class=\"pf0\">\u00abMe han preguntado mucho esto durante los \u00faltimos a\u00f1os. Obviamente, hay muchas estad\u00edsticas y la gente <b>las compara con las de Rafael Nadal y Roger Federer<\/b>\u00ab, arranca el balc\u00e1nico. <\/p>\n<p class=\"pf0\">Eso s\u00ed, el jugador con m\u00e1s Grand Slams de la historia, que cerr\u00f3 el s\u00e1bado su 2025 ganando el ATP 250 de Atenas, reh\u00faye a responder a la cuesti\u00f3n para no ser \u00abirrespetuoso\u00bb.<\/p>\n<p class=\"pf0\">\u00abPero voy a decir lo que siempre digo, no voy a dar mi opini\u00f3n sobre este tema porque no estoy en posici\u00f3n para decirlo y creo que<b> ser\u00eda muy irrespetuoso <\/b>con los jugadores que han jugado contra m\u00ed, como Nadal o Federer\u00bb, ha explicado.<\/p>\n<p class=\"pf0\">Adem\u00e1s, Djokovic incide en la dificultad de comparar distintas \u00e9pocas: \u00abMe considero un gran estudioso del tenis y <b>respeto mucho todas las \u00e9pocas anteriores del tenis\u00bb<\/b>.<\/p>\n<p class=\"pf0\">\u00abEs muy dif\u00edcil comparar eras, porque nuestro deporte ha atravesado muchos cambios en los \u00faltimos cincuenta a\u00f1os, en cuanto a <b>tecnolog\u00eda, equipamiento, pelotas, superficies<\/b>. Se ha profesionalizado todo, aunque no significa que antes no lo eran\u00bb, ha zanjado.<\/p>\n","protected":false},"excerpt":{"rendered":"Durante una entrevista con Piers Morgan, el conocido periodista le ha preguntado a Novak Djokovic si se considera&hellip;\n","protected":false},"author":2,"featured_media":231768,"comment_status":"","ping_status":"","sticky":false,"template":"","format":"standard","meta":{"footnotes":""},"categories":[274],"tags":[168,25,24,23,167,327,326],"class_list":{"0":"post-231767","1":"post","2":"type-post","3":"status-publish","4":"format-standard","5":"has-post-thumbnail","7":"category-tenis","8":"tag-deportes","9":"tag-es","10":"tag-espana","11":"tag-spain","12":"tag-sports","13":"tag-tenis","14":"tag-tennis"},"share_on_mastodon":{"url":"https:\/\/pubeurope.com\/@es\/115535661307589285","error":""},"_links":{"self":[{"href":"https:\/\/www.europesays.com\/es\/wp-json\/wp\/v2\/posts\/231767","targetHints":{"allow":["GET"]}}],"collection":[{"href":"https:\/\/www.europesays.com\/es\/wp-json\/wp\/v2\/posts"}],"about":[{"href":"https:\/\/www.europesays.com\/es\/wp-json\/wp\/v2\/types\/post"}],"author":[{"embeddable":true,"href":"https:\/\/www.europesays.com\/es\/wp-json\/wp\/v2\/users\/2"}],"replies":[{"embeddable":true,"href":"https:\/\/www.europesays.com\/es\/wp-json\/wp\/v2\/comments?post=231767"}],"version-history":[{"count":0,"href":"https:\/\/www.europesays.com\/es\/wp-json\/wp\/v2\/posts\/231767\/revisions"}],"wp:featuredmedia":[{"embeddable":true,"href":"https:\/\/www.europesays.com\/es\/wp-json\/wp\/v2\/media\/231768"}],"wp:attachment":[{"href":"https:\/\/www.europesays.com\/es\/wp-json\/wp\/v2\/media?parent=231767"}],"wp:term":[{"taxonomy":"category","embeddable":true,"href":"https:\/\/www.europesays.com\/es\/wp-json\/wp\/v2\/categories?post=231767"},{"taxonomy":"post_tag","embeddable":true,"href":"https:\/\/www.europesays.com\/es\/wp-json\/wp\/v2\/tags?post=231767"}],"curies":[{"name":"wp","href":"https:\/\/api.w.org\/{rel}","templated":true}]}}