{"id":231771,"date":"2025-11-12T07:59:08","date_gmt":"2025-11-12T07:59:08","guid":{"rendered":"https:\/\/www.europesays.com\/es\/231771\/"},"modified":"2025-11-12T07:59:08","modified_gmt":"2025-11-12T07:59:08","slug":"la-laguna-cimenta-su-liderato-en-la-bcl-ganando-al-tofas-bursa","status":"publish","type":"post","link":"https:\/\/www.europesays.com\/es\/231771\/","title":{"rendered":"La Laguna cimenta su liderato en la BCL ganando al Tofas Bursa"},"content":{"rendered":"<p data-mrf-recirculation=\"Links P\u00e1rrafos\" class=\"ue-c-article__paragraph paragraph ue-c-article--first-letter-highlighted\">L<strong>a Laguna Tenerife<\/strong> sum\u00f3 este martes una importante victoria, <strong>80-70,<\/strong> ante el <strong>Tofas Bursa<\/strong> turco dentro del <strong>Grupo D de la Liga de Campeones FIBA<\/strong>, disputado en el pabell\u00f3n de Deportes <strong>Santiago Mart\u00edn<\/strong>. Este triunfo del l\u00edder ante el segundo clasificado lo afianza en ese primer puesto de cara a la segunda fase de la competici\u00f3n.<\/p>\n<p data-mrf-recirculation=\"Links P\u00e1rrafos\" class=\"ue-c-article__paragraph paragraph\">El <strong>Tenerife<\/strong> sufri\u00f3 la intensidad del <strong>Tofas Bursa<\/strong> durante los primeros veinte minutos, pero en la segunda mitad, mejor organizado en defensa y acertado en ataque, consigui\u00f3 tomar una diferencia importante para afrontar con tranquilidad la recta final.<\/p>\n<p data-mrf-recirculation=\"Links P\u00e1rrafos\" class=\"ue-c-article__paragraph paragraph\">Aunque le cost\u00f3 anotar a los dos equipos, <strong>Giedriatis <\/strong>iniciar\u00eda la cuenta de anotaci\u00f3n de los tinerfe\u00f1os en un primer cuarto que, aunque con algunas imprecisiones, domin\u00f3 el Tenerife a base de balones interiores sobre <strong>Fran Guerra<\/strong> que no perdon\u00f3.<\/p>\n<p data-mrf-recirculation=\"Links P\u00e1rrafos\" class=\"ue-c-article__paragraph paragraph\">Solo <strong>Blazevic<\/strong> inquietaba a la defensa local. Los seis primeros puntos de su equipo fueron de \u00e9l, pero sin el apoyo del resto poco pod\u00eda hacer (10-6, min.5).<\/p>\n<p data-mrf-recirculation=\"Links P\u00e1rrafos\" class=\"ue-c-article__paragraph paragraph\">La entrada de <strong>Besson <\/strong>le dio m\u00e1s equilibrio al <strong>Tofas Bursa<\/strong> que, en el minuto 8 logr\u00f3 ponerse por delante en el marcador (12-15), ante un Tenerife que no encontraba su mejor quinteto en la cancha.<\/p>\n<p data-mrf-recirculation=\"Links P\u00e1rrafos\" class=\"ue-c-article__paragraph paragraph\"><strong>Txus Vidorreta<\/strong> prob\u00f3 con tres grandes, tres peque\u00f1os, dos bases, pero sin \u00e9xito. Mientras los visitantes se fueron al primer par\u00f3n con ventaja de 18-22 y que mantuvieron hasta bien avanzado el segundo cuarto (26-30, min. 17).<\/p>\n<p data-mrf-recirculation=\"Links P\u00e1rrafos\" class=\"ue-c-article__paragraph paragraph\">La entrada a cancha de nuevo de <strong>Rokas Giedriatis<\/strong> le dio m\u00e1s acierto al ataque local que poco a poco fue recortando distancia hsta ponerse de nuevo delante con un 36-35 y llegar al descanso con esa m\u00ednima ventaja (39-38).<\/p>\n<p data-mrf-recirculation=\"Links P\u00e1rrafos\" class=\"ue-c-article__paragraph paragraph\">El tiempo de descanso sirvi\u00f3 para que <strong>Txus Vidorreta<\/strong> reorganizara a su equipo en busca de empezar a dominar el choque. Lo hizo. Parcial de 5-0 para los locales (44-38) y el Tenerife, que mejorar\u00eda su trabajo defensivo, ser\u00eda m\u00e1s efectivo tanto delante como atr\u00e1s.<\/p>\n<p data-mrf-recirculation=\"Links P\u00e1rrafos\" class=\"ue-c-article__paragraph paragraph\">Un triple de <strong>Fitipaldo <\/strong>y una nueva canasta suya pondr\u00edan la m\u00e1xima ventaja en el marcador (54-44) y ya el equipo insular controlar\u00eda el partido hasta el final, pese a los altibajos que tuvo en algunas fases del choque pero que no llegaron a inquietar en el marcador.<\/p>\n<p>Ficha t\u00e9cnica<\/p>\n<p data-mrf-recirculation=\"Links P\u00e1rrafos\" class=\"ue-c-article__paragraph paragraph\"><strong>La Laguna Tenerife 80 (18+21+20+21). <\/strong>Huertas (6), Sastre (11), Giedriatis (17), Doornekamp (6), Guerra (12) \u2013inicial-, Fern\u00e1ndez (4), Kostadinov (-), Fitipaldo (17), Scrubb (-), Alderete (2), Van Deck (-) Shermadini (5).<\/p>\n<p data-mrf-recirculation=\"Links P\u00e1rrafos\" class=\"ue-c-article__paragraph paragraph\"><strong>Tofas Bursa 70 (22+16+10+22):<\/strong> P\u00e9rez (16), Besson (17), Saybir (7), Blazevic (10), Korkmaz (3) \u2013inicial-, Whaley (2), Gecim (-), Kidd (8), Lewis (7) y Thomasson (-).<\/p>\n<p data-mrf-recirculation=\"Links P\u00e1rrafos\" class=\"ue-c-article__paragraph paragraph\"><strong>\u00c1rbitros: <\/strong>Rosso (FRA), Zarapovic (BIH) y Davidson (MAD). Descalificaron al entrenador del Tofas Bursa, Emil Rajkovic, (min.36) por reiteradas protestas.<\/p>\n<p data-mrf-recirculation=\"Links P\u00e1rrafos\" class=\"ue-c-article__paragraph paragraph\"><strong>Incidencias:<\/strong> Partido disputado en el pabell\u00f3n de Deportes Santiago Mart\u00edn, ante unas tres mil quinientas personas.<\/p>\n","protected":false},"excerpt":{"rendered":"La Laguna Tenerife sum\u00f3 este martes una importante victoria, 80-70, ante el Tofas Bursa turco dentro del Grupo&hellip;\n","protected":false},"author":2,"featured_media":231772,"comment_status":"","ping_status":"","sticky":false,"template":"","format":"standard","meta":{"footnotes":""},"categories":[269],"tags":[299,298,168,25,24,23,167],"class_list":{"0":"post-231771","1":"post","2":"type-post","3":"status-publish","4":"format-standard","5":"has-post-thumbnail","7":"category-baloncesto","8":"tag-baloncesto","9":"tag-basketball","10":"tag-deportes","11":"tag-es","12":"tag-espana","13":"tag-spain","14":"tag-sports"},"share_on_mastodon":{"url":"https:\/\/pubeurope.com\/@es\/115535673092338409","error":""},"_links":{"self":[{"href":"https:\/\/www.europesays.com\/es\/wp-json\/wp\/v2\/posts\/231771","targetHints":{"allow":["GET"]}}],"collection":[{"href":"https:\/\/www.europesays.com\/es\/wp-json\/wp\/v2\/posts"}],"about":[{"href":"https:\/\/www.europesays.com\/es\/wp-json\/wp\/v2\/types\/post"}],"author":[{"embeddable":true,"href":"https:\/\/www.europesays.com\/es\/wp-json\/wp\/v2\/users\/2"}],"replies":[{"embeddable":true,"href":"https:\/\/www.europesays.com\/es\/wp-json\/wp\/v2\/comments?post=231771"}],"version-history":[{"count":0,"href":"https:\/\/www.europesays.com\/es\/wp-json\/wp\/v2\/posts\/231771\/revisions"}],"wp:featuredmedia":[{"embeddable":true,"href":"https:\/\/www.europesays.com\/es\/wp-json\/wp\/v2\/media\/231772"}],"wp:attachment":[{"href":"https:\/\/www.europesays.com\/es\/wp-json\/wp\/v2\/media?parent=231771"}],"wp:term":[{"taxonomy":"category","embeddable":true,"href":"https:\/\/www.europesays.com\/es\/wp-json\/wp\/v2\/categories?post=231771"},{"taxonomy":"post_tag","embeddable":true,"href":"https:\/\/www.europesays.com\/es\/wp-json\/wp\/v2\/tags?post=231771"}],"curies":[{"name":"wp","href":"https:\/\/api.w.org\/{rel}","templated":true}]}}