{"id":231775,"date":"2025-11-12T08:01:12","date_gmt":"2025-11-12T08:01:12","guid":{"rendered":"https:\/\/www.europesays.com\/es\/231775\/"},"modified":"2025-11-12T08:01:12","modified_gmt":"2025-11-12T08:01:12","slug":"reportan-tensiones-entre-las-actrices-por-este-motivo","status":"publish","type":"post","link":"https:\/\/www.europesays.com\/es\/231775\/","title":{"rendered":"reportan tensiones entre las actrices por este motivo"},"content":{"rendered":"<p>\n          Zendaya se niega a posar junto a Sydney Sweeney por tensiones<\/p>\n<p>De acuerdo con los reportes, las tensiones entre ambas actrices habr\u00edan llegado al punto de que <b> <a class=\"Link\" href=\"https:\/\/www.quien.com\/estilo-de-vida\/2025\/10\/02\/vive-como-kendall-zendaya-o-harry-styles-asi-puedes-lograr-el-look-de-las-casas-de-tus-celebs-favoritas?utm_source=internal&amp;utm_medium=link-recommended\" target=\"_blank\" rel=\"nofollow noopener\">Zendaya<\/a>  <\/b>se niega a participar en eventos de prensa junto a <b>Sydney Sweeney<\/b> para promover la nueva temporada. La causa del conflicto estar\u00eda relacionada con diferencias ideol\u00f3gicas y diversas controversias p\u00fablicas que han rodeado los \u00faltimos meses a la protagonista de Christy.<\/p>\n<p>             <img loading=\"lazy\" decoding=\"async\" src=\"https:\/\/www.europesays.com\/es\/wp-content\/uploads\/2025\/11\/1762934470_999_\" class=\"lazyload\" alt=\"Zendaya\"  width=\"1200\" height=\"880\"\/> <\/p>\n<p>              Zendaya<br \/>\n              (Getty Images)<\/p>\n<p><b>Zendaya<\/b>, productora ejecutiva de la serie y reconocida por su activismo a favor de los derechos civiles, de la comunidad afroamericana y la inclusi\u00f3n, habr\u00eda decidido tomar distancia profesional de su coprotagonista.<\/p>\n<p>Seg\u00fan la fuente, esta situaci\u00f3n ha generado una gran incomodidad para la estrella de Duna, quien busca mantenerse al margen de cualquier controversia ideol\u00f3gica. <\/p>\n<p>\u201cZendaya no quiere ser vista validando las decisiones de Sydney. Prefiere mantener las distancias y concentrarse en su trabajo\u201d, declar\u00f3 el informante.<\/p>\n<p>             <img loading=\"lazy\" decoding=\"async\" src=\"https:\/\/www.europesays.com\/es\/wp-content\/uploads\/2025\/11\/1762934472_938_\" class=\"lazyload\" alt=\"Sydney Sweeney\"  width=\"1200\" height=\"1800\"\/> <\/p>\n<p>              Sydney Sweeney<br \/>\n              (Getty Images)<\/p>\n<p>El informante explic\u00f3 que <b>Zendaya <\/b>teme que una simple fotograf\u00eda junto a <b>Sweeney <\/b>pueda interpretarse como una aprobaci\u00f3n indirecta de dichas pol\u00e9micas, especialmente despu\u00e9s de que <b>Donald Trump<\/b> elogiara la campa\u00f1a publicitaria de la actriz al enterarse de que est\u00e1 registrada como republicana.<\/p>\n<p>La situaci\u00f3n se ha vuelto tan tensa que se asegur\u00f3 que <b>Zendaya <\/b>\u201cse niega incluso a pararse a su lado\u201d en entrevistas, alfombra roja y eventos p\u00fablicos, revel\u00f3 una fuente.<\/p>\n","protected":false},"excerpt":{"rendered":"Zendaya se niega a posar junto a Sydney Sweeney por tensiones De acuerdo con los reportes, las tensiones&hellip;\n","protected":false},"author":2,"featured_media":231776,"comment_status":"","ping_status":"","sticky":false,"template":"","format":"standard","meta":{"footnotes":""},"categories":[174],"tags":[255,146,147,25,24,2793,22164,60570,256,23,14277,28275,60571],"class_list":{"0":"post-231775","1":"post","2":"type-post","3":"status-publish","4":"format-standard","5":"has-post-thumbnail","7":"category-famosos","8":"tag-celebrities","9":"tag-entertainment","10":"tag-entretenimiento","11":"tag-es","12":"tag-espana","13":"tag-espectaculos","14":"tag-euphoria","15":"tag-euphoria-tercera-temporada","16":"tag-famosos","17":"tag-spain","18":"tag-sydney-sweeney","19":"tag-zendaya","20":"tag-zendaya-y-sydney-sweeney-enfrentan-tensiones"},"share_on_mastodon":{"url":"https:\/\/pubeurope.com\/@es\/115535681092025584","error":""},"_links":{"self":[{"href":"https:\/\/www.europesays.com\/es\/wp-json\/wp\/v2\/posts\/231775","targetHints":{"allow":["GET"]}}],"collection":[{"href":"https:\/\/www.europesays.com\/es\/wp-json\/wp\/v2\/posts"}],"about":[{"href":"https:\/\/www.europesays.com\/es\/wp-json\/wp\/v2\/types\/post"}],"author":[{"embeddable":true,"href":"https:\/\/www.europesays.com\/es\/wp-json\/wp\/v2\/users\/2"}],"replies":[{"embeddable":true,"href":"https:\/\/www.europesays.com\/es\/wp-json\/wp\/v2\/comments?post=231775"}],"version-history":[{"count":0,"href":"https:\/\/www.europesays.com\/es\/wp-json\/wp\/v2\/posts\/231775\/revisions"}],"wp:featuredmedia":[{"embeddable":true,"href":"https:\/\/www.europesays.com\/es\/wp-json\/wp\/v2\/media\/231776"}],"wp:attachment":[{"href":"https:\/\/www.europesays.com\/es\/wp-json\/wp\/v2\/media?parent=231775"}],"wp:term":[{"taxonomy":"category","embeddable":true,"href":"https:\/\/www.europesays.com\/es\/wp-json\/wp\/v2\/categories?post=231775"},{"taxonomy":"post_tag","embeddable":true,"href":"https:\/\/www.europesays.com\/es\/wp-json\/wp\/v2\/tags?post=231775"}],"curies":[{"name":"wp","href":"https:\/\/api.w.org\/{rel}","templated":true}]}}