{"id":231793,"date":"2025-11-12T08:19:08","date_gmt":"2025-11-12T08:19:08","guid":{"rendered":"https:\/\/www.europesays.com\/es\/231793\/"},"modified":"2025-11-12T08:19:08","modified_gmt":"2025-11-12T08:19:08","slug":"ultima-hora-de-la-actualidad-politica-en-directo-sanchez-reclama-la-unidad-europea-para-hacer-frente-a-la-crisis-de-la-vivienda-y-la-emergencia-climatica-espana","status":"publish","type":"post","link":"https:\/\/www.europesays.com\/es\/231793\/","title":{"rendered":"\u00daltima hora de la actualidad pol\u00edtica, en directo | S\u00e1nchez reclama la unidad europea para hacer frente a la crisis de la vivienda y la emergencia clim\u00e1tica | Espa\u00f1a"},"content":{"rendered":"<p><strong>Buenos d\u00edas. <\/strong>Arrancamos la narraci\u00f3n en directo de la \u00faltima hora de la actualidad pol\u00edtica, en este mi\u00e9rcoles 12 de noviembre.\u00a0<\/p>\n<p>El presidente del Gobierno, Pedro S\u00e1nchez, comparece hoy a petici\u00f3n propia y sin l\u00edmite de tiempo ante el Congreso para dar cuenta de las \u00faltimas cumbres internacionales en las que ha participado, la reuni\u00f3n del \u00faltimo Consejo Europeo y la situaci\u00f3n de los servicios p\u00fablicos en Espa\u00f1a. El PP ha solicitado, adem\u00e1s, que comparezca para dar explicaciones, entre otros asuntos, sobre la imputaci\u00f3n de nuevos delitos a su esposa, Bego\u00f1a G\u00f3mez, la investigaci\u00f3n judicial a Leire D\u00edez y la gobernabilidad de Espa\u00f1a tras la ruptura de Junts con el PSOE.<\/p>\n<p>Y, despu\u00e9s, comenzar\u00e1 la sesi\u00f3n de control al Gobierno con un nuevo cara a cara entre S\u00e1nchez y el l\u00edder del PP, Alberto N\u00fa\u00f1ez Feij\u00f3o, quien est\u00e1 previsto que le pregunte: \u201c\u00bfCree que el Gobierno tiene menos obligaciones que los ciudadanos?\u201d.<\/p>\n<p>El fiscal general del Estado, \u00c1lvaro Garc\u00eda Ortiz, declara en el Tribunal Supremo acusado de haber filtrado un correo electr\u00f3nico en el que el abogado de Alberto Gonz\u00e1lez Amador, novio de Isabel D\u00edaz Ayuso, reconoc\u00eda dos delitos fiscales de su cliente.<\/p>\n","protected":false},"excerpt":{"rendered":"Buenos d\u00edas. Arrancamos la narraci\u00f3n en directo de la \u00faltima hora de la actualidad pol\u00edtica, en este mi\u00e9rcoles&hellip;\n","protected":false},"author":2,"featured_media":231794,"comment_status":"","ping_status":"","sticky":false,"template":"","format":"standard","meta":{"footnotes":""},"categories":[8],"tags":[6069,17,18,4456,6913,25,24,13,14,582,6909,248,11,19,20,6910,9,10,15,16,957,2959,952,1670,956,1699,6914,6912,23,4453,12,21,22,624,6911,4454],"class_list":{"0":"post-231793","1":"post","2":"type-post","3":"status-publish","4":"format-standard","5":"has-post-thumbnail","7":"category-espana","8":"tag-alberto-nunez-feijoo","9":"tag-breaking-news","10":"tag-breakingnews","11":"tag-congreso-diputados","12":"tag-debates-parlamentarios","13":"tag-es","14":"tag-espana","15":"tag-featured-news","16":"tag-featurednews","17":"tag-gobierno","18":"tag-gobierno-de-coalicion","19":"tag-gobierno-de-espana","20":"tag-headlines","21":"tag-latest-news","22":"tag-latestnews","23":"tag-legislaturas-politicas","24":"tag-news","25":"tag-noticias","26":"tag-noticias-destacadas","27":"tag-noticiasdestacadas","28":"tag-partidos-politicos","29":"tag-pedro-sanchez","30":"tag-politica","31":"tag-politicos","32":"tag-pp","33":"tag-psoe","34":"tag-santiago-abascal","35":"tag-senado","36":"tag-spain","37":"tag-sumar","38":"tag-titulares","39":"tag-ultimas-noticias","40":"tag-ultimasnoticias","41":"tag-vox","42":"tag-xv-legislatura-espana","43":"tag-yolanda-diaz"},"share_on_mastodon":{"url":"","error":"Validation failed: Text character limit of 500 exceeded"},"_links":{"self":[{"href":"https:\/\/www.europesays.com\/es\/wp-json\/wp\/v2\/posts\/231793","targetHints":{"allow":["GET"]}}],"collection":[{"href":"https:\/\/www.europesays.com\/es\/wp-json\/wp\/v2\/posts"}],"about":[{"href":"https:\/\/www.europesays.com\/es\/wp-json\/wp\/v2\/types\/post"}],"author":[{"embeddable":true,"href":"https:\/\/www.europesays.com\/es\/wp-json\/wp\/v2\/users\/2"}],"replies":[{"embeddable":true,"href":"https:\/\/www.europesays.com\/es\/wp-json\/wp\/v2\/comments?post=231793"}],"version-history":[{"count":0,"href":"https:\/\/www.europesays.com\/es\/wp-json\/wp\/v2\/posts\/231793\/revisions"}],"wp:featuredmedia":[{"embeddable":true,"href":"https:\/\/www.europesays.com\/es\/wp-json\/wp\/v2\/media\/231794"}],"wp:attachment":[{"href":"https:\/\/www.europesays.com\/es\/wp-json\/wp\/v2\/media?parent=231793"}],"wp:term":[{"taxonomy":"category","embeddable":true,"href":"https:\/\/www.europesays.com\/es\/wp-json\/wp\/v2\/categories?post=231793"},{"taxonomy":"post_tag","embeddable":true,"href":"https:\/\/www.europesays.com\/es\/wp-json\/wp\/v2\/tags?post=231793"}],"curies":[{"name":"wp","href":"https:\/\/api.w.org\/{rel}","templated":true}]}}