{"id":231805,"date":"2025-11-12T08:32:06","date_gmt":"2025-11-12T08:32:06","guid":{"rendered":"https:\/\/www.europesays.com\/es\/231805\/"},"modified":"2025-11-12T08:32:06","modified_gmt":"2025-11-12T08:32:06","slug":"miguel-rios-ha-escuchado-cuatro-canciones-del-nuevo-disco-de-rosalia-y-se-pronuncia-asi-de-claro-sobre-su-trabajo","status":"publish","type":"post","link":"https:\/\/www.europesays.com\/es\/231805\/","title":{"rendered":"Miguel R\u00edos ha escuchado cuatro canciones del nuevo disco de Rosal\u00eda y se pronuncia as\u00ed de claro sobre su trabajo"},"content":{"rendered":"<p>Miguel R\u00edos,<a href=\"https:\/\/www.huffingtonpost.es\/virales\/preguntan-miguel-rios-seguir-votando-psoe-el-responde-justifica-forma.html\" rel=\"nofollow noopener\" target=\"_blank\"> uno de los pioneros del rock en Espa\u00f1a<\/a> y galardonado entre otros premios con la Medalla de Oro al M\u00e9rito en las Bellas Artes<b>, se ha pronunciado con total claridad sobre Lux,<\/b> el nuevo disco de Rosal\u00eda que est\u00e1 cosechando <a href=\"https:\/\/www.huffingtonpost.es\/virales\/victor-manuel-escucha-nuevo-disco-rosalia-deja-claro-piensa-trabajo.html\" rel=\"nofollow noopener\" target=\"_blank\">excelentes cr\u00edticas tanto en Espa\u00f1a como en el extranjero.<\/a><\/p>\n<p>R\u00edos ha lanzado su \u00faltimo \u00e1lbum, llamado El \u00daltimo Vals, precisamente el 7 de noviembre, al igual que la artista catalana. Y se ha mostrado ir\u00f3nico sobre esa coincidencia: \u00abLa verdad que estoy muy disgustado con mi agente de promoci\u00f3n.<b> \u00bfQu\u00e9 has hecho, t\u00edo? Has dejado que nos gane Rosal\u00eda la partida, t\u00edo, de la notoriedad\u00bb<\/b>, ha se\u00f1alado en una entrevista en Europa FM.<\/p>\n<p>\u00abEstuve oyendo el disco de Rosal\u00eda. A m\u00ed Motomami me gustaba mucho, lo o\u00ed por recomendaci\u00f3n de mi hija. Me gust\u00f3 mucho. El nuevo, que ayer estuve oyendo como cuatro canciones.<b> Es que esa chica tiene mucho talento, la verdad\u00bb<\/b>, ha admitido.<\/p>\n<p>\u00abCreo que es una chica que tiene mucho talento y <b>anda por las m\u00fasicas que no sonBad Bunny o ese tipo de rollos.<\/b> Yo no estoy en desacuerdo en ning\u00fan momento con la gente que va saliendo porque yo cuando empec\u00e9 con el rock and roll mi madre, cuando cantaba alguna canci\u00f3n que triunfaba en aquella \u00e9poca, dec\u00eda: &#8216;Ni\u00f1o, t\u00fa qu\u00e9 tienes en la boca. Como te vea yo cantando por la escalera te mato\u00bb, ha recordado.<\/p>\n<p>\u00abNo puedo estar en contra de ning\u00fan tipo de m\u00fasica que emocione\u00bb<\/p>\n<p>R\u00edos ha explicado que esa reacci\u00f3n de su madre se deb\u00eda a que \u00abera una m\u00fasica que le era muy hostil\u00bb: \u00abPor eso no puedo estar en contra de ning\u00fan tipo de m\u00fasica que emocione a otra gente. <b>Yo tuve tambi\u00e9n mis rarezas\u00bb.<\/b><\/p>\n<p>En t\u00e9rminos muy similares se ha pronunciado otro artista consagrado de Espa\u00f1a, V\u00edctor Manuel, quien en una entrevista en RNE ha se\u00f1alado:\u00a0<b>\u00abMe gusta mucho escuchar de todo,<\/b> para saber d\u00f3nde estoy y como estoy de despistado respecto a una realidad que hay. Que hay veces que comparto y otras que no comparto\u00bb.<\/p>\n<p>\u00abAyer vine escuchando el disco de Rosal\u00eda una parte del trayecto. A ver qu\u00e9 hab\u00eda hecho. <b>Me gusta mucho escuchar, sobre todo a la gente m\u00e1s joven que yo\u00bb<\/b>, expuso el cantautor.<\/p>\n<p>\u00abYo a eso le doy mucho valor\u00bb<\/p>\n<p>Al preguntarle que qu\u00e9 le parece lo nuevo de la artista catalana, reconoci\u00f3 que es \u00abun exceso, como siempre con Rosal\u00eda\u00bb. <b>\u00abPorque parece que se acaba el mundo\u00bb,<\/b> expres\u00f3.<\/p>\n<p>\u00abPero tiene cosas muy estimables dentro y, sobre todo, arriesga mucho<b>. Quiero decir, no tiene ninguna necesidad de arriesgar y est\u00e1 arriesgando<\/b>. Yo a eso le doy mucho valor. Es una chica muy joven y tiene derecho a equivocarse como cualquiera de nosotros. Pero tiene un mont\u00f3n de canciones estupendas\u00bb, admiti\u00f3.<\/p>\n","protected":false},"excerpt":{"rendered":"Miguel R\u00edos, uno de los pioneros del rock en Espa\u00f1a y galardonado entre otros premios con la Medalla&hellip;\n","protected":false},"author":2,"featured_media":231806,"comment_status":"","ping_status":"","sticky":false,"template":"","format":"standard","meta":{"footnotes":""},"categories":[174],"tags":[255,146,147,25,24,256,58571,185,4147,23],"class_list":{"0":"post-231805","1":"post","2":"type-post","3":"status-publish","4":"format-standard","5":"has-post-thumbnail","7":"category-famosos","8":"tag-celebrities","9":"tag-entertainment","10":"tag-entretenimiento","11":"tag-es","12":"tag-espana","13":"tag-famosos","14":"tag-miguel-rios","15":"tag-musica","16":"tag-rosalia","17":"tag-spain"},"share_on_mastodon":{"url":"","error":""},"_links":{"self":[{"href":"https:\/\/www.europesays.com\/es\/wp-json\/wp\/v2\/posts\/231805","targetHints":{"allow":["GET"]}}],"collection":[{"href":"https:\/\/www.europesays.com\/es\/wp-json\/wp\/v2\/posts"}],"about":[{"href":"https:\/\/www.europesays.com\/es\/wp-json\/wp\/v2\/types\/post"}],"author":[{"embeddable":true,"href":"https:\/\/www.europesays.com\/es\/wp-json\/wp\/v2\/users\/2"}],"replies":[{"embeddable":true,"href":"https:\/\/www.europesays.com\/es\/wp-json\/wp\/v2\/comments?post=231805"}],"version-history":[{"count":0,"href":"https:\/\/www.europesays.com\/es\/wp-json\/wp\/v2\/posts\/231805\/revisions"}],"wp:featuredmedia":[{"embeddable":true,"href":"https:\/\/www.europesays.com\/es\/wp-json\/wp\/v2\/media\/231806"}],"wp:attachment":[{"href":"https:\/\/www.europesays.com\/es\/wp-json\/wp\/v2\/media?parent=231805"}],"wp:term":[{"taxonomy":"category","embeddable":true,"href":"https:\/\/www.europesays.com\/es\/wp-json\/wp\/v2\/categories?post=231805"},{"taxonomy":"post_tag","embeddable":true,"href":"https:\/\/www.europesays.com\/es\/wp-json\/wp\/v2\/tags?post=231805"}],"curies":[{"name":"wp","href":"https:\/\/api.w.org\/{rel}","templated":true}]}}