{"id":231816,"date":"2025-11-12T08:41:43","date_gmt":"2025-11-12T08:41:43","guid":{"rendered":"https:\/\/www.europesays.com\/es\/231816\/"},"modified":"2025-11-12T08:41:43","modified_gmt":"2025-11-12T08:41:43","slug":"ehab-abu-jazar-seleccionador-de-palestina-el-futbol-es-una-plataforma-para-contar-nuestra-historia-un-motivo-para-sonreir-futbol-deportes","status":"publish","type":"post","link":"https:\/\/www.europesays.com\/es\/231816\/","title":{"rendered":"Ehab Abu Jazar, seleccionador de Palestina: \u201cEl f\u00fatbol es una plataforma para contar nuestra historia, un motivo para sonre\u00edr\u201d | F\u00fatbol | Deportes"},"content":{"rendered":"<p class=\"\">Ehab Abu Jazar, de 45 a\u00f1os, se cri\u00f3 entre Khan Yunis y el paso fronterizo de Rafah, tristemente famoso por los miles de camiones humanitarios bloqueados por el ej\u00e9rcito israel\u00ed. All\u00ed, en los a\u00f1os ochenta, un ni\u00f1o aprend\u00eda a so\u00f1ar con un bal\u00f3n en los pies en las calles \u00e1ridas que rodeaban una casa que ya no existe y a pocos pasos de la desesperaci\u00f3n de los muchos campamentos de refugiados que rodean la ciudad suroccidental de la <a href=\"https:\/\/elpais.com\/internacional\/2023-10-13\/asi-es-la-franja-de-gaza-el-objetivo-militar-de-israel-y-la-cuna-de-hamas.html\" target=\"_self\" rel=\"nofollow noopener\" title=\"https:\/\/elpais.com\/internacional\/2023-10-13\/asi-es-la-franja-de-gaza-el-objetivo-militar-de-israel-y-la-cuna-de-hamas.html\">franja de Gaza<\/a>. Entre el polvo y el ruido de un conflicto perenne, aquella pelota desconchada era su universo, su manera de imaginar un futuro distinto, pese a la guerra, la escasez y el miedo constante. Ese ni\u00f1o es hoy el entrenador de Palestina. Su historia encarna la compleja realidad de un pa\u00eds en conflicto: la resiliencia frente al dolor de la p\u00e9rdida y de la distancia, la esperanza que surge en medio de la destrucci\u00f3n y la fuerza que el deporte puede dar a un pueblo entero. Entre los recuerdos de partidos improvisados en callejones polvorientos y los duros d\u00edas de una guerra que tambi\u00e9n le arrebat\u00f3 a su padre, Ehad ha aprendido a transformar el miedo y la tristeza en motivaci\u00f3n, llevando la voz de su gente a cada entrenamiento y cada partido de su selecci\u00f3n nacional.<\/p>\n<p class=\"\"><b>Pregunta.<\/b> \u00bfQui\u00e9n era y qui\u00e9n es hoy Ehad Abu Jazar?<\/p>\n<p class=\"\"><b>Respuesta.<\/b> Como cualquier ni\u00f1o palestino, yo tambi\u00e9n amaba profundamente el f\u00fatbol. Jugaba en todas partes: en los callejones, en los patios de las escuelas, en los clubes locales\u2026 hasta que logr\u00e9 llegar a ser jugador de club y luego integrante de la selecci\u00f3n nacional. <a href=\"https:\/\/elpais.com\/diario\/2000\/07\/23\/internacional\/964303205_850215.html\" target=\"_self\" rel=\"nofollow noopener\" title=\"https:\/\/elpais.com\/diario\/2000\/07\/23\/internacional\/964303205_850215.html\">Crec\u00ed durante la primera Intifada<\/a>, en 1987, cuando ten\u00eda apenas siete a\u00f1os. Todo a nuestro alrededor nos impulsaba a expresar nuestra identidad palestina y el f\u00fatbol se convirti\u00f3 en algo mucho m\u00e1s que un juego para m\u00ed. Form\u00f3 mi car\u00e1cter, mi vida y mi camino. Mi primer partido oficial con el Shabab Rafah sigue siendo el momento m\u00e1s definitorio de mi vida: marc\u00f3 el inicio de mi conexi\u00f3n profesional con el juego y con la afici\u00f3n.<\/p>\n<p class=\"\"><b>P.<\/b> \u00bfQu\u00e9 significaba crecer en Palestina en aquellos a\u00f1os?<\/p>\n<p class=\"\"><b>R.<\/b> Era un ni\u00f1o en\u00e9rgico, apasionado, que viv\u00eda y respiraba f\u00fatbol. Jug\u00e1bamos en espacios abiertos, en campos polvorientos, en cada rinc\u00f3n de Khan Yunis. La mayor\u00eda de los miembros de mi familia eran deportistas: incluso ten\u00edamos un equipo familiar que compet\u00eda en torneos comunitarios. Desde aquellos primeros d\u00edas, el f\u00fatbol se convirti\u00f3 en una tradici\u00f3n familiar. En [el club] Shabab Rafah hubo varios jugadores talentosos de mi familia, incluido Suleiman Abu Jazar, que m\u00e1s tarde lleg\u00f3 a ser presidente del club.<\/p>\n<blockquote class=\"a_q\">\n<p>Cuando era peque\u00f1o, todo a nuestro alrededor nos impulsaba a expresar nuestra identidad palestina y el f\u00fatbol se convirti\u00f3 en algo mucho m\u00e1s que un juego para m\u00ed<\/p>\n<\/blockquote>\n<p class=\"\"><b>P.<\/b> \u00bfHubo un momento espec\u00edfico en el que comprendi\u00f3 que el f\u00fatbol ser\u00eda su vida?<\/p>\n<p class=\"\"><b>R.<\/b> El propio entorno me guio: mi familia, mi vecindario, la cultura que nos rodeaba. El f\u00fatbol estaba en todas partes; era nuestra forma de expresar identidad, unidad y resistencia. Cuando jugu\u00e9 mi primer partido con el Shabab Rafah, entend\u00ed que ya no era un pasatiempo: era mi vida.<\/p>\n<p class=\"\"><b>P.<\/b> En su infancia, \u00bfel f\u00fatbol era solo un juego?<\/p>\n<p class=\"\"><b>R.<\/b> Para nosotros, el f\u00fatbol era una forma de libertad. Nos permit\u00eda escapar de las restricciones de la ocupaci\u00f3n <a href=\"https:\/\/elpais.com\/videos\/2024-01-15\/especial-israel-y-palestina-las-piezas-que-no-encajan-anatomia-de-un-conflicto.html?autoplay=1\" target=\"_self\" rel=\"nofollow noopener\" title=\"https:\/\/elpais.com\/videos\/2024-01-15\/especial-israel-y-palestina-las-piezas-que-no-encajan-anatomia-de-un-conflicto.html?autoplay=1\">e imaginar una Palestina distinta<\/a>, mejor. No se trataba solo de ganar partidos, sino de sentirnos vivos y visibles en un mundo que intentaba silenciarnos.<\/p>\n<p class=\"\"><b>P.<\/b> \u00bfHay alg\u00fan recuerdo familiar o episodio de su infancia que vuelva a su mente con frecuencia?<\/p>\n<p class=\"\"><b>R.<\/b> Siempre recuerdo mi primer partido oficial con Shabab Rafah. Ese d\u00eda comprend\u00ed cu\u00e1n profundamente estaba ligado al f\u00fatbol y a mi pueblo. Es el recuerdo que me alimenta cada vez que enfrento dificultades.<\/p>\n<p class=\"\"><b>P.<\/b> \u00bf<a href=\"https:\/\/elpais.com\/internacional\/2024-10-06\/la-matanza-del-7-de-octubre-como-hamas-asalto-la-frontera-con-israel-y-asesino-a-1200-personas.html\" target=\"_self\" rel=\"nofollow noopener\" title=\"https:\/\/elpais.com\/internacional\/2024-10-06\/la-matanza-del-7-de-octubre-como-hamas-asalto-la-frontera-con-israel-y-asesino-a-1200-personas.html\">D\u00f3nde estaba el 7 de octubre<\/a> de 2023, el d\u00eda del ataque terrorista de Hamas que agrav\u00f3 el conflicto con Israel? <\/p>\n<p class=\"\"><b>R.<\/b> Estaba en casa, en Ramala. Me despert\u00e9 y vi las im\u00e1genes que aparec\u00edan, y sinceramente, sentimos terror. Sab\u00edamos que la reacci\u00f3n de Israel ser\u00eda extremadamente violenta e inhumana. Lo que ocurre en Gaza es un genocidio en todo el sentido de la palabra.<\/p>\n<p>M\u00e1s informaci\u00f3n<\/p>\n<p class=\"\"><b>P.<\/b> \u00bfPudo regresar a su hogar en alg\u00fan momento?<\/p>\n<p class=\"\"><b>R.<\/b> Siempre he vivido en Palestina. Nac\u00ed y crec\u00ed en Gaza, y me fui en 2009 para jugar con Hilal Al-Quds y Al-Am\u2019ari. Nuestra casa familiar en Gaza, la casa que construimos con amor, fue completamente destruida en esta guerra. Ya no existe.<\/p>\n<p class=\"\"><b>P.<\/b> \u00bfC\u00f3mo han cambiado los acontecimientos de la guerra su relaci\u00f3n con su ciudad, su familia y los amigos que siguen all\u00ed?<\/p>\n<p class=\"\"><b>R.<\/b> La guerra lo cambi\u00f3 todo: la ciudad, el paisaje, las calles donde crecimos. Mantengo contacto constante con mi familia. <a href=\"https:\/\/elpais.com\/planeta-futuro\/2025-11-09\/plestia-alaqad-periodista-de-gaza-el-genocidio-no-se-detiene-cuando-paran-las-bombas.html\" target=\"_self\" rel=\"nofollow noopener\" title=\"https:\/\/elpais.com\/planeta-futuro\/2025-11-09\/plestia-alaqad-periodista-de-gaza-el-genocidio-no-se-detiene-cuando-paran-las-bombas.html\">Mi madre sigue en Gaza<\/a> y mis hermanos viven ahora en tiendas en Khan Yunis. Esa realidad me rompe el coraz\u00f3n cada d\u00eda.<\/p>\n<p class=\"\"><b>P.<\/b> \u00bfC\u00f3mo se sobrevive sabiendo que uno est\u00e1 a salvo mientras otros viven bajo las bombas?<\/p>\n<p class=\"\"><b>R.<\/b> Ning\u00fan palestino se siente realmente a salvo. Incluso los que est\u00e1n fuera de Gaza viven con miedo y ansiedad. Cada vez que escucho sobre bombardeos en determinadas zonas, el coraz\u00f3n se me detiene, porque conozco a gente all\u00ed: familiares, amigos. En Gaza, todos estamos conectados; cada explosi\u00f3n se siente personal.<\/p>\n<p class=\"\"><b>P.<\/b> Durante un conflicto, el tel\u00e9fono m\u00f3vil suele marcar una delgada l\u00ednea entre la vida y la muerte, pero tambi\u00e9n es el \u00fanico v\u00ednculo con la realidad. \u00bfC\u00f3mo lo vivi\u00f3 usted?<\/p>\n<p class=\"\"><b>R.<\/b> La comunicaci\u00f3n era extremadamente dif\u00edcil, especialmente durante la primera semana. No sab\u00edamos si nuestras familias segu\u00edan vivas. Segu\u00edamos cada noticia con el coraz\u00f3n en la mano. <a href=\"https:\/\/elpais.com\/diario\/1990\/12\/12\/opinion\/660956405_850215.html\" target=\"_self\" rel=\"nofollow noopener\" title=\"https:\/\/elpais.com\/diario\/1990\/12\/12\/opinion\/660956405_850215.html\">El mismo d\u00eda que jugamos contra Kuwait<\/a>, mi familia recibi\u00f3 la orden de evacuar su vecindario: fui a ese partido sin saber si sobrevivir\u00edan.<\/p>\n<blockquote class=\"a_q\">\n<p>En nuestro caso, el f\u00fatbol se convierte en una misi\u00f3n, no solo en un deporte. Cada partido, cada gol tiene un significado que va m\u00e1s all\u00e1 del campo<\/p>\n<\/blockquote>\n<p class=\"\"><b>P.<\/b> \u00bfQu\u00e9 hace para proteger a sus jugadores en la v\u00edspera de un partido?<\/p>\n<p class=\"\"><b>R.<\/b> No se puede aislar a un jugador palestino de lo que ocurre a su alrededor. En lugar de eso, tratamos de convertir ese dolor en motivaci\u00f3n. Pero los momentos m\u00e1s duros son cuando llegan mensajes a medianoche: casi siempre traen malas noticias. Durante esta guerra perd\u00ed a mi padre; recib\u00ed la noticia en mitad de la noche. Fue devastador.<\/p>\n<p class=\"\"><b>P. <\/b>No sorprende pues que le de miedo abrir los mensajes que recibe&#8230;<\/p>\n<p class=\"\"><b>R.<\/b> S\u00ed. Especialmente de noche. Los mensajes durante la guerra suelen significar p\u00e9rdida: una muerte, un bombardeo, una destrucci\u00f3n. Cada notificaci\u00f3n hace que el coraz\u00f3n se te detenga un instante.<\/p>\n<p class=\"\"><b>P.<\/b> \u00bfQu\u00e9 significa \u201cestar presente\u201d para su pueblo incluso cuando uno est\u00e1 lejos, especialmente en un momento en que muchos pierden su casa, su familia o su vida?<\/p>\n<p class=\"\"><b>R.<\/b> Representamos al pueblo palestino y jugamos en su nombre. Yo soy uno de ellos y perd\u00ed mi hogar como muchos otros. Hemos pagado un precio muy alto. Tambi\u00e9n perdimos grandes figuras del f\u00fatbol palestino, como Hani Al-Masdar, mi asistente en la selecci\u00f3n ol\u00edmpica, y <a href=\"https:\/\/elpais.com\/deportes\/futbol\/2025-08-10\/salah-critica-el-homenaje-de-la-uefa-al-pele-palestino-por-no-especificar-las-causas-de-su-muerte.html\" target=\"_self\" rel=\"nofollow noopener\" title=\"https:\/\/elpais.com\/deportes\/futbol\/2025-08-10\/salah-critica-el-homenaje-de-la-uefa-al-pele-palestino-por-no-especificar-las-causas-de-su-muerte.html\">Suleiman Al-Obeid<\/a>, un jugador legendario y querido amigo que muri\u00f3 buscando comida. Sus muertes fueron p\u00e9rdidas personales, pero tambi\u00e9n p\u00e9rdidas para todo el deporte palestino.<\/p>\n<p class=\"\"><b>P.<\/b> Ha nombrado <a href=\"https:\/\/elpais.com\/deportes\/futbol\/2025-08-10\/salah-critica-el-homenaje-de-la-uefa-al-pele-palestino-por-no-especificar-las-causas-de-su-muerte.html\" target=\"_self\" rel=\"nofollow noopener\" title=\"https:\/\/elpais.com\/deportes\/futbol\/2025-08-10\/salah-critica-el-homenaje-de-la-uefa-al-pele-palestino-por-no-especificar-las-causas-de-su-muerte.html\">Al-Obeid, el \u201cPel\u00e9 palestino<\/a>\u201d, muerto durante el conflicto.<\/p>\n<p class=\"\"><b>R.<\/b> Suleiman Al-Obeid fue uno de los nombres m\u00e1s brillantes del f\u00fatbol palestino: un verdadero diamante. Era humilde, talentoso y muy querido. Su p\u00e9rdida es irreemplazable.<\/p>\n<p class=\"\"><b>P.<\/b> El f\u00fatbol palestino siempre ha tenido un papel simb\u00f3lico incluso m\u00e1s que deportivo. Hoy, \u00bfqu\u00e9 representa para su pueblo? \u00bfA\u00fan es posible hablar de deporte cuando todo alrededor est\u00e1 destruido?<\/p>\n<p class=\"\"><b>R.<\/b> Para nosotros, el f\u00fatbol es mucho m\u00e1s que un juego. Es una plataforma para contar nuestra historia, para dar a nuestra gente un motivo para sonre\u00edr. En los momentos en que todo est\u00e1 destruido, el f\u00fatbol se convierte en una forma de vida.<\/p>\n<p class=\"\"><b>P.<\/b> Los recientes resultados de la selecci\u00f3n sirvieron para dar esperanza y un momento de normalidad a los palestinos.<\/p>\n<p class=\"\"><b>R.<\/b> Fue una sensaci\u00f3n incre\u00edble de orgullo. En tiempos oscuros, poder traer aunque sea una chispa de alegr\u00eda a nuestra gente lo significa todo. Ver c\u00f3mo los aficionados se unieron alrededor del equipo nos llen\u00f3 de orgullo y gratitud.<\/p>\n<p class=\"\"><b>P.<\/b> Palestina estuvo muy cerca de pasar <a href=\"https:\/\/elpais.com\/mexico\/2025-11-10\/los-mexicanos-se-vuelcan-con-el-mundial-2026-para-conseguir-una-entrada-a-los-estadios-y-el-pais-preve-una-llegada-de-55-millones-de-visitantes.html\" target=\"_self\" rel=\"nofollow noopener\" title=\"https:\/\/elpais.com\/mexico\/2025-11-10\/los-mexicanos-se-vuelcan-con-el-mundial-2026-para-conseguir-una-entrada-a-los-estadios-y-el-pais-preve-una-llegada-de-55-millones-de-visitantes.html\">de ronda en las clasificaciones al Mundial<\/a>. \u00bfCu\u00e1nto doli\u00f3 ese empate con Om\u00e1n en el tiempo de descuento generado por un penalti tan controvertido?<\/p>\n<p class=\"\"><b>R.<\/b> Fue doloroso, claro. Quer\u00edamos ganar y regalar una celebraci\u00f3n a nuestro pueblo. La decisi\u00f3n del penalti fue dudosa, pero eso es el f\u00fatbol: victoria, derrota y empate son parte del juego. Lo que m\u00e1s doli\u00f3 fue que nuestra gente esperaba una alegr\u00eda que no lleg\u00f3. Pero demostramos que Palestina puede llegar al Mundial y lucharemos para estar all\u00ed en 2030.<\/p>\n<blockquote class=\"twitter-tweet\">\n<p lang=\"en\" dir=\"ltr\">Palestine&#8217;s squad for Euskadi, Catalunya friendlies revealed and there are players from FIVE confederations in the side. Including several first time call ups. <\/p>\n<p>\ud83d\udd3bDETAILS\ud83d\udd3b<a href=\"https:\/\/t.co\/yJ2of2xRtq\" rel=\"nofollow\">https:\/\/t.co\/yJ2of2xRtq<\/a><\/p>\n<p>\u2014 Football Palestine (@FutbolPalestine) <a href=\"https:\/\/twitter.com\/FutbolPalestine\/status\/1988018683336146991?ref_src=twsrc%5Etfw\" rel=\"nofollow noopener\" target=\"_blank\">November 10, 2025<\/a><\/p><\/blockquote>\n<p class=\"\"><b>P.<\/b> \u00bfQu\u00e9 les dijo a sus jugadores en el vestuario despu\u00e9s de ese partido?<\/p>\n<p class=\"\"><b>R.<\/b> Les dije que hicieron que Palestina se sintiera orgullosa. Seguiremos adelante, este camino no ha terminado.<\/p>\n<p class=\"\"><b>P.<\/b> Durante el conflicto, la selecci\u00f3n nacional se convirti\u00f3 en una especie de refugio emocional para su pueblo. \u00bfSinti\u00f3 esa responsabilidad?<\/p>\n<p class=\"\"><b>R.<\/b> Absolutamente. Desde el momento en que asum\u00ed cualquier cargo, supe que llev\u00e1bamos las esperanzas de toda una naci\u00f3n. Es una gran responsabilidad, pero tambi\u00e9n un enorme honor.<\/p>\n<p class=\"\"><b>P.<\/b> \u00bfC\u00f3mo es entrenar a un equipo que carga con el peso de todo un pueblo? \u00bfEn qu\u00e9 se transforma el f\u00fatbol en esas condiciones?<\/p>\n<p class=\"\"><b>R.<\/b> Lo cambia todo: el f\u00fatbol se convierte en una misi\u00f3n, no solo en un deporte. Cada partido, cada gol tiene un significado que va m\u00e1s all\u00e1 del campo. Jugamos no solo para ganar, sino para existir.<\/p>\n<p class=\"\"><b>P.<\/b> \u00bfQu\u00e9 hay, hoy, en el coraz\u00f3n de los palestinos: m\u00e1s rabia o m\u00e1s deseo de volver a empezar?<\/p>\n<p class=\"\"><b>R.<\/b> Ambas cosas existen. Pero sobre todo, hay una profunda voluntad de reconstruir. Somos un pueblo que ama la vida, que aprende, lee, escribe y sue\u00f1a y por eso volveremos a levantarnos.<\/p>\n<p class=\"\"><b>P.<\/b> \u00bfEs optimista respecto a la posibilidad de regreso del pueblo palestino a Gaza y cree que alg\u00fan d\u00eda ser\u00e1 posible una convivencia real con Israel?<\/p>\n<p class=\"\"><b>R.<\/b> <a href=\"https:\/\/elpais.com\/internacional\/2025-11-06\/israel-lanza-una-oleada-de-bombardeos-contra-hezbola-en-el-sur-de-libano-y-provoca-el-cierre-de-colegios.html\" target=\"_self\" rel=\"nofollow noopener\" title=\"https:\/\/elpais.com\/internacional\/2025-11-06\/israel-lanza-una-oleada-de-bombardeos-contra-hezbola-en-el-sur-de-libano-y-provoca-el-cierre-de-colegios.html\">Creo que reconstruiremos Gaza<\/a>. Somos una naci\u00f3n resiliente, culta, educada y decidida. Pero no creo que Israel desee realmente la convivencia. Si as\u00ed fuera, ya tendr\u00edamos nuestro Estado independiente y nuestros derechos.<\/p>\n<p class=\"\"><b>P.<\/b> Miles de espa\u00f1oles (y no solo) han salido a las calles hace unas semanas en solidaridad con Palestina. \u00bfQu\u00e9 signific\u00f3 para usted y para sus jugadores sentir ese calor humano desde tan lejos?<\/p>\n<p class=\"\"><b>R.<\/b> Lo significa todo. Estamos orgullosos de cada persona libre que se puso de pie por nosotros. Su solidaridad nos da fuerza y esperanza. So\u00f1amos con el d\u00eda en que puedan visitar una Palestina libre.<\/p>\n<p class=\"\"><b>P.<\/b> En este sentido, \u00bfqu\u00e9 significan los amistosos contra Euskadi o Catalu\u00f1a?<\/p>\n<p class=\"\"><b>R.<\/b> Es un momento simb\u00f3lico, hist\u00f3rico. Jugar contra Euskadi o Catalu\u00f1a no es solo deporte: es una declaraci\u00f3n. Ver ondear las banderas palestinas y escuchar a los aficionados corear nuestro nombre es un mensaje contra el genocidio y la ocupaci\u00f3n.<\/p>\n<p class=\"\"><b>P.<\/b> \u00bfCu\u00e1l es hoy el sue\u00f1o de aquel ni\u00f1o que se cri\u00f3 por las calles polvorientas de Khan Yunis?<\/p>\n<p class=\"\"><b>R.<\/b> Mi sue\u00f1o como hombre es simple: vivir libremente en mi tierra, sin miedo ni ocupaci\u00f3n. Como entrenador, es llevar a Palestina al Mundial y escuchar nuestro himno en ese escenario. El f\u00fatbol me lo ha dado todo y quiero devolverle algo a mi pueblo.<\/p>\n<p><script async src=\"https:\/\/platform.twitter.com\/widgets.js\" charset=\"utf-8\"><\/script><\/p>\n","protected":false},"excerpt":{"rendered":"Ehab Abu Jazar, de 45 a\u00f1os, se cri\u00f3 entre Khan Yunis y el paso fronterizo de Rafah, tristemente&hellip;\n","protected":false},"author":2,"featured_media":231817,"comment_status":"","ping_status":"","sticky":false,"template":"","format":"standard","meta":{"footnotes":""},"categories":[93],"tags":[1540,68,168,1539,25,24,73,282,1538,76,60573,23,167],"class_list":{"0":"post-231816","1":"post","2":"type-post","3":"status-publish","4":"format-standard","5":"has-post-thumbnail","7":"category-deportes","8":"tag-competiciones","9":"tag-conflicto-arabe-israeli","10":"tag-deportes","11":"tag-entrenadores","12":"tag-es","13":"tag-espana","14":"tag-franja-gaza","15":"tag-futbol","16":"tag-futbolistas","17":"tag-palestina","18":"tag-seleccion-futbol-palestina","19":"tag-spain","20":"tag-sports"},"share_on_mastodon":{"url":"https:\/\/pubeurope.com\/@es\/115535838133740045","error":""},"_links":{"self":[{"href":"https:\/\/www.europesays.com\/es\/wp-json\/wp\/v2\/posts\/231816","targetHints":{"allow":["GET"]}}],"collection":[{"href":"https:\/\/www.europesays.com\/es\/wp-json\/wp\/v2\/posts"}],"about":[{"href":"https:\/\/www.europesays.com\/es\/wp-json\/wp\/v2\/types\/post"}],"author":[{"embeddable":true,"href":"https:\/\/www.europesays.com\/es\/wp-json\/wp\/v2\/users\/2"}],"replies":[{"embeddable":true,"href":"https:\/\/www.europesays.com\/es\/wp-json\/wp\/v2\/comments?post=231816"}],"version-history":[{"count":0,"href":"https:\/\/www.europesays.com\/es\/wp-json\/wp\/v2\/posts\/231816\/revisions"}],"wp:featuredmedia":[{"embeddable":true,"href":"https:\/\/www.europesays.com\/es\/wp-json\/wp\/v2\/media\/231817"}],"wp:attachment":[{"href":"https:\/\/www.europesays.com\/es\/wp-json\/wp\/v2\/media?parent=231816"}],"wp:term":[{"taxonomy":"category","embeddable":true,"href":"https:\/\/www.europesays.com\/es\/wp-json\/wp\/v2\/categories?post=231816"},{"taxonomy":"post_tag","embeddable":true,"href":"https:\/\/www.europesays.com\/es\/wp-json\/wp\/v2\/tags?post=231816"}],"curies":[{"name":"wp","href":"https:\/\/api.w.org\/{rel}","templated":true}]}}