{"id":231818,"date":"2025-11-12T08:45:18","date_gmt":"2025-11-12T08:45:18","guid":{"rendered":"https:\/\/www.europesays.com\/es\/231818\/"},"modified":"2025-11-12T08:45:18","modified_gmt":"2025-11-12T08:45:18","slug":"la-noche-que-el-hormiguero-hizo-un-traje-a-rtve-y-se-quedo-tan-a-gusto-el-mundo","status":"publish","type":"post","link":"https:\/\/www.europesays.com\/es\/231818\/","title":{"rendered":"La noche que El Hormiguero hizo un traje a RTVE y se qued\u00f3 tan a gusto &#8211; El Mundo"},"content":{"rendered":"<ol>\n<li><a href=\"https:\/\/news.google.com\/rss\/articles\/CBMiiwFBVV95cUxPelZOSER6WUZDTC1kYUdPTmNQS3pSTVVwXzBuaDl6M1Jwekt3bGdkb3pwVGRydDlRSlJqdElOeUZRcjF5LW5QVVhzaThLbEdZbGF5dHFPVnZod0EtcWlmQWJYS1A4U0tVUDl3WEMyaEpFWUdicEZvWEd5VWtidEhXdE5ESy1NWmZwMmlV0gGLAUFVX3lxTE03NW5ydHVuLTVaVEJka0RqbC1tYnMzYTlRdngyR3dkRjNVeW55cjhTNEZwNW1wTVFPNV9UQlNjalVDMlNUamdIOXJJSVVqQ1IwMDdTaTk4OVZOcjFQbHBuUkZnX0p4dF9kU1J5V25DMlJ0WHp3dDY3Zl94bzJ2TElqMkhhTUF0Tl9qUjQ?oc=5\" target=\"_blank\" rel=\"nofollow noopener\">La noche que El Hormiguero hizo un traje a RTVE y se qued\u00f3 tan a gusto<\/a>&nbsp;&nbsp;El Mundo<\/li>\n<li><a href=\"https:\/\/news.google.com\/rss\/articles\/CBMi2wFBVV95cUxQdXdvVTA3WU4zSHJnZFNRUkREdU4tUUhJelRCdGZTVG1OODkwell6YUhOaGphajY5aWdfWGR5dW91QkM4TFhjak13VTV2U0VGQTM1c3JIRV9MNUdTS0ZQaTZPd1BNb3JCeU55VGcyakpxOXdoVk16M1BpeE1Fai05OEZFUWpRTXFKZkwtSHh0cEhhZldGZXlDandCbk55QmRkMGxncU9aTXE3VFdpOUxlV2dwMFEyc3JGS09tUzNNVE1TdXVDeWdBR0J2Q2NTTFE1Vng4b2hoTi1sVknSAeABQVVfeXFMTkJZT2ZEVlBLZDU3VXp3blVVbFloNGhYUEFsUGVianhrc01UMjVVX0I2UWRMWHBubHM5aHdNM2s1aHVYOEV4UGw1SHU2X1dqdVRscU5kekxJMDZqNHhLQndZZXVXdFJubUZ5dlVJRW15MHMxeHB3QUpheTZSRTZ5Y3R4WXNtSzkxMWpFVUx3M0NpdkwwV3pNMWJkSFg4US13a29ya3Y3OGhyQzNEVmNKOFd6WTR3ZHRGVnJxN3A2MThoUkt4b19YZlZPY3hiZExYTVhyYV80UGwtTi1MRUNKNmM?oc=5\" target=\"_blank\" rel=\"nofollow noopener\">Juan del Val se\u00f1ala en &#8216;El hormiguero&#8217; a \u00ablos culpables\u00bb de la \u00abmanipulaci\u00f3n en TVE y todas las televisiones auton\u00f3micas\u00bb<\/a>&nbsp;&nbsp;El Confidencial<\/li>\n<li><a href=\"https:\/\/news.google.com\/rss\/articles\/CBMiwgFBVV95cUxPaHNRQ2RwR2VRNDdCc002ZGd6WkhuWW5vMDhTckJKQnNjcGtMNDNpRk5iNWJuSG0xOHZhZVpRdUQtLVdPeFpvWkp3c3VIb2thUlhlZVpwdHhBYXNTcWwwQWFOdnQ3MjVOb3dHeER6eVNmTjlLLXo5REhZQTFDMWtZSXQ3SmpjcG4yVGJvNDNIdWlSN1dQWmVYWnU2SWZsbndfdWdESHhwSFhJQWJBTW9hejFwclJRMlk1N3JRdlJ4d3Vqdw?oc=5\" target=\"_blank\" rel=\"nofollow noopener\">Juan del Val se\u00f1ala sin rodeos a los \u00abculpables\u00bb de la \u00abmanipulaci\u00f3n de la informaci\u00f3n\u00bb en TVE<\/a>&nbsp;&nbsp;ABC<\/li>\n<li><a href=\"https:\/\/news.google.com\/rss\/articles\/CBMi3gFBVV95cUxPNkYxNWlRU0I4LUNPYkFBVnl5U2JwY016M2loM3Nscjh1dG1sTEdLYy1ZUmNQNFVYX1YtdFBUSThPQlR6a3ZuUU1uZ09aV2RzT2h6Z0FEZ1IxSGVRd2FOUWN5TVE0OVJiWWFqekI3XzRTc2pDRzE5Nzc2bzdWNmQxVzhabDkyZjh5REtMZDNMRy1MeE13NV9OYTN3R0w0LVI2WWVWMG9jY3k4SklJTnBSOVEwM2kxcjlNaWNYZXc2MUp3YVh5bjRqYW44ZzF2aEU4cjh4TjJKanFvX2JNTkHSAeMBQVVfeXFMTnRkRDY2bEFoTklHYm9CUWE2clRoSVNqYjJ4cVNHWXBwbGRJanBFdjdjaS1lTXVUbXhLekpkRm1LZm55WWV0bFB0T05hbkJVZWFRV2NQVU5oRW9SSDJFcVY3RTdOcWFfSmplckg3Q0JRMHRHV2lIdEdabTJHRUxDNmtFNmtZcUgwT2VYQkJvVVRKY3dqUWFGT3EySHFCUUlwOVZEREVfZ3pweE5FSVZ1T0lRa2xkMUwtbVpUNk9WeWY1WWxGRWdsTTk2TG1BeHR0WUw4VC1sbWdSejFiclFtYkp3ODQ?oc=5\" target=\"_blank\" rel=\"nofollow noopener\">Pablo Motos y Juan del Val aprovechan el esc\u00e1ndalo de la BBC para cargar p\u00fablicamente contra TVE: \u00abNo deber\u00edamos tolerarlo\u00bb<\/a>&nbsp;&nbsp;El Plural<\/li>\n<li><a href=\"https:\/\/news.google.com\/rss\/articles\/CBMixAFBVV95cUxOM2VJeVd2VjM5cDB5UHpiZ2NhZkp1b2k4OFJ3SndFeDlucVBkMExCcDl2Qll1cmZDeTZ1ZGFPNGdMb1RpWUx0NkE4REpCWHZmM3ZPZ25UUnpZRUh5WS1hdDVxaWM5RV9yZkVVRDJoLXBlLVd2a28yOHBGcWRUQmRSNHcyLUJaajFhMGZTbVpFSG5pOHNVa3RXUURlSG5ObGFfYkVOMkI4TXpWS1E4Z0ZzU2Y4YTYwY0owc0dfX09zdnRWblBE0gHKAUFVX3lxTFBiSEI2QV9EX3VGd1dzZk53UGxUeXN3bkltSnp5VTFZYkw2N2E2cDhPeHgyNW1HRVd0bnUycEFrYTMxRmNUQnZmM1ZLdGNRWHNsUlBSVE5DdmJjdHdPcEhyczJycV9SbXQ3V2pZYm5FbS01YmIwT2VLRFQtaGVsSUMxd1Nqb3RBRTF2cWp2VUY1MFRwLWI1S2FVMEtXcjN6empDbkF6T0luQUk2aXNGMVJJOU5QZ09EMnNEY2cyRW9jLXBhVUFXSDMxRGc?oc=5\" target=\"_blank\" rel=\"nofollow noopener\">Juan del Val, sobre la dimisi\u00f3n del director de la BBC: \u00abTenemos que ser cr\u00edticos cuando se est\u00e1 manipulando la informaci\u00f3n\u00bb<\/a>&nbsp;&nbsp;El Espa\u00f1ol<\/li>\n<\/ol>\n","protected":false},"excerpt":{"rendered":"La noche que El Hormiguero hizo un traje a RTVE y se qued\u00f3 tan a gusto&nbsp;&nbsp;El Mundo Juan&hellip;\n","protected":false},"author":2,"featured_media":231819,"comment_status":"","ping_status":"","sticky":false,"template":"","format":"standard","meta":{"footnotes":""},"categories":[91],"tags":[4040,5813,146,147,25,24,4260,5812,518,23,807,32358],"class_list":{"0":"post-231818","1":"post","2":"type-post","3":"status-publish","4":"format-standard","5":"has-post-thumbnail","7":"category-entretenimiento","8":"tag-antena-3","9":"tag-el-hormiguero","10":"tag-entertainment","11":"tag-entretenimiento","12":"tag-es","13":"tag-espana","14":"tag-juan-del-val","15":"tag-pablo-motos","16":"tag-rtve","17":"tag-spain","18":"tag-television","19":"tag-television-momentvs"},"share_on_mastodon":{"url":"https:\/\/pubeurope.com\/@es\/115535854100128151","error":""},"_links":{"self":[{"href":"https:\/\/www.europesays.com\/es\/wp-json\/wp\/v2\/posts\/231818","targetHints":{"allow":["GET"]}}],"collection":[{"href":"https:\/\/www.europesays.com\/es\/wp-json\/wp\/v2\/posts"}],"about":[{"href":"https:\/\/www.europesays.com\/es\/wp-json\/wp\/v2\/types\/post"}],"author":[{"embeddable":true,"href":"https:\/\/www.europesays.com\/es\/wp-json\/wp\/v2\/users\/2"}],"replies":[{"embeddable":true,"href":"https:\/\/www.europesays.com\/es\/wp-json\/wp\/v2\/comments?post=231818"}],"version-history":[{"count":0,"href":"https:\/\/www.europesays.com\/es\/wp-json\/wp\/v2\/posts\/231818\/revisions"}],"wp:featuredmedia":[{"embeddable":true,"href":"https:\/\/www.europesays.com\/es\/wp-json\/wp\/v2\/media\/231819"}],"wp:attachment":[{"href":"https:\/\/www.europesays.com\/es\/wp-json\/wp\/v2\/media?parent=231818"}],"wp:term":[{"taxonomy":"category","embeddable":true,"href":"https:\/\/www.europesays.com\/es\/wp-json\/wp\/v2\/categories?post=231818"},{"taxonomy":"post_tag","embeddable":true,"href":"https:\/\/www.europesays.com\/es\/wp-json\/wp\/v2\/tags?post=231818"}],"curies":[{"name":"wp","href":"https:\/\/api.w.org\/{rel}","templated":true}]}}