{"id":231836,"date":"2025-11-12T09:07:09","date_gmt":"2025-11-12T09:07:09","guid":{"rendered":"https:\/\/www.europesays.com\/es\/231836\/"},"modified":"2025-11-12T09:07:09","modified_gmt":"2025-11-12T09:07:09","slug":"el-zaragoza-y-los-dos-precedentes-para-la-esperanza","status":"publish","type":"post","link":"https:\/\/www.europesays.com\/es\/231836\/","title":{"rendered":"El Zaragoza y los dos precedentes para la esperanza"},"content":{"rendered":"<p data-mrf-recirculation=\"Links P\u00e1rrafos\" class=\"ue-c-article__paragraph paragraph ue-c-article--first-letter-highlighted\">El Real Zaragoza vive el peor momento de su historia y <strong>el descenso a Primera RFEF es cada semana una realidad que muchos empiezan a asumir ya como irremediable<\/strong>. Sin embargo y a pesar de firmar uno de los peores inicios hist\u00f3ricos en la Divisi\u00f3n de Plata &#8211;<a href=\"https:\/\/www.marca.com\/futbol\/segunda-division\/clasificacion.html?intcmp=MENUMIGA&amp;s_kw=clasificacion\" rel=\"nofollow noopener\" target=\"_blank\">hay que remontarse 21 a\u00f1os, en concreto a la temporada 2004-05, para ver un peor arranque: el del C\u00f3rdoba con apenas\u00a05 puntos<\/a>-, existen precedentes para la esperanza.\u00a0<\/p>\n<p data-mrf-recirculation=\"Links P\u00e1rrafos\" class=\"ue-c-article__paragraph paragraph\">Y es que en este siglo hay dos casos de sumar solo 6 puntos en la jornada 13\u00aa y terminaron salv\u00e1ndose. <strong>Uno es Las Palmas en la temporada 2007-2008 y el otro el Cartagena en la 2023-2024<\/strong>.\u00a0<\/p>\n<p>Granada 3-1 Zaragoza: resumen y goles  LaLiga Hypermotion (J13)Sportian<\/p>\n<p data-mrf-recirculation=\"Links P\u00e1rrafos\" class=\"ue-c-article__paragraph paragraph\">Los canarios, de hecho, se encontraban en la misma situaci\u00f3n que los blanquillos, ya que estaban tambi\u00e9n a nueve de la permanencia. Su reacci\u00f3n fue espectacular y<strong> de la mano de\u00a0Juan Manuel Rodr\u00edguez terminaron la temporada con 57 puntos en la octava posici\u00f3n<\/strong> y con siete de renta sobre el descenso.\u00a0<\/p>\n<p data-mrf-recirculation=\"Links P\u00e1rrafos\" class=\"ue-c-article__paragraph paragraph\">M\u00e1s reciente es el caso de los cartageneros. Eso s\u00ed, ellos ve\u00edan la salvaci\u00f3n a siete puntos, dos menos que la actual del cuadro de Rub\u00e9n Sell\u00e9s. Tambi\u00e9n<strong> lograron obrar el milagro con Juli\u00e1n Calero a los mandos y acabar con 51 puntos,<\/strong> seis m\u00e1s que la zona roja.\u00a0<\/p>\n<p><img decoding=\"async\" width=\"1024\" height=\"682\" class=\"ue-c-article__image lazyload\" alt=\"Cristian \u00c1lvarez realiza una parada en Cartagonova en la temporada del 'milagro' del Efes\u00e9\" loading=\"lazy\" src=\"https:\/\/www.europesays.com\/es\/wp-content\/uploads\/2025\/11\/691235310fa09.jpeg\"\/><\/p>\n<p>Cristian \u00c1lvarez realiza una parada en Cartagonova en la temporada del &#8216;milagro&#8217; del Efes\u00e9<\/p>\n<p data-mrf-recirculation=\"Links P\u00e1rrafos\" class=\"ue-c-article__paragraph paragraph\">Es decir, que tiempo todav\u00eda tienen los aragoneses para cambiar el rumbo, pero <strong>el problema es que no hay nada a lo que agarrarse<\/strong>. <strong>La plantilla est\u00e1 hundida<\/strong>, <a href=\"https:\/\/www.marca.com\/futbol\/zaragoza\/2025\/11\/10\/zaragoza-destruye-todos-planes.html\" rel=\"nofollow noopener\" target=\"_blank\">tanto que ya no le vale ni adelantarse en el marcador como en Los C\u00e1rmenes.<\/a>\u00a0Los andaluces, que llegaban pen\u00faltimos, les pasaron por encima. Y lo m\u00e1s dram\u00e1tico es que <strong>tanto Sell\u00e9s como alg\u00fan jugador como Paulino reconocieron que ponerse por delante les perjudic\u00f3<\/strong>. Ins\u00f3lito.\u00a0<\/p>\n<p data-mrf-recirculation=\"Links P\u00e1rrafos\" class=\"ue-c-article__paragraph paragraph\">Precisamente, el entrenador a\u00fan no ha sumado ning\u00fan punto en los tres partidos al mando y su futuro no parece tener un largo recorrido en el banquillo aragon\u00e9s. <strong>Este domingo recibe al Huesca en el derbi de las urgencias. <\/strong>De hecho, <a href=\"https:\/\/www.marca.com\/futbol\/huesca\/2025\/11\/10\/huesca-carga-sergi-guillo.html\" rel=\"nofollow noopener\" target=\"_blank\">su rival llegar\u00e1 con entrenador nuevo tras la destituci\u00f3n de Sergi Guill\u00f3<\/a>. <strong>El objetivo del Real Zaragoza tiene que ser agarrarse a esos precedentes, llegar vivo al mercado invernal y acertar en la revoluci\u00f3n<\/strong>. Tiempo hay y los precedentes as\u00ed lo confirman, pero lo que no aparecen son las personas capacitadas para tomar las decisiones correctas que obren el milagro.\u00a0Por eso, parece el momento de la afici\u00f3n para exigir cambios inmediatos.<\/p>\n","protected":false},"excerpt":{"rendered":"El Real Zaragoza vive el peor momento de su historia y el descenso a Primera RFEF es cada&hellip;\n","protected":false},"author":2,"featured_media":231837,"comment_status":"","ping_status":"","sticky":false,"template":"","format":"standard","meta":{"footnotes":""},"categories":[268],"tags":[168,25,24,280,282,281,23,167],"class_list":{"0":"post-231836","1":"post","2":"type-post","3":"status-publish","4":"format-standard","5":"has-post-thumbnail","7":"category-futbol","8":"tag-deportes","9":"tag-es","10":"tag-espana","11":"tag-football","12":"tag-futbol","13":"tag-soccer","14":"tag-spain","15":"tag-sports"},"share_on_mastodon":{"url":"https:\/\/pubeurope.com\/@es\/115535940925272114","error":""},"_links":{"self":[{"href":"https:\/\/www.europesays.com\/es\/wp-json\/wp\/v2\/posts\/231836","targetHints":{"allow":["GET"]}}],"collection":[{"href":"https:\/\/www.europesays.com\/es\/wp-json\/wp\/v2\/posts"}],"about":[{"href":"https:\/\/www.europesays.com\/es\/wp-json\/wp\/v2\/types\/post"}],"author":[{"embeddable":true,"href":"https:\/\/www.europesays.com\/es\/wp-json\/wp\/v2\/users\/2"}],"replies":[{"embeddable":true,"href":"https:\/\/www.europesays.com\/es\/wp-json\/wp\/v2\/comments?post=231836"}],"version-history":[{"count":0,"href":"https:\/\/www.europesays.com\/es\/wp-json\/wp\/v2\/posts\/231836\/revisions"}],"wp:featuredmedia":[{"embeddable":true,"href":"https:\/\/www.europesays.com\/es\/wp-json\/wp\/v2\/media\/231837"}],"wp:attachment":[{"href":"https:\/\/www.europesays.com\/es\/wp-json\/wp\/v2\/media?parent=231836"}],"wp:term":[{"taxonomy":"category","embeddable":true,"href":"https:\/\/www.europesays.com\/es\/wp-json\/wp\/v2\/categories?post=231836"},{"taxonomy":"post_tag","embeddable":true,"href":"https:\/\/www.europesays.com\/es\/wp-json\/wp\/v2\/tags?post=231836"}],"curies":[{"name":"wp","href":"https:\/\/api.w.org\/{rel}","templated":true}]}}