{"id":231838,"date":"2025-11-12T09:08:10","date_gmt":"2025-11-12T09:08:10","guid":{"rendered":"https:\/\/www.europesays.com\/es\/231838\/"},"modified":"2025-11-12T09:08:10","modified_gmt":"2025-11-12T09:08:10","slug":"que-fue-de-joseba-apaolaza-el-actor-que-dejo-la-docencia-por-la-television-y-a-quien-anhqv-defraudo-para-siempre","status":"publish","type":"post","link":"https:\/\/www.europesays.com\/es\/231838\/","title":{"rendered":"Qu\u00e9 fue de Joseba Apaolaza, el actor que dej\u00f3 la docencia por la televisi\u00f3n y a quien \u2018ANHQV\u2019 defraud\u00f3 para siempre"},"content":{"rendered":"<p class=\"\">&#8216;<a href=\"https:\/\/as.com\/meristation\/streamers\/daniel-guzman-roberto-en-aqui-no-hay-quien-viva-revela-que-le-gustaria-ir-a-la-velada-del-ano-6-con-un-emotivo-guino-a-la-serie-f202510-n\/\" target=\"_blank\" rel=\"noreferrer nofollow noopener\" title=\"https:\/\/as.com\/meristation\/streamers\/daniel-guzman-roberto-en-aqui-no-hay-quien-viva-revela-que-le-gustaria-ir-a-la-velada-del-ano-6-con-un-emotivo-guino-a-la-serie-f202510-n\/\"><b>Aqu\u00ed no hay quien viva<\/b>&#8216;<\/a> es una de las series m\u00e1s importantes y queridas de la historia de la televisi\u00f3n en Espa\u00f1a. Una obra que sigue siendo <a href=\"https:\/\/as.com\/meristation\/series\/recrean-aqui-no-hay-quien-viva-en-los-sims-4-y-los-comentarios-no-tienen-piedad-me-acaban-de-cobrar-4-meses-de-derrama-n\/\" target=\"_blank\" rel=\"noreferrer nofollow noopener\" title=\"https:\/\/as.com\/meristation\/series\/recrean-aqui-no-hay-quien-viva-en-los-sims-4-y-los-comentarios-no-tienen-piedad-me-acaban-de-cobrar-4-meses-de-derrama-n\/\">recordada <\/a>y visionada a d\u00eda de hoy, y por la que no parece pasar el tiempo, conquistando a p\u00fablico de todas las edades y distintas generaciones gracias al carisma de sus personajes y un humor que contin\u00faa vigente. Entre los vecinos de <b>Desenga\u00f1o 21<\/b>, hay uno que se march\u00f3 por la puerta de atr\u00e1s: <b>Armando<\/b>, el hijo de <b>Concha<\/b>, interpretado por <b>Joseba Apaolaza<\/b>.<\/p>\n<p class=\"\">Uno de los protagonistas originales de la serie, particip\u00f3 en los 17 episodios que componen la primera temporada. Tras ello, no regres\u00f3, pese a la promesa de que lo har\u00eda. \u00bfPor qu\u00e9 la serie decidi\u00f3 prescindir de su personaje? Nunca se concret\u00f3, pero en una entrevista que el actor concedi\u00f3 a la <a href=\"https:\/\/www.cope.es\/actualidad\/television\/noticias\/joseba-apaolaza-aqui-hay-quien-viva-puedo-hablar-manera-agridulce-20211017_1547994\" target=\"_blank\" rel=\"nofollow noopener\" title=\"https:\/\/www.cope.es\/actualidad\/television\/noticias\/joseba-apaolaza-aqui-hay-quien-viva-puedo-hablar-manera-agridulce-20211017_1547994\">Cadena Cope<\/a>, deja claro que result\u00f3 <b>doloroso<\/b> para \u00e9l.<\/p>\n<p><img decoding=\"async\" src=\"https:\/\/www.europesays.com\/es\/wp-content\/uploads\/2025\/11\/TTJYBSLPJNGF5G6IWZEMWAJAOU.png\" alt=\"Qu\u00e9 fue de Joseba Apaolaza, el actor que dej\u00f3 la docencia por la televisi\u00f3n y a quien \u2018ANHQV\u2019 defraud\u00f3 para siempre\" height=\"675\" width=\"1200\"   loading=\"lazy\"\/>Un personaje que tan solo apareci\u00f3 en la primera temporada<\/p>\n<p class=\"\">\u201cDe \u2018Aqu\u00ed no hay quien viva\u2019 puedo hablar, en lo que a m\u00ed concierne, de manera agridulce. Yo<b> sal\u00ed de la serie de mala manera<\/b> porque yo ten\u00eda la promesa expresa de la productora para seguir. Entonces, hubo un cambio de opini\u00f3n y me vi fuera de la serie. Me doli\u00f3 mucho porque, realmente, fue <b>una serie que gustaba mucho<\/b> y a m\u00ed me gustaba mucho. Para m\u00ed fue una experiencia intensa. Fueron 5 o 6 meses all\u00ed en Madrid y ha tenido mucha cola. A lo largo de los a\u00f1os, la gente me ha reconocido por ese papel, pero la salida fue un poco agridulce\u00bb, cuenta Joseaba Apaolaza.<\/p>\n<p>Noticias relacionadas<\/p>\n<p class=\"\">Una situaci\u00f3n complicada, y de la que el actor destaca que, por desgracia, es m\u00e1s habitual de lo que podemos imaginar el dejar un rodaje por decisi\u00f3n de los encargados de la obra, y <b>no poderte despedir ni de tus compa\u00f1eros<\/b>. Situaciones que ocurren, y que en el caso de \u2018Aqu\u00ed no hay quien viva\u2019, Joseba se\u00f1ala que \u201cesa serie y quien la dirig\u00eda ten\u00eda esa fama tambi\u00e9n, un poco de hacer y deshacer a su antojo y de maneras desp\u00f3ticos. Eso es lo que hab\u00eda entonces y me temo que debe seguir siendo algo parecido\u201d. Un actor que tiene claro que \u00ab<b>incumplieron su palabra<\/b>\u00bb no regresando a un serie en la que particip\u00f3 de forma activa, pero al que no se le volvi\u00f3 a ver m\u00e1s all\u00e1 de la primera temporada.<\/p>\n<p class=\"\"><b>\u00a1Tus opiniones importan!<\/b> Comenta en los art\u00edculos y suscr\u00edbete gratis a nuestra <a href=\"https:\/\/asfan.as.com\/newsletters\/\" target=\"_blank\" rel=\"nofollow noopener\" title=\"https:\/\/asfan.as.com\/newsletters\/\">newsletter<\/a> y a las alertas informativas en la <a href=\"https:\/\/as.com\/aplicacion-de-as-n\/\" target=\"_blank\" rel=\"nofollow noopener\" title=\"https:\/\/as.com\/aplicacion-de-as-n\/\">App<\/a> o el canal de <a href=\"https:\/\/www.whatsapp.com\/channel\/0029VaAasdA7j6g745nz9M10\" target=\"_blank\" rel=\"nofollow noopener\" title=\"https:\/\/www.whatsapp.com\/channel\/0029VaAasdA7j6g745nz9M10\">WhatsApp<\/a>. \u00bfBuscas licenciar contenido? Haz clic <a href=\"https:\/\/profesional.elpais.com\/soluciones-sindicacion?utm_medium=interno&amp;utm_source=crosslinking&amp;utm_campaign=sindicacion_as_pie_articulos\" target=\"_blank\" rel=\"nofollow noopener\" title=\"https:\/\/profesional.elpais.com\/soluciones-sindicacion?utm_medium=interno&amp;utm_source=crosslinking&amp;utm_campaign=sindicacion_as_pie_articulos\">aqu\u00ed<\/a><\/p>\n","protected":false},"excerpt":{"rendered":"&#8216;Aqu\u00ed no hay quien viva&#8216; es una de las series m\u00e1s importantes y queridas de la historia de&hellip;\n","protected":false},"author":2,"featured_media":231839,"comment_status":"","ping_status":"","sticky":false,"template":"","format":"standard","meta":{"footnotes":""},"categories":[174],"tags":[255,146,147,25,24,256,23],"class_list":{"0":"post-231838","1":"post","2":"type-post","3":"status-publish","4":"format-standard","5":"has-post-thumbnail","7":"category-famosos","8":"tag-celebrities","9":"tag-entertainment","10":"tag-entretenimiento","11":"tag-es","12":"tag-espana","13":"tag-famosos","14":"tag-spain"},"share_on_mastodon":{"url":"https:\/\/pubeurope.com\/@es\/115535944953694744","error":""},"_links":{"self":[{"href":"https:\/\/www.europesays.com\/es\/wp-json\/wp\/v2\/posts\/231838","targetHints":{"allow":["GET"]}}],"collection":[{"href":"https:\/\/www.europesays.com\/es\/wp-json\/wp\/v2\/posts"}],"about":[{"href":"https:\/\/www.europesays.com\/es\/wp-json\/wp\/v2\/types\/post"}],"author":[{"embeddable":true,"href":"https:\/\/www.europesays.com\/es\/wp-json\/wp\/v2\/users\/2"}],"replies":[{"embeddable":true,"href":"https:\/\/www.europesays.com\/es\/wp-json\/wp\/v2\/comments?post=231838"}],"version-history":[{"count":0,"href":"https:\/\/www.europesays.com\/es\/wp-json\/wp\/v2\/posts\/231838\/revisions"}],"wp:featuredmedia":[{"embeddable":true,"href":"https:\/\/www.europesays.com\/es\/wp-json\/wp\/v2\/media\/231839"}],"wp:attachment":[{"href":"https:\/\/www.europesays.com\/es\/wp-json\/wp\/v2\/media?parent=231838"}],"wp:term":[{"taxonomy":"category","embeddable":true,"href":"https:\/\/www.europesays.com\/es\/wp-json\/wp\/v2\/categories?post=231838"},{"taxonomy":"post_tag","embeddable":true,"href":"https:\/\/www.europesays.com\/es\/wp-json\/wp\/v2\/tags?post=231838"}],"curies":[{"name":"wp","href":"https:\/\/api.w.org\/{rel}","templated":true}]}}