{"id":231859,"date":"2025-11-12T09:24:24","date_gmt":"2025-11-12T09:24:24","guid":{"rendered":"https:\/\/www.europesays.com\/es\/231859\/"},"modified":"2025-11-12T09:24:24","modified_gmt":"2025-11-12T09:24:24","slug":"el-rey-destaca-ante-xi-jinping-la-relacion-solida-entre-espana-y-china-espana","status":"publish","type":"post","link":"https:\/\/www.europesays.com\/es\/231859\/","title":{"rendered":"El Rey destaca ante Xi Jinping la \u201crelaci\u00f3n s\u00f3lida\u201d entre Espa\u00f1a y China | Espa\u00f1a"},"content":{"rendered":"<p class=\"\">China y Espa\u00f1a <a href=\"https:\/\/elpais.com\/espana\/2025-11-11\/el-rey-reclama-seguir-fortaleciendo-las-relaciones-con-china-durante-una-visita-de-alto-contenido-economico.html\" target=\"_blank\" rel=\"noreferrer nofollow noopener\" title=\"https:\/\/elpais.com\/espana\/2025-11-11\/el-rey-reclama-seguir-fortaleciendo-las-relaciones-con-china-durante-una-visita-de-alto-contenido-economico.html\">reafirman sus lazos.<\/a> El Rey, Felipe VI, y el presidente chino, Xi Jinping, han mantenido este mi\u00e9rcoles un encuentro bilateral en el que han subrayado la sinton\u00eda entre los dos pa\u00edses. El l\u00edder chino ha citado la trayectoria de relaciones diplom\u00e1ticas como \u201cun ejemplo de convivencia amistosa entre pa\u00edses con diferentes historias, culturas y sistemas sociales\u201d. Acto seguido, el Rey ha recordado c\u00f3mo se ha ido trazando, desde la primera visita a China de la Corona en 1978, \u201cuna relaci\u00f3n s\u00f3lida\u201d y \u201cde confianza mutua\u201d. <\/p>\n<p class=\"\">\u201cCreemos que la amistad entre Espa\u00f1a y China sin duda beneficia a ambos pueblos y es coherente con dos pa\u00edses de larga historia y de vocaci\u00f3n global\u201d, ha se\u00f1alado el monarca en las palabras introductorias del cara a cara, el acto de mayor calado pol\u00edtico de la visita de los Reyes a la Rep\u00fablica Popular. <\/p>\n<p class=\"\">La entrevista se ha celebrado en el Gran Sal\u00f3n del Pueblo, el enorme edificio reservado para las citas de alto nivel, ubicado en un lateral de<a href=\"https:\/\/elpais.com\/internacional\/2025-06-04\/los-familiares-de-las-victimas-de-tiananmen-pelean-contra-el-olvido-en-china-me-gustaria-que-el-gobierno-diese-respuestas-al-pueblo.html\" target=\"_blank\" rel=\"noreferrer nofollow noopener\" title=\"https:\/\/elpais.com\/internacional\/2025-06-04\/los-familiares-de-las-victimas-de-tiananmen-pelean-contra-el-olvido-en-china-me-gustaria-que-el-gobierno-diese-respuestas-al-pueblo.html\"> la Plaza de Tiananmen,<\/a> durante el segundo d\u00eda de visita oficial de los Reyes a China. Pek\u00edn, la capital china, es la segunda y \u00faltima parada del viaje, despu\u00e9s de pasar el martes por Chengd\u00fa, en el suroeste del pa\u00eds. A lo largo de la jornada, los Reyes tienen previsto asistir a una cena de gala organizada por sus anfitriones y a un concierto de la orquesta del Teatro Real espa\u00f1ol en el Centro Nacional de Artes Esc\u00e9nicas de Pek\u00edn. <\/p>\n<p><img decoding=\"auto\" class=\"_re lazyload a_m-h\" height=\"276\"  width=\"414\"  src=\"https:\/\/www.europesays.com\/es\/wp-content\/uploads\/2025\/11\/XPHD3S6RSJICHHTDY6PNKOL65E.jpg\" loading=\"lazy\"\/>El rey Felipe VI y el presidente chino, Xi Jinping, pasan revista a las tropas a su llegada a Pek\u00edn, este mi\u00e9rcoles. Chema Moya (EFE)<\/p>\n<p class=\"\">Tras cerca de hora y media, el encuentro ha concluido con la firma de 10 acuerdos y convenios, entre ellos un memorando de entendimiento para crear una comisi\u00f3n mixta de cooperaci\u00f3n econ\u00f3mica, algo as\u00ed como \u201cventanilla \u00fanica\u201d para resolver de forma urgente problemas de acceso de las empresas espa\u00f1olas al mercado chino, y al rev\u00e9s, seg\u00fan una fuente de la delegaci\u00f3n espa\u00f1ola. <\/p>\n<p class=\"\">Felipe VI ha subrayado que esta visita de Estado,<a href=\"https:\/\/elpais.com\/espana\/2025-11-10\/el-gobierno-busca-impulsar-un-dialogo-politico-en-china-con-el-viaje-de-estado-de-los-reyes.html\" target=\"_blank\" rel=\"noreferrer nofollow noopener\" title=\"https:\/\/elpais.com\/espana\/2025-11-10\/el-gobierno-busca-impulsar-un-dialogo-politico-en-china-con-el-viaje-de-estado-de-los-reyes.html\"> la primera de los Reyes de Espa\u00f1a en 18 a\u00f1os, <\/a>\u201ctiene un componente muy importante en t\u00e9rminos de empresa, de econom\u00eda\u201d, y ha ofrecido la oportunidad de \u201cponer tambi\u00e9n de manifiesto colaboraciones en las m\u00e1s altas tecnolog\u00edas\u201d. Y ha recordado su primer viaje a China, como pr\u00edncipe, en el a\u00f1o 2000: \u201cSin duda el avance y el progreso [del pa\u00eds] desde ese a\u00f1o es muy notable\u201d, ha reconocido. <\/p>\n<p class=\"\">Xi, que se ha dirigido a \u00e9l como \u201cun buen amigo del pueblo chino\u201d, ha recordado <a href=\"https:\/\/elpais.com\/diario\/1978\/06\/22\/espana\/267314410_850215.html\" target=\"_blank\" rel=\"noreferrer nofollow noopener\" title=\"https:\/\/elpais.com\/diario\/1978\/06\/22\/espana\/267314410_850215.html\">la primera visita de Juan Carlos I en 1978, <\/a>cuando el pa\u00eds iniciaba su pol\u00edtica de reforma y apertura, y ha reconocido la contribuci\u00f3n de ambos \u201ca la cooperaci\u00f3n global para el desarrollo abierto y a la defensa de la equidad y la justicia internacionales\u201d. <\/p>\n<p><img decoding=\"auto\" class=\"_re lazyload a_m-h\" height=\"277\"  width=\"414\"  src=\"https:\/\/www.europesays.com\/es\/wp-content\/uploads\/2025\/11\/P3T5QIMGSZMCFEC4VMLLYWEQCM.jpg\" loading=\"lazy\"\/>El ministro de Econom\u00eda, Comercio y Empresa, Carlos Cuerpo y el titular chino de Comercio, Wang Wentao, durante la firma de acuerdos este mi\u00e9rcoles en Pek\u00edn.Chema Moya (EFE)<\/p>\n<p class=\"\">Ante un panorama internacional \u201ccomplejo y cambiante\u201d, el mundo necesita \u201cm\u00e1s fuerzas constructivas comprometidas con la paz y el desarrollo\u201d, ha agregado el l\u00edder comunista. \u201cChina est\u00e1 dispuesta a trabajar junto con Espa\u00f1a para construir una Asociaci\u00f3n Estrat\u00e9gica Integral m\u00e1s firme en su orientaci\u00f3n, m\u00e1s din\u00e1mica en su desarrollo y con mayor influencia internacional, con el fin de contribuir de forma a\u00fan m\u00e1s significativa a la prosperidad, la paz y el desarrollo del mundo\u201d, ha se\u00f1alado. <\/p>\n<p class=\"\">La visita de los Reyes se enmarca en una trayectoria de creciente sinton\u00eda entre Pek\u00edn y Madrid, y se suma a los <a href=\"https:\/\/elpais.com\/expres\/2025-04-13\/que-hay-detras-del-viaje-oficial-de-sanchez-a-china.html\" rel=\"nofollow noopener\" title=\"https:\/\/elpais.com\/expres\/2025-04-13\/que-hay-detras-del-viaje-oficial-de-sanchez-a-china.html\" target=\"_blank\">tres viajes que ha realizado a China desde 2023 <\/a>el presidente del Gobierno, Pedro S\u00e1nchez, y al auge de inversiones de compa\u00f1\u00edas del gigante asi\u00e1tico en los \u00faltimos a\u00f1os, que le han supuesto a Espa\u00f1a la desaprobaci\u00f3n de algunas capitales europeas en los corrillos diplom\u00e1ticos. <\/p>\n<p class=\"\">Las banderas de Espa\u00f1a flameando en Tiananmen este mi\u00e9rcoles son el signo de que hay un entendimiento entre los dos pa\u00edses. Los Reyes han llegado a la puerta del Este en un coche chino, marca Hongqi (Bandera roja), en uno de esos d\u00edas brumosos y p\u00e1lidos de contaminaci\u00f3n que a veces siguen envolviendo Pek\u00edn. Tras el saludo a los pies de la escalinata del Gran Sal\u00f3n del pueblo, una banda militar ha tocado los himnos de ambos pa\u00edses mientras ocho ca\u00f1ones disparaban salvas al aire. <\/p>\n<p><img decoding=\"auto\" class=\"_re lazyload a_m-h\" height=\"276\"  width=\"414\"  src=\"https:\/\/www.europesays.com\/es\/wp-content\/uploads\/2025\/11\/VOARHQGZIJMJLDOAKQS4BRD7CU.jpg\" loading=\"lazy\"\/>El rey Felipe VI y el presidente chino, Xi Jinping, al inicio del encuentro bilateral que mantuvieron en Pek\u00edn, este mi\u00e9rcoles. Chema Moya (EFE)<\/p>\n<p class=\"\">Los dos jefes de Estado han pasado revista a las tropas chinas, y han desfilado junto a casi un centenar de ni\u00f1os que exclamaban \u201c\u00a1Hu\u0101ny\u00edng, hu\u0101ny\u00edng, r\u00e8li\u00e8, hu\u0101ny\u00edng!\u201d (\u00a1Bienvenida, bienvenida, calurosa bienvenida!) y agitaban ramos de flores y banderitas de ambos pa\u00edses. La banda militar, entre las marchas chinas, ha interpretado en un instante con aires de pasodoble la obra Sevilla, del compositor espa\u00f1ol Isaac Alb\u00e9niz. <\/p>\n<p class=\"\">Los 10 documentos firmados por ambas partes tocan muy diversas patas; desde la cooperaci\u00f3n ling\u00fc\u00edstica para profundizar la ense\u00f1anza del castellano en China a la colaboraci\u00f3n entre el Instituto de Astrof\u00edsica de Canarias y el Instituto de \u00d3ptica y Tecnolog\u00eda Astron\u00f3mica de Nanjing, pasando por un acuerdo sobre coproducci\u00f3n cinematogr\u00e1fica y audiovisual. Tambi\u00e9n se han rubricado protocolos sobre productos de acuicultura; de aceite y harina de pescado para alimentaci\u00f3n animal, y en materia de seguridad alimentaria. <\/p>\n<p class=\"\">No se han tratado, al menos de forma p\u00fablica, los <a href=\"https:\/\/elpais.com\/espana\/catalunya\/2025-09-16\/los-aranceles-chinos-ponen-a-prueba-el-musculo-exportador-del-sector-porcino-catalan.html\" target=\"_blank\" rel=\"noreferrer nofollow noopener\" title=\"https:\/\/elpais.com\/espana\/catalunya\/2025-09-16\/los-aranceles-chinos-ponen-a-prueba-el-musculo-exportador-del-sector-porcino-catalan.html\">aranceles provisionales al porcino europeo<\/a> que impuso en septiembre Pek\u00edn como represalia por las tasas de la UE al coche el\u00e9ctrico. El cerdo es una de las principales partidas de exportaciones espa\u00f1olas a China, y la visita oficial era vista por el sector como una oportunidad para presionar al Gobierno chino para que reconsidere los grav\u00e1menes, antes de que tome una decisi\u00f3n definitiva en diciembre. <\/p>\n<p class=\"\">La cuesti\u00f3n del acceso al complicad\u00edsimo mercado chino es una de las reivindicaciones m\u00e1s insistentes desde Espa\u00f1a y la UE. La comisi\u00f3n mixta de cooperaci\u00f3n econ\u00f3mica anunciada, y cuya creaci\u00f3n ha sido rubricada por el ministro espa\u00f1ol de Econom\u00eda, Carlos Cuerpo, y el titular chino de Comercio, Wang Wentao, parece moverse en esa direcci\u00f3n, aunque no se han ofrecido detalles. <\/p>\n<p><img decoding=\"auto\" class=\"_re lazyload a_m-h\" height=\"276\"  width=\"414\"  src=\"https:\/\/www.europesays.com\/es\/wp-content\/uploads\/2025\/11\/4ITDALR7ZZDTTEP4HOKFQP2WVA.jpg\" loading=\"lazy\"\/>La reina Letizia y Peng Liyuan saludan a Xixi durante la visita al centro para personas con discapacidad Huiai, en Pek\u00edn.Casa de S.M. El Rey \/ Jose Jimenez<\/p>\n<p class=\"\">Tras las firmas, los Reyes han realizado una ofrenda floral ante el monumento a los H\u00e9roes del Pueblo, el obelisco de 38 metros de altura erigido en el centro de Tiananmen, dedicado a los m\u00e1rtires de la lucha revolucionaria en los siglos XIX y XX. Al norte quedaba la Puerta de la Paz Celestial (Tiannamen), que da acceso a la Ciudad Prohibida, con el retrato de Mao Zedong prendido de sus muros rojizos; al sur, el mausoleo donde se mantiene embalsamado al fundador de la Rep\u00fablica Popular. <\/p>\n<p class=\"\">Durante la firma de acuerdos, la reina Letizia ha acudido junto a la primera dama, Peng Liyuan, al centro para personas con discapacidad Huiai, el m\u00e1s avanzado a nivel provincial de toda China. El complejo combina tecnolog\u00eda de asistencia de vanguardia con programas de rehabilitaci\u00f3n, educaci\u00f3n e integraci\u00f3n social. La actividad ha incluido una visita guiada por parte de las instalaciones y breves encuentros con ni\u00f1os, adolescentes y adultos del centro. <\/p>\n<p class=\"\">Xixi es la fundadora de la asociaci\u00f3n Novel inception, creada en 2014 y dedicada a la formaci\u00f3n y empoderamiento de personas con discapacidad f\u00edsica. Ofrecen talleres de manualidades que les permiten crear y vender sus propias obras, principalmente peque\u00f1os objetos de croch\u00e9 elaborados con materiales ecol\u00f3gicos. Xixi ha explicado a Letizia Ortiz que su organizaci\u00f3n ha ayudado a m\u00e1s de 4.000 personas, y le ha regalado un ramo de flores de ganchillo. Xixi \u2014cuyo nombre en ingl\u00e9s es Sissi, \u201ccomo la emperatriz\u201d\u2014 ha compartido su historia personal con la Reina: aprendi\u00f3 ingl\u00e9s en Alemania, donde vivi\u00f3 durante unos a\u00f1os. Un d\u00eda antes de regresar a China sufri\u00f3 el accidente que la dej\u00f3 en silla de ruedas. De aquel trauma, asegura, naci\u00f3 la vocaci\u00f3n de ayudar a otros en su estado. <\/p>\n<p><img decoding=\"auto\" class=\"_re lazyload a_m-h\" height=\"276\"  width=\"414\"  src=\"https:\/\/www.europesays.com\/es\/wp-content\/uploads\/2025\/11\/N6X6BQCUFJJZJLW3PC3LY5H54U.jpg\" loading=\"lazy\"\/>La reina Letizia y Peng Liyuan, esposa del presidente chino, Xi Jinping, este mi\u00e9rcoles en Pek\u00edn. Chema Moya (EFE)<\/p>\n<p class=\"\">Las restricciones impuestas por los responsables de seguridad china dificultaron el desarrollo normal de la cobertura informativa de todo el acto. Especialmente, impidieron a los tres medios espa\u00f1oles acreditados \u2014entre ellos este diario\u2014 el acceso a la sala donde se exhiben los avances rob\u00f3ticos mientras la Reina y la primera dama la visitaban, pese a que previamente s\u00ed hab\u00edan podido recorrerla.<\/p>\n<p class=\"\">Un grupo de ni\u00f1os invidentes interpret\u00f3 Canci\u00f3n y sonrisa para despedir a la reina Letizia, un tema alegre y muy conocido que se ense\u00f1a en los colegios de todo el pa\u00eds. La letra habla de la esperanza, la amistad y la alegr\u00eda de compartir, un s\u00edmbolo de optimismo para varias generaciones. Tras la partida de la delegaci\u00f3n espa\u00f1ola, Peng ha pasado un par de minutos m\u00e1s intercambiando palabras con los ni\u00f1os. \u201cEsto no os interesa\u201d, ha enfatizado el personal de protocolo chino, instando a los periodistas a abandonar el lugar.<\/p>\n","protected":false},"excerpt":{"rendered":"China y Espa\u00f1a reafirman sus lazos. El Rey, Felipe VI, y el presidente chino, Xi Jinping, han mantenido&hellip;\n","protected":false},"author":2,"featured_media":231860,"comment_status":"","ping_status":"","sticky":false,"template":"","format":"standard","meta":{"footnotes":""},"categories":[8],"tags":[17,18,6042,1615,95,25,24,13,14,11439,11,19,20,9,10,15,16,11362,1620,23,12,21,22,13847],"class_list":{"0":"post-231859","1":"post","2":"type-post","3":"status-publish","4":"format-standard","5":"has-post-thumbnail","7":"category-espana","8":"tag-breaking-news","9":"tag-breakingnews","10":"tag-casa-real","11":"tag-china","12":"tag-economia","13":"tag-es","14":"tag-espana","15":"tag-featured-news","16":"tag-featurednews","17":"tag-felipe-vi","18":"tag-headlines","19":"tag-latest-news","20":"tag-latestnews","21":"tag-news","22":"tag-noticias","23":"tag-noticias-destacadas","24":"tag-noticiasdestacadas","25":"tag-reina-letizia","26":"tag-relaciones-internacionales","27":"tag-spain","28":"tag-titulares","29":"tag-ultimas-noticias","30":"tag-ultimasnoticias","31":"tag-xi-jinping"},"share_on_mastodon":{"url":"https:\/\/pubeurope.com\/@es\/115536007661998546","error":""},"_links":{"self":[{"href":"https:\/\/www.europesays.com\/es\/wp-json\/wp\/v2\/posts\/231859","targetHints":{"allow":["GET"]}}],"collection":[{"href":"https:\/\/www.europesays.com\/es\/wp-json\/wp\/v2\/posts"}],"about":[{"href":"https:\/\/www.europesays.com\/es\/wp-json\/wp\/v2\/types\/post"}],"author":[{"embeddable":true,"href":"https:\/\/www.europesays.com\/es\/wp-json\/wp\/v2\/users\/2"}],"replies":[{"embeddable":true,"href":"https:\/\/www.europesays.com\/es\/wp-json\/wp\/v2\/comments?post=231859"}],"version-history":[{"count":0,"href":"https:\/\/www.europesays.com\/es\/wp-json\/wp\/v2\/posts\/231859\/revisions"}],"wp:featuredmedia":[{"embeddable":true,"href":"https:\/\/www.europesays.com\/es\/wp-json\/wp\/v2\/media\/231860"}],"wp:attachment":[{"href":"https:\/\/www.europesays.com\/es\/wp-json\/wp\/v2\/media?parent=231859"}],"wp:term":[{"taxonomy":"category","embeddable":true,"href":"https:\/\/www.europesays.com\/es\/wp-json\/wp\/v2\/categories?post=231859"},{"taxonomy":"post_tag","embeddable":true,"href":"https:\/\/www.europesays.com\/es\/wp-json\/wp\/v2\/tags?post=231859"}],"curies":[{"name":"wp","href":"https:\/\/api.w.org\/{rel}","templated":true}]}}