{"id":231871,"date":"2025-11-12T09:47:22","date_gmt":"2025-11-12T09:47:22","guid":{"rendered":"https:\/\/www.europesays.com\/es\/231871\/"},"modified":"2025-11-12T09:47:22","modified_gmt":"2025-11-12T09:47:22","slug":"asi-son-en-la-intimidad","status":"publish","type":"post","link":"https:\/\/www.europesays.com\/es\/231871\/","title":{"rendered":"as\u00ed son en la intimidad"},"content":{"rendered":"<p class=\"paragraph\" id=\"paragraph_1\"><a href=\"https:\/\/www.elespanol.com\/corazon\/estilo\/20251106\/nieves-alvarez-eleva-traje-masculino-diseno-impecable-roberto-verino\/1003744001196_0.html?utm_cmp_rs=linksinline\" rel=\"nofollow noopener\" target=\"_blank\"><strong>Nieves \u00c1lvarez<\/strong><\/a> (51 a\u00f1os) recordar\u00e1 por siempre este 2025. El pasado mes de septiembre, la modelo anunci\u00f3 <a href=\"https:\/\/www.elespanol.com\/corazon\/famosos\/20250910\/nieves-alvarez-casa-bill-saad-anos-juntos-significativo-compromiso-sin-anillo-pedida\/1003743918485_0.html?utm_cmp_rs=linksinline\" rel=\"nofollow noopener\" target=\"_blank\"><strong>su compromiso con Bill Saad<\/strong><\/a> (55). Seg\u00fan lo previsto, ser\u00e1 el pr\u00f3ximo <strong>2026<\/strong> cuando selle su amor con el empresario liban\u00e9s.<\/p>\n<p class=\"paragraph\" id=\"paragraph_2\">Este mi\u00e9rcoles, 12 de noviembre, es otro de esos d\u00edas especiales que quedar\u00e1 grabado en la memoria de Nieves. Sus hijos mellizos, <strong>Bianca<\/strong> y <strong>Brando<\/strong>, cumplen 18 a\u00f1os. As\u00ed, alcanzan <strong>la ansiada mayor\u00eda de edad<\/strong> y sus rostros ya no tendr\u00e1n que verse <strong>pixelados <\/strong>en los medios de comunicaci\u00f3n de nuestro pa\u00eds.<\/p>\n<p class=\"paragraph\" id=\"paragraph_3\">Bianca y Brando son fruto de la relaci\u00f3n de la afamada modelo con <strong>Marco Severini<\/strong> (54). La pareja contrajo matrimonio en 2002 tras cerca de ocho a\u00f1os de relaci\u00f3n. Su historia de amor, no obstante, <strong>lleg\u00f3 finalmente a t\u00e9rmino en 2015<\/strong>.<\/p>\n<p><img loading=\"lazy\" decoding=\"async\" alt=\"Nieves \u00c1lvarez y Bill Saad en un acto en Madrid.\" height=\"180\" src=\"https:\/\/www.europesays.com\/es\/wp-content\/uploads\/2025\/11\/1003743918563_258580964_320x180.jpg\" width=\"320\" data-lazy-status=\"processed\" data-lazy-info=\"remove loading item 1\"\/><\/p>\n<p><img decoding=\"async\" alt=\"Bianca Severini para 'Elle'\" data-imgm=\"true\" height=\"180\" loading=\"lazy\"  src=\"https:\/\/www.europesays.com\/es\/wp-content\/uploads\/2025\/11\/1003744009071_259874817_1024x576.jpg\"  width=\"320\"\/><\/p>\n<p>                                                            Bianca Severini para &#8216;Elle&#8217;<\/p>\n<p>                    Instagram<\/p>\n<p class=\"paragraph\" id=\"paragraph_4\">Hablar de Nieves \u00c1lvarez es hablar de una de las modelos y comunicadoras <strong>m\u00e1s prestigiosas a nivel nacional<\/strong>. Sin embargo, siempre se ha mostrado bastante discreta en lo que respecta a su vida privada.<\/p>\n<p class=\"paragraph\" id=\"paragraph_5\">Esta especie de hermetismo ha sido llevada por bandera por sus mellizos. Y es que, a pesar de que este 12 de noviembre soplan 18 velas en la tarta, se prev\u00e9 que sigan manteniendo <strong>un perfil bajo<\/strong>.<\/p>\n<p class=\"paragraph\" id=\"paragraph_6\">Bianca Severini \u00c1lvarez es quiz\u00e1s -dentro de la discreci\u00f3n que envuelve a ambos- la que ha copado el foco en m\u00e1s ocasiones. Una realidad que difiere de sus redes sociales, pues su perfil de Instagram se encuentra cerrado y atesora<strong> poco m\u00e1s de 1.000 seguidores<\/strong>. \u00danicamente se observa su fotograf\u00eda de perfil, en la que aparece c\u00f3mplice con su madre.<\/p>\n<p class=\"paragraph\" id=\"paragraph_7\">Hace apenas unas semanas, Bianca se atrevi\u00f3 con un posado para la revista ELLE. No era un reportaje al uso, pues la joven recre\u00f3 la portada que protagoniz\u00f3 su madre en <strong>noviembre de 1999<\/strong>, con un cuello de plumas y mostrando una imagen de su ojo maquillado en azul.<\/p>\n<p class=\"paragraph\" id=\"paragraph_8\">\u00abEstoy orgullosa de poder representarla, s\u00e9 el referente que es mi madre en su profesi\u00f3n por todo lo que ha conseguido, sin embargo, para m\u00ed es una madre normal\u00bb, confes\u00f3 Bianca. Adem\u00e1s, revel\u00f3 que estudia <strong>Derecho en CUNEF y en un futuro tiene previsto opositar a notar\u00eda<\/strong>.<\/p>\n<p><img decoding=\"async\" alt=\"Nieves y Bianca, en Ibiza en 2021.\" data-imgm=\"true\" height=\"180\" loading=\"lazy\"  src=\"https:\/\/www.europesays.com\/es\/wp-content\/uploads\/2025\/11\/1003744009067_259875206_1024x576.jpg\"  width=\"320\"\/><\/p>\n<p>                                                            Nieves y Bianca, en Ibiza en 2021.<\/p>\n<p>                    Gtres<\/p>\n<p class=\"paragraph\" id=\"paragraph_9\">Posar para una c\u00e1mara no es algo desconocido para Bianca. M\u00e1s de cuatro a\u00f1os atr\u00e1s, en abril de 2021, Nieves concedi\u00f3 <strong>un reportaje junto a la joven<\/strong> para la revista \u00a1HOLA!<\/p>\n<p class=\"paragraph\" id=\"paragraph_10\">En aquel entonces, se presentaba a Bianca como <strong>una joven de dulce y de car\u00e1cter alegre<\/strong>. Adem\u00e1s, se defin\u00eda como una \u00abenamorada de los caballos\u00bb.<\/p>\n<p class=\"paragraph\" id=\"paragraph_11\">Por el momento, se desconoce el \u00e1mbito en el que se especializar\u00e1 Bianca. Sin embargo, tal y como confes\u00f3 tiempo atr\u00e1s, la joven es una amante del arte. \u00abLe gusta la m\u00fasica, le gusta la moda y la agricultura.<strong> Desde muy peque\u00f1ita pintaba fenomenal y bailaba flamenco de maravilla\u00bb<\/strong>, apunt\u00f3 Nieves \u00c1lvarez a la cabecera rosa cerca de un lustro atr\u00e1s.<\/p>\n<p class=\"paragraph\" id=\"paragraph_12\">Brando, por su parte, no tiene redes sociales en activo a d\u00eda de hoy y escasos son los detalles que se conocen sobre su vida. En aquel reportaje, fue definido por su madre como el pensador. <strong>\u00abTiene mucho car\u00e1cter, es un chico superdivertido porque te razona las cosas de manera muy inteligente\u00bb<\/strong>, apostill\u00f3 la modelo en el a\u00f1o 2021.<\/p>\n<p><img decoding=\"async\" alt=\"Bianca y Brando Severini, junto a su madre, Nieves \u00c1lvarez, en una fotograf\u00eda tomada en Madrid en octubre de 2023.\" data-imgm=\"true\" height=\"180\" loading=\"lazy\"  src=\"https:\/\/www.europesays.com\/es\/wp-content\/uploads\/2025\/11\/1003744008825_259870697_1024x576.jpg\"  width=\"320\"\/><\/p>\n<p>                                                            Bianca y Brando Severini, junto a su madre, Nieves \u00c1lvarez, en una fotograf\u00eda tomada en Madrid en octubre de 2023.<\/p>\n<p>                    Gtres<\/p>\n<p class=\"paragraph\" id=\"paragraph_13\">A pesar de su discreci\u00f3n, lo cierto es que en los \u00faltimos tiempos Bianca y Brando se han dejado ver en alg\u00fan que otro acto acompa\u00f1ado a su madre. En octubre de 2023, por ejemplo, ambos fueron inmortalizados junto a la modelo en Madrid para dar el \u00faltimo adi\u00f3s a <strong>Fernando Fern\u00e1ndez-Tapias<\/strong>.<\/p>\n<p class=\"paragraph\" id=\"paragraph_14\">Tambi\u00e9n han sido captados los mellizos por los medios de comunicaci\u00f3n con su padre, Marco Severini, con quien mantienen una estrecha relaci\u00f3n. En agosto de 2021, de hecho, todos ellos disfrutaron de <strong>unas vacaciones de ensue\u00f1o en Ibiza<\/strong>.<\/p>\n<p class=\"paragraph\" id=\"paragraph_15\">Aunque no se encontraban solos, pues junto a ellos estaba <strong>Adriano <\/strong>(20), el v\u00e1stago mayor de Nieves y Marco.<\/p>\n<p class=\"paragraph\" id=\"paragraph_16\">Adriano Severini \u00c1lvarez lleg\u00f3 al mundo en abril de 2005, siendo el primog\u00e9nito de la expareja. Al igual que sus hermanos peque\u00f1os, mantiene un perfil p\u00fablico bajo. Seg\u00fan ha comprobado <a href=\"https:\/\/www.elespanol.com\/?utm_cmp_rs=linksinline\" target=\"_blank\" rel=\"nofollow noopener\"><strong>EL ESPA\u00d1OL<\/strong><\/a>, a d\u00eda de hoy se encuentra enfocado en sus estudios de Derecho en la Universidad Francisco de Vitoria.<\/p>\n<p><img decoding=\"async\" alt=\"Marco Severini, junto a sus tres hijos, Adriano, Bianca y Brando, en Ibiza en 2021.\" data-imgm=\"true\" height=\"180\" loading=\"lazy\"  src=\"https:\/\/www.europesays.com\/es\/wp-content\/uploads\/2025\/11\/1003744009065_259874706_1024x576.jpg\"  width=\"320\"\/><\/p>\n<p>                                                            Marco Severini, junto a sus tres hijos, Adriano, Bianca y Brando, en Ibiza en 2021.<\/p>\n<p>                    Gtres<\/p>\n<p class=\"paragraph\" id=\"paragraph_17\">En cuanto a sus redes sociales, su cuenta de Instagram permanece <strong>cerrada<\/strong>. S\u00f3lo es posible vislumbrar su fotograf\u00eda de perfil, en la que se muestra ataviado con un traje junto a su hermana, Bianca.<\/p>\n","protected":false},"excerpt":{"rendered":"Nieves \u00c1lvarez (51 a\u00f1os) recordar\u00e1 por siempre este 2025. El pasado mes de septiembre, la modelo anunci\u00f3 su&hellip;\n","protected":false},"author":2,"featured_media":231872,"comment_status":"","ping_status":"","sticky":false,"template":"","format":"standard","meta":{"footnotes":""},"categories":[174],"tags":[255,6996,146,147,25,24,256,9113,23],"class_list":{"0":"post-231871","1":"post","2":"type-post","3":"status-publish","4":"format-standard","5":"has-post-thumbnail","7":"category-famosos","8":"tag-celebrities","9":"tag-cumpleanos","10":"tag-entertainment","11":"tag-entretenimiento","12":"tag-es","13":"tag-espana","14":"tag-famosos","15":"tag-nieves-alvarez","16":"tag-spain"},"share_on_mastodon":{"url":"https:\/\/pubeurope.com\/@es\/115536098127349424","error":""},"_links":{"self":[{"href":"https:\/\/www.europesays.com\/es\/wp-json\/wp\/v2\/posts\/231871","targetHints":{"allow":["GET"]}}],"collection":[{"href":"https:\/\/www.europesays.com\/es\/wp-json\/wp\/v2\/posts"}],"about":[{"href":"https:\/\/www.europesays.com\/es\/wp-json\/wp\/v2\/types\/post"}],"author":[{"embeddable":true,"href":"https:\/\/www.europesays.com\/es\/wp-json\/wp\/v2\/users\/2"}],"replies":[{"embeddable":true,"href":"https:\/\/www.europesays.com\/es\/wp-json\/wp\/v2\/comments?post=231871"}],"version-history":[{"count":0,"href":"https:\/\/www.europesays.com\/es\/wp-json\/wp\/v2\/posts\/231871\/revisions"}],"wp:featuredmedia":[{"embeddable":true,"href":"https:\/\/www.europesays.com\/es\/wp-json\/wp\/v2\/media\/231872"}],"wp:attachment":[{"href":"https:\/\/www.europesays.com\/es\/wp-json\/wp\/v2\/media?parent=231871"}],"wp:term":[{"taxonomy":"category","embeddable":true,"href":"https:\/\/www.europesays.com\/es\/wp-json\/wp\/v2\/categories?post=231871"},{"taxonomy":"post_tag","embeddable":true,"href":"https:\/\/www.europesays.com\/es\/wp-json\/wp\/v2\/tags?post=231871"}],"curies":[{"name":"wp","href":"https:\/\/api.w.org\/{rel}","templated":true}]}}