{"id":231873,"date":"2025-11-12T09:48:09","date_gmt":"2025-11-12T09:48:09","guid":{"rendered":"https:\/\/www.europesays.com\/es\/231873\/"},"modified":"2025-11-12T09:48:09","modified_gmt":"2025-11-12T09:48:09","slug":"la-casa-roura-obra-de-domenech-i-montaner-en-canet-de-mar-declarada-monumento-historico","status":"publish","type":"post","link":"https:\/\/www.europesays.com\/es\/231873\/","title":{"rendered":"La Casa Roura, obra de Dom\u00e8nech i Montaner en Canet de Mar, declarada monumento hist\u00f3rico"},"content":{"rendered":"<p data-gtm-element-container=\"modulo-texto-link\" class=\"paragraph\">El gobierno de la Generalitat ha aprobado este martes la declaraci\u00f3n de la Casa Roura, obra del arquitecto Llu\u00eds Dom\u00e8nech i Montaner situada en Canet de Mar (Maresme), como bien cultural de inter\u00e9s nacional en la categor\u00eda de monumento hist\u00f3rico.<\/p>\n<p data-gtm-element-container=\"modulo-texto-link\" class=\"paragraph\">Este edificio es especialmente relevante porque se trata de uno de los primeros ejemplos de la obra de Dom\u00e8nech i Montaner, que, como en el caso de la Casa Nav\u00e0s de Reus (Baix Camp) \u2014construida posteriormente\u2014, presenta elementos que se desarrollar\u00e1n con mayor profundidad en etapas posteriores de su trayectoria.<\/p>\n<p>        Lee tambi\u00e9n<\/p>\n<p>    V\u00edctor Vives<\/p>\n<p>             <img loading=\"lazy\" decoding=\"async\" data-full-src=\"https:\/\/www.lavanguardia.com\/uploads\/2024\/06\/27\/667d35e236a92.jpeg\" alt=\"La espectacular Casa Coll i Reg\u00e0s, de Puig i Cadafalch, en la calle Argentona de Matar\u00f3\" width=\"334\" height=\"164\" src=\"https:\/\/www.europesays.com\/es\/wp-content\/uploads\/2025\/11\/667d35e236a92.r_d.1230-571.jpeg\" class=\"lazy\"\/><\/p>\n<p data-gtm-element-container=\"modulo-texto-link\" class=\"paragraph\">Entre estos elementos destaca el uso de la decoraci\u00f3n floral como vocabulario ornamental b\u00e1sico, las vidrieras de colores, la chimenea de estilo medievalista con motivos florales, fant\u00e1sticos y mitol\u00f3gicos, el mobiliario original, los trabajos de ebanister\u00eda, los pavimentos con mosaicos y una ornamentaci\u00f3n rica y detallada.<\/p>\n<p data-gtm-element-container=\"modulo-texto-link\" class=\"paragraph\">Construida entre 1891 y 1892, la casa se proyect\u00f3 a cuatro vientos, con un z\u00f3calo elevado para protegerlo de las avenidas de agua, y en la actualidad acoge un restaurante.<\/p>\n<p>                <img loading=\"lazy\" decoding=\"async\" data-full-src=\"https:\/\/www.lavanguardia.com\/uploads\/2025\/11\/12\/69144426cb854.jpeg\" alt=\"Comedor del actual restaurante 6Q en la Casa Roura de Canet de Mar .\" width=\"449\" height=\"300\" src=\"https:\/\/www.europesays.com\/es\/wp-content\/uploads\/2025\/11\/69144426cb854.jpeg\" class=\"lazy\"\/><\/p>\n<p class=\"caption-title \">Comedor del actual restaurante 6Q en la Casa Roura de Canet de Mar .<\/p>\n<p>                    6Q<\/p>\n<p data-gtm-element-container=\"modulo-texto-link\" class=\"paragraph\">Las fachadas orientadas al mar, las m\u00e1s elaboradas, fueron concebidas para ofrecer una gran espectacularidad, aprovechando que en ese momento no exist\u00eda ninguna construcci\u00f3n entre la casa y la l\u00ednea de costa.<\/p>\n<p data-gtm-element-container=\"modulo-texto-link\" class=\"paragraph\">Por lo que se refiere al entorno de protecci\u00f3n comprendido en la declaraci\u00f3n de bien cultural, se ha definido seg\u00fan criterios de visibilidad e integraci\u00f3n paisaj\u00edstica, teniendo en cuenta las fincas adyacentes y las construcciones m\u00e1s cercanas, que ejercen una influencia visual directa sobre el monumento.<\/p>\n<p data-gtm-element-container=\"modulo-texto-link\" class=\"paragraph\">La Casa Roura ya fue declarada monumento hist\u00f3rico-art\u00edstico en 1976. En la actualidad alberga el <a href=\"https:\/\/6qrestaurant.com\/\" target=\"_blank\" rel=\"nofollow noreferrer noopener\">restaurante modernista 6Q<\/a>. El edificio marcadamente modernista fue ideado por <a href=\"https:\/\/www.cedim.cat\/qui-som\/\" target=\"_blank\" rel=\"nofollow noreferrer noopener\">Llu\u00eds Dom\u00e8nech i Montaner<\/a> como residencia para Ricard de Capmany. Las obras acabaron en 1892 y la casa destaca por el uso del ladrillo, el hierro y la cer\u00e1mica. Tambi\u00e9n conocida como Ca la Bianga est\u00e1 llena de detalles y formas geom\u00e9tricas variadas que lo convierten en un castillo o en una iglesia con su campanario, seg\u00fan informa el Ayuntamiento del municipio.<\/p>\n","protected":false},"excerpt":{"rendered":"El gobierno de la Generalitat ha aprobado este martes la declaraci\u00f3n de la Casa Roura, obra del arquitecto&hellip;\n","protected":false},"author":2,"featured_media":231874,"comment_status":"","ping_status":"","sticky":false,"template":"","format":"standard","meta":{"footnotes":""},"categories":[173],"tags":[229,233,231,230,232,234,146,147,25,24,23],"class_list":{"0":"post-231873","1":"post","2":"type-post","3":"status-publish","4":"format-standard","5":"has-post-thumbnail","7":"category-arte-y-diseno","8":"tag-arte","9":"tag-arte-y-diseno","10":"tag-arts","11":"tag-arts-and-design","12":"tag-design","13":"tag-diseno","14":"tag-entertainment","15":"tag-entretenimiento","16":"tag-es","17":"tag-espana","18":"tag-spain"},"share_on_mastodon":{"url":"https:\/\/pubeurope.com\/@es\/115536101651952573","error":""},"_links":{"self":[{"href":"https:\/\/www.europesays.com\/es\/wp-json\/wp\/v2\/posts\/231873","targetHints":{"allow":["GET"]}}],"collection":[{"href":"https:\/\/www.europesays.com\/es\/wp-json\/wp\/v2\/posts"}],"about":[{"href":"https:\/\/www.europesays.com\/es\/wp-json\/wp\/v2\/types\/post"}],"author":[{"embeddable":true,"href":"https:\/\/www.europesays.com\/es\/wp-json\/wp\/v2\/users\/2"}],"replies":[{"embeddable":true,"href":"https:\/\/www.europesays.com\/es\/wp-json\/wp\/v2\/comments?post=231873"}],"version-history":[{"count":0,"href":"https:\/\/www.europesays.com\/es\/wp-json\/wp\/v2\/posts\/231873\/revisions"}],"wp:featuredmedia":[{"embeddable":true,"href":"https:\/\/www.europesays.com\/es\/wp-json\/wp\/v2\/media\/231874"}],"wp:attachment":[{"href":"https:\/\/www.europesays.com\/es\/wp-json\/wp\/v2\/media?parent=231873"}],"wp:term":[{"taxonomy":"category","embeddable":true,"href":"https:\/\/www.europesays.com\/es\/wp-json\/wp\/v2\/categories?post=231873"},{"taxonomy":"post_tag","embeddable":true,"href":"https:\/\/www.europesays.com\/es\/wp-json\/wp\/v2\/tags?post=231873"}],"curies":[{"name":"wp","href":"https:\/\/api.w.org\/{rel}","templated":true}]}}