{"id":231876,"date":"2025-11-12T09:51:11","date_gmt":"2025-11-12T09:51:11","guid":{"rendered":"https:\/\/www.europesays.com\/es\/231876\/"},"modified":"2025-11-12T09:51:11","modified_gmt":"2025-11-12T09:51:11","slug":"la-historia-de-tu-falta-de-querer-el-desgarrador-himno-de-mon-laferte-interpretado-por-dua-lipa","status":"publish","type":"post","link":"https:\/\/www.europesays.com\/es\/231876\/","title":{"rendered":"La historia de Tu Falta de Querer, el desgarrador himno de Mon Laferte interpretado por Dua Lipa"},"content":{"rendered":"<p class=\"article-body__paragraph\">La de <a href=\"https:\/\/www.latercera.com\/etiqueta\/mon-laferte\/\" target=\"_self\" rel=\"nofollow noopener\" title=\"https:\/\/www.latercera.com\/etiqueta\/mon-laferte\/\"><b>Mon Laferte<\/b> <\/a>son varias vidas en una. <b>25 de sus 42 a\u00f1os los ha dedicado a trabajar en la m\u00fasica. <\/b><\/p>\n<p class=\"article-body__paragraph\">\u201cToqu\u00e9 en circos travestis, en la calle, covers de todo tipo, cant\u00e9 en un grupo de tango, estuve en la TV, me hice famosa cantando pop basura, llegu\u00e9 aqu\u00ed, toqu\u00e9 en una banda de metal, toqu\u00e9 en Veracruz, toqu\u00e9 covers de rock, he hecho tantas cosas de mi vida y todo eso ha sido solamente para sobrevivir, con eso pagaba la renta, con eso juntaba para hacer mi m\u00fasica, toda el camino ha sido igual\u201d, cont\u00f3 en 2015 al portal Indie Rocks M\u00e9xico, consultada por sus andanzas, su trayecto por diversos pa\u00edses, por los hitos y personajes que marcaron ese camino.<\/p>\n<p><img alt=\"\" class=\"global-image\" decoding=\"async\"  src=\"https:\/\/www.europesays.com\/es\/wp-content\/uploads\/2025\/11\/AEXAWRJFCJFNTP2SYFYWKISNL4.jpg\"  fetchpriority=\"low\" loading=\"lazy\"\/>Mon Laferte ok la-tercera <\/p>\n<p class=\"article-body__paragraph\">En 2022, la cantautora chilena m\u00e1s popular en el mundo perdi\u00f3 a una de esas personas clave en su agitada biograf\u00eda de viajes, esfuerzo y b\u00fasqueda musical: el 5 de enero de ese a\u00f1o falleci\u00f3 en su natal Veracruz el m\u00fasico <b>C\u00e9sar Ceja<\/b>, compositor y productor de los primeros discos de la vi\u00f1amarina y un aliado fundamental en los inicios de su carrera en Norteam\u00e9rica, hace m\u00e1s de una d\u00e9cada, adem\u00e1s de su expareja.<\/p>\n<p class=\"article-body__paragraph\">Y otro dato: fue el hombre al que le dedic\u00f3 Tu falta de querer, quiz\u00e1s su himno m\u00e1s desgarrador y atormentado. <\/p>\n<p class=\"article-body__paragraph\"><b>\u201cQuerido Cesar, fuiste mi mejor amigo y compa\u00f1ero por m\u00e1s de 6 a\u00f1os, me regalaste una familia en M\u00e9xico, me cuidaste siempre cuando estuve enferma, me hiciste re\u00edr mucho\u201d<\/b>, coment\u00f3 en su momento la propia cantante en su perfil de Instagram con varias fotos junto al m\u00fasico, conocido por el nombre art\u00edstico de \u201cMr Ceja\u201d y en cuyo curr\u00edculum aparecen tambi\u00e9n colaboraciones junto a Ana Torroja, Emmanuel, Mijares, Alejandra Guzm\u00e1n y Kalimba, entre otros. <\/p>\n<p class=\"article-body__paragraph\">Ten\u00eda s\u00f3lo 40 a\u00f1os y la causa de su muerte habr\u00eda sido un infarto.<\/p>\n<p class=\"article-body__paragraph\">\u201cTe escrib\u00ed muchas canciones y t\u00fa me escribiste muchas tambi\u00e9n, siempre fuiste mi maestro y fuimos muy muy felices juntos. Ahora pienso en todas las canciones que hicimos juntos, s\u00e9 que seguir\u00e1n sonando y las cantar\u00e9 con mas amor que nunca\u201d, <b>agreg\u00f3 Mon Laferte en su despedida virtual.<\/b><\/p>\n<p>Una pareja de alta pasi\u00f3n<\/p>\n<p class=\"article-body__paragraph\">Si bien Monserrat Bustamante se radic\u00f3 en M\u00e9xico en 2007, tras renunciar al programa Rojo y dejar Chile, fue en 2011 que la cantante debut\u00f3 con su primer disco oficial en ese pa\u00eds, <b>Desechable<\/b>, ya con su alias art\u00edstico definido y una nueva propuesta estil\u00edstica cargada al pop rock y a las letras sobre desamor y relaciones t\u00f3xicas. All\u00ed fue vital la colaboraci\u00f3n de Ceja, quien figura en los cr\u00e9ditos como productor del \u00e1lbum y coautor de nueve de sus diez temas.<\/p>\n<p class=\"article-body__paragraph\">Despu\u00e9s de componer juntos en 2012 el tema principal de la banda sonora de la pel\u00edcula peruana El buen Pedro, titulado Vuelve por favor, la pareja se dedic\u00f3 a trabajar en el segundo LP de la vi\u00f1amarina en Norteam\u00e9rica, <b>Tornasol <\/b>(2013), tambi\u00e9n editado por Warner Chappell -su primera casa discogr\u00e1fica antes de Universal- y con Ceja en la producci\u00f3n.<\/p>\n<p class=\"article-body__paragraph\">Pero el influjo del cantautor mexicano en la carrera y la discograf\u00eda de la solista no se limit\u00f3 a esos primeros \u00e1lbumes. Adem\u00e1s aportar su voz para proyectos de \u00e9l, Mon Laferte se inspir\u00f3 en Ceja, en la relaci\u00f3n entre ambos y en su posterior quiebre, para crear algunas de sus m\u00e1s famosos himnos y desgarradas baladas, como la mencionada Tu falta de querer, Si t\u00fa me quisieras y Tormento, (en esta \u00faltima el mexicano tambi\u00e9n aparece como coautor). Todas fueron parte de Mon Laferte vol. 1 (2015), el disco que lanz\u00f3 a la fama definitiva a la cantautora y que la convirti\u00f3 en fen\u00f3meno continental.<\/p>\n<p class=\"article-body__paragraph\">Bustamante habr\u00eda conocido a Ceja aproximadamente en 2009, cuando empez\u00f3 a viajar todos los fines de semana desde Ciudad de M\u00e9xico a Veracruz, para cantar covers en boliches de esa ciudad costera y ganarse la vida. Tras seis a\u00f1os de noviazgo y colaboraci\u00f3n art\u00edstica, el t\u00e9rmino habr\u00eda sido devastador pero a la larga inspirador para la solista, quien a partir de entonces comenz\u00f3 su despegue mundial.<\/p>\n<p class=\"article-body__paragraph\">\u201cTengo una canci\u00f3n s\u00faper triste&#8230; Me pusieron el cuerno\u201d, dijo Laferte durante una presentaci\u00f3n en vivo en 2016, antes de presentar Tu falta de querer antes un p\u00fablico algo descolocado e incr\u00e9dulo frente a la honestidad brutal de la int\u00e9rprete.<\/p>\n<p class=\"article-body__paragraph\">\u201cS\u00ed, esto es verdad. Es en serio. Hace como un a\u00f1o. Me dio depresi\u00f3n. Me quise suicidar&#8230; \u00bfc\u00f3mo se r\u00eden?, \u00a1pero si es verdad!\u201d, dice en el registro.<\/p>\n<p>Una nueva canci\u00f3n<\/p>\n<p class=\"article-body__paragraph\">A la historia se le suma un curioso dato sobre la primera vez en que la canci\u00f3n vio la luz. \u201cYo escrib\u00ed de c\u00f3mo me sent\u00eda y andaba ah\u00ed la melod\u00eda como dando vueltas en mi cabeza\u201d, dijo en una entrevista con City Lab en 2017, se\u00f1alando que estaba junto a un grupo de amigas.<\/p>\n<p class=\"article-body__paragraph\">\u201cEn este momento depre que ten\u00eda, de repente tuve como una luz y le digo a mis amigas: \u2018Ahora voy a hacer una canci\u00f3n s\u00faper buena y que me va a ayudar a que se me quite toda esta tristeza\u2019 (\u2026) Me fui a la pieza y grab\u00e9 en el tel\u00e9fono la melod\u00eda\u201d, cont\u00f3 Laferte.<\/p>\n<p><img alt=\"\" class=\"global-image\" decoding=\"async\"  src=\"https:\/\/www.europesays.com\/es\/wp-content\/uploads\/2025\/11\/I5PKGTF2TJDMTD4PUQQR2S4ZRM.jpg\"  fetchpriority=\"low\" loading=\"lazy\"\/><\/p>\n<p class=\"article-body__paragraph\">Luego, volvi\u00f3 frente a sus amigas e interpret\u00f3 el tema en guitarra. Una de ellas la grab\u00f3 y le pregunt\u00f3 si pod\u00eda subir la versi\u00f3n a YouTube. Mon Laferte dijo que s\u00ed. <b>\u201cSi nadie lo va a ver\u201d, fue su reflexi\u00f3n.<\/b><\/p>\n<p class=\"article-body__paragraph\">\u201cY empez\u00f3 a tener m\u00e1s reproducciones que cualquier otro video\u201d, cont\u00f3 entre risas, sellando la historia de la canci\u00f3n que le ayud\u00f3 a sacar el dolor que llevaba y, adem\u00e1s, la ayud\u00f3 a catapultarse en el circuito latinoamericano.<\/p>\n<p class=\"article-body__paragraph\">En su \u00faltimo \u00e1lbum, Femme Fatale, aparecido hace unas semanas, vuelve a rendirle tributo a esa historia y a Ceja, al hablar en el tema Veracruz de una relaci\u00f3n que fue \u201cm\u00e1s que un amor, una revoluci\u00f3n\u201d y apuntar que \u201clo quise tanto que llegu\u00e9 a enloquecer\/ A \u00e9l le escrib\u00ed Tu Falta de Querer\u201d. Una forma \u00e9pica para cerrar el c\u00edrculo. <\/p>\n<p class=\"article-body__paragraph\"><b>O m\u00e1s bien de realzarlo: Dua Lipa interpret\u00f3 este martes 11 en el Estadio Nacional su propio cover de <\/b><b>Tu falta de querer<\/b>, tema elegido para su escala chilena, tal como en otras plazas a escogido tracks de Soda Stereo (Argentina) o Scorpions (Alemania). <\/p>\n","protected":false},"excerpt":{"rendered":"La de Mon Laferte son varias vidas en una. 25 de sus 42 a\u00f1os los ha dedicado a&hellip;\n","protected":false},"author":2,"featured_media":231877,"comment_status":"","ping_status":"","sticky":false,"template":"","format":"standard","meta":{"footnotes":""},"categories":[170],"tags":[14008,146,147,25,24,22770,55866,184,185,2792,23],"class_list":{"0":"post-231876","1":"post","2":"type-post","3":"status-publish","4":"format-standard","5":"has-post-thumbnail","7":"category-musica","8":"tag-dua-lipa","9":"tag-entertainment","10":"tag-entretenimiento","11":"tag-es","12":"tag-espana","13":"tag-estadio-nacional","14":"tag-mon-laferte","15":"tag-music","16":"tag-musica","17":"tag-musica-culto","18":"tag-spain"},"share_on_mastodon":{"url":"https:\/\/pubeurope.com\/@es\/115536113851930497","error":""},"_links":{"self":[{"href":"https:\/\/www.europesays.com\/es\/wp-json\/wp\/v2\/posts\/231876","targetHints":{"allow":["GET"]}}],"collection":[{"href":"https:\/\/www.europesays.com\/es\/wp-json\/wp\/v2\/posts"}],"about":[{"href":"https:\/\/www.europesays.com\/es\/wp-json\/wp\/v2\/types\/post"}],"author":[{"embeddable":true,"href":"https:\/\/www.europesays.com\/es\/wp-json\/wp\/v2\/users\/2"}],"replies":[{"embeddable":true,"href":"https:\/\/www.europesays.com\/es\/wp-json\/wp\/v2\/comments?post=231876"}],"version-history":[{"count":0,"href":"https:\/\/www.europesays.com\/es\/wp-json\/wp\/v2\/posts\/231876\/revisions"}],"wp:featuredmedia":[{"embeddable":true,"href":"https:\/\/www.europesays.com\/es\/wp-json\/wp\/v2\/media\/231877"}],"wp:attachment":[{"href":"https:\/\/www.europesays.com\/es\/wp-json\/wp\/v2\/media?parent=231876"}],"wp:term":[{"taxonomy":"category","embeddable":true,"href":"https:\/\/www.europesays.com\/es\/wp-json\/wp\/v2\/categories?post=231876"},{"taxonomy":"post_tag","embeddable":true,"href":"https:\/\/www.europesays.com\/es\/wp-json\/wp\/v2\/tags?post=231876"}],"curies":[{"name":"wp","href":"https:\/\/api.w.org\/{rel}","templated":true}]}}