{"id":231881,"date":"2025-11-12T09:56:21","date_gmt":"2025-11-12T09:56:21","guid":{"rendered":"https:\/\/www.europesays.com\/es\/231881\/"},"modified":"2025-11-12T09:56:21","modified_gmt":"2025-11-12T09:56:21","slug":"un-enfoque-integral-para-una-vida-plena","status":"publish","type":"post","link":"https:\/\/www.europesays.com\/es\/231881\/","title":{"rendered":"un enfoque integral para una vida plena"},"content":{"rendered":"<p>\t\t\t\t\t<img loading=\"lazy\" width=\"880\" height=\"495\" src=\"https:\/\/www.europesays.com\/es\/wp-content\/uploads\/2025\/11\/mujer-diabetica-de-alto-angulo-comprobando-su-nivel-de-glucosa-880x495.jpg\" class=\"attachment-noticia size-noticia wp-post-image\" alt=\"\" decoding=\"async\"  \/>\t\t\t\t<\/p>\n<p>\t\t\t\t\t\t\t5:32<br \/>\n\t\t\t\t\t\t\tD\u00eda Mundial de la Diabetes: un enfoque integral para una vida plena | D\u00eda Mundial de la Diabetes: un enfoque integral para una vida plena\n\t\t\t\t\t\t<\/p>\n<p>\t\t\t\tMujer diab\u00e9tica comprobando su nivel de glucosa \/ Freepik\t\t\t<\/p>\n<p>         \t<a href=\"https:\/\/www.obramat.es\/?rp_banner_movil\" target=\"_blank\" rel=\"nofollow noopener\" onclick=\"ga(&#039;send&#039;, &#039;event&#039;, &#039;Publicidad&#039;, &#039;Obramat&#039;, &#039;banner_movil&#039;, 1);\"><\/p>\n<p>\t\t\t \t\t\t\t\t \t\t\t\t\t \t<img decoding=\"async\" class=\"d-xl-none mb-3 w-100\" src=\"https:\/\/www.europesays.com\/es\/wp-content\/uploads\/2025\/09\/VR-Movil-960x300_OBRAMAT-BIZKAIA.jpg\" alt=\"Banner de Obramat en Bilbao\" width=\"320\" height=\"100\" loading=\"lazy\"\/><\/p>\n<p>\t\t  \t<\/a><\/p>\n<p data-start=\"205\" data-end=\"736\">El 14 de noviembre se celebra el <strong data-start=\"238\" data-end=\"268\">D\u00eda Mundial de la Diabetes<\/strong>, una fecha que tiene como objetivo concienciar a la poblaci\u00f3n sobre esta enfermedad, que afecta a m\u00e1s de 800 millones de personas a nivel mundial. En el marco de esta conmemoraci\u00f3n, <strong data-start=\"451\" data-end=\"469\">Mari Jos\u00e9 D\u00edez<\/strong>, directora del Centro de Informaci\u00f3n sobre Medicamentos de la <strong data-start=\"532\" data-end=\"566\">Escuela de Farmacia de Vizcaya<\/strong>, ha compartido valiosas reflexiones sobre la importancia de la detecci\u00f3n temprana, el tratamiento adecuado y la gesti\u00f3n de la diabetes, tanto en su forma tipo 1 como tipo 2.<\/p>\n<p><strong data-start=\"743\" data-end=\"810\">La Diabetes: Una Enfermedad Prevalente y Desconocida por Muchos<\/strong><\/p>\n<p data-start=\"812\" data-end=\"1264\">La diabetes es una enfermedad cr\u00f3nica que se presenta cuando el cuerpo no puede producir suficiente insulina o no puede utilizarla eficazmente. Esta condici\u00f3n provoca niveles elevados de glucosa en sangre, lo que, si no se controla adecuadamente, puede llevar a complicaciones graves. De hecho, se estima que entre el 40 y el 50% de las personas con diabetes no son conscientes de su condici\u00f3n, lo que subraya la importancia de la detecci\u00f3n temprana. Mari Jos\u00e9 D\u00edez destaca que, a pesar de los avances significativos en el tratamiento de la diabetes, el control adecuado sigue siendo crucial para evitar complicaciones, que pueden afectar a \u00f3rganos vitales como el coraz\u00f3n, los ri\u00f1ones y los ojos.<\/p>\n<p><strong data-start=\"1519\" data-end=\"1564\">Avances en el Tratamiento y la Prevenci\u00f3n<\/strong><\/p>\n<p data-start=\"1566\" data-end=\"2123\">A lo largo de los a\u00f1os, la investigaci\u00f3n sobre la diabetes ha avanzado considerablemente, mejorando las opciones de tratamiento disponibles. Para las personas con <strong data-start=\"1729\" data-end=\"1748\">diabetes tipo 1<\/strong>, la insulina sigue siendo esencial, y en muchos casos, se requiere su administraci\u00f3n varias veces al d\u00eda o mediante dispositivos de liberaci\u00f3n continua. En cuanto a la <strong data-start=\"1917\" data-end=\"1936\">diabetes tipo 2<\/strong>, el tratamiento puede incluir medicamentos, cambios en los h\u00e1bitos de vida y el control de factores predisponentes, lo que puede mejorar significativamente la evoluci\u00f3n de la enfermedad.<\/p>\n<p data-start=\"2125\" data-end=\"2505\">Mari Jos\u00e9 ha destacado tambi\u00e9n la relevancia de los h\u00e1bitos saludables y la prevenci\u00f3n, aspectos fundamentales para evitar el agravamiento de la enfermedad. \u201cLa vida cotidiana de una persona con diabetes requiere de especial atenci\u00f3n, no solo al tratamiento, sino tambi\u00e9n al estilo de vida. Cambiar ciertos h\u00e1bitos puede marcar la diferencia en la evoluci\u00f3n de la enfermedad,\u201d coment\u00f3.<\/p>\n<p><strong data-start=\"2512\" data-end=\"2570\">Gesti\u00f3n de la diabetes en diferentes etapas de la vida<\/strong><\/p>\n<p data-start=\"2572\" data-end=\"2878\">Adem\u00e1s de la diabetes tipo 1 y tipo 2, existe una forma especial de diabetes que preocupa a muchas mujeres: la <strong data-start=\"2683\" data-end=\"2707\">diabetes gestacional<\/strong>. Esta condici\u00f3n se presenta durante el embarazo y, aunque puede ser preocupante para las futuras madres, con un adecuado seguimiento y control, los riesgos se minimizan.<\/p>\n<p data-start=\"2880\" data-end=\"3129\">\u201cHoy en d\u00eda, los controles en el embarazo son rigurosos y permiten detectar a tiempo la diabetes gestacional. Con la supervisi\u00f3n adecuada, las mujeres pueden tener un embarazo sin complicaciones graves para ellas ni para el beb\u00e9,\u201d explic\u00f3 Mari Jos\u00e9.<\/p>\n<p><strong data-start=\"3136\" data-end=\"3183\">Eventos y Apoyo a las Personas con Diabetes<\/strong><\/p>\n<p data-start=\"3185\" data-end=\"3556\">Con motivo del D\u00eda Mundial de la Diabetes, la <strong data-start=\"3231\" data-end=\"3253\">Asociaci\u00f3n Asvidia<\/strong> organizar\u00e1 una jornada de encuentro en el <strong data-start=\"3296\" data-end=\"3314\">Hotel Indautxu<\/strong>, donde se ofrecer\u00e1n asesoramientos sobre nutrici\u00f3n, h\u00e1bitos de vida y control de la enfermedad. La Escuela de Farmacia de Vizcaya, en colaboraci\u00f3n con voluntarios, brindar\u00e1 apoyo a los asistentes, ofreciendo informaci\u00f3n \u00fatil y personalizada.<\/p>\n<p data-start=\"3962\" data-end=\"4376\">La diabetes es una enfermedad compleja, pero con un adecuado diagn\u00f3stico y tratamiento, las personas que la padecen pueden llevar una vida plena y saludable. En este D\u00eda Mundial de la Diabetes, es esencial recordar que la detecci\u00f3n temprana, el tratamiento adecuado y la adopci\u00f3n de h\u00e1bitos saludables son clave para evitar complicaciones y asegurar una mejor calidad de vida para quienes conviven con esta condici\u00f3n<\/p>\n<p>         \t<a href=\"https:\/\/www.obramat.es\/?rp_banner_movil\" target=\"_blank\" rel=\"nofollow noopener\" onclick=\"ga(&#039;send&#039;, &#039;event&#039;, &#039;Publicidad&#039;, &#039;Obramat&#039;, &#039;banner_movil&#039;, 1);\"><\/p>\n<p>\t\t\t \t\t\t\t\t \t\t\t\t\t \t<img decoding=\"async\" class=\"solomovil\" src=\"https:\/\/www.europesays.com\/es\/wp-content\/uploads\/2025\/09\/VR-Movil-960x300_OBRAMAT-BIZKAIA.jpg\" alt=\"Banner de Obramat en Bilbao\" width=\"320\" height=\"100\" loading=\"lazy\"\/><\/p>\n<p>\t\t  \t<\/a><\/p>\n","protected":false},"excerpt":{"rendered":"5:32 D\u00eda Mundial de la Diabetes: un enfoque integral para una vida plena | D\u00eda Mundial de la&hellip;\n","protected":false},"author":2,"featured_media":231882,"comment_status":"","ping_status":"","sticky":false,"template":"","format":"standard","meta":{"footnotes":""},"categories":[92],"tags":[60575,60576,8437,47612,60577,59521,4807,60578,17167,16527,25,60579,24,7711,165,6026,597,166,60580,1452,23,60581],"class_list":{"0":"post-231881","1":"post","2":"type-post","3":"status-publish","4":"format-standard","5":"has-post-thumbnail","7":"category-salud","8":"tag-asvidia","9":"tag-atencion-farmaceutica","10":"tag-calidad-de-vida","11":"tag-concienciacion","12":"tag-control-de-la-diabetes","13":"tag-dia-mundial-de-la-diabetes","14":"tag-diabetes","15":"tag-diabetes-gestacional","16":"tag-diabetes-tipo-1","17":"tag-diabetes-tipo-2","18":"tag-es","19":"tag-escuela-de-farmacia-de-vizcaya","20":"tag-espana","21":"tag-habitos-saludables","22":"tag-health","23":"tag-nutricion","24":"tag-prevencion","25":"tag-salud","26":"tag-salud-en-el-embarazo","27":"tag-salud-publica","28":"tag-spain","29":"tag-tratamiento-de-la-diabetes"},"share_on_mastodon":{"url":"https:\/\/pubeurope.com\/@es\/115536133331538800","error":""},"_links":{"self":[{"href":"https:\/\/www.europesays.com\/es\/wp-json\/wp\/v2\/posts\/231881","targetHints":{"allow":["GET"]}}],"collection":[{"href":"https:\/\/www.europesays.com\/es\/wp-json\/wp\/v2\/posts"}],"about":[{"href":"https:\/\/www.europesays.com\/es\/wp-json\/wp\/v2\/types\/post"}],"author":[{"embeddable":true,"href":"https:\/\/www.europesays.com\/es\/wp-json\/wp\/v2\/users\/2"}],"replies":[{"embeddable":true,"href":"https:\/\/www.europesays.com\/es\/wp-json\/wp\/v2\/comments?post=231881"}],"version-history":[{"count":0,"href":"https:\/\/www.europesays.com\/es\/wp-json\/wp\/v2\/posts\/231881\/revisions"}],"wp:featuredmedia":[{"embeddable":true,"href":"https:\/\/www.europesays.com\/es\/wp-json\/wp\/v2\/media\/231882"}],"wp:attachment":[{"href":"https:\/\/www.europesays.com\/es\/wp-json\/wp\/v2\/media?parent=231881"}],"wp:term":[{"taxonomy":"category","embeddable":true,"href":"https:\/\/www.europesays.com\/es\/wp-json\/wp\/v2\/categories?post=231881"},{"taxonomy":"post_tag","embeddable":true,"href":"https:\/\/www.europesays.com\/es\/wp-json\/wp\/v2\/tags?post=231881"}],"curies":[{"name":"wp","href":"https:\/\/api.w.org\/{rel}","templated":true}]}}