{"id":231914,"date":"2025-11-12T10:27:08","date_gmt":"2025-11-12T10:27:08","guid":{"rendered":"https:\/\/www.europesays.com\/es\/231914\/"},"modified":"2025-11-12T10:27:08","modified_gmt":"2025-11-12T10:27:08","slug":"coincide-que-el-reposo-de-lamine-es-en-el-paron-pero-no-perjudica-a-la-seleccion","status":"publish","type":"post","link":"https:\/\/www.europesays.com\/es\/231914\/","title":{"rendered":"\u00abCoincide que el reposo de Lamine es en el par\u00f3n, pero no perjudica a la selecci\u00f3n\u00bb"},"content":{"rendered":"<p style=\"\">Cuatro a\u00f1os despu\u00e9s de su salida, el nombre de <strong>Leo Messi<\/strong> volvi\u00f3 a resonar por <a href=\"https:\/\/www.abc.es\/noticias\/fc-barcelona\/\" target=\"_self\" data-voc-vtm-id=\"in-text-traffic\" title=\"Barcelona\" data-mrf-link=\"www.abc.es\" rel=\"nofollow noopener\">Barcelona<\/a>. La visita sorpresa del argentino al renovado, aunque todav\u00eda en proceso, Camp Nou sorprendi\u00f3 a todo el mundo, incluido al propio club y a su presidente, <strong>Joan <\/strong> &#8230; <strong>Laporta<\/strong>.<\/p>\n<p class=\"voc-p\" style=\"\">\u00abLa recib\u00ed bien. Fue un arrebato espont\u00e1neo que muestra su barcelonismo. <strong>No lo sab\u00eda, pero es su casa<\/strong>. Estaba con amigos, paseando, acaba de cenar y de forma espont\u00e1nea se pas\u00f3\u00bb, asegur\u00f3 el presidente azulgrana este martes en una entrevista concedida a &#8216;Catalunya Radio&#8217;.<\/p>\n<p class=\"voc-p\" style=\"\">\u00abNo le envi\u00e9 ning\u00fan mensaje. Es una relaci\u00f3n correcta. \u00c9l est\u00e1 jugando en el Inter de Miami. Sabe que se le quiere y se le considera como lo que es y que siempre ser\u00e1 bienvenido. <strong>Es de justicia que tenga el mejor homenaje del mundo<\/strong>. Ser\u00eda maravilloso tener aqu\u00ed su homenaje, ante 105.000 seguidores\u00bb, a\u00f1adi\u00f3 Laporta, que tambi\u00e9n sostuvo que no se arrepiente de la salida del argentino ya que \u00abel Bar\u00e7a est\u00e1 por encima de todo\u00bb.<\/p>\n<p class=\"voc-p\" style=\"\">Respecto al \u00faltimo episodio del enfrentamiento entre la entidad barcelonesa y la selecci\u00f3n espa\u00f1ola por la salud de <strong>Lamine Yamal<\/strong>, el dirigente defendi\u00f3 que no quiere pol\u00e9mica alguna. \u00abRespetamos lo que diga la selecci\u00f3n. No queremos pol\u00e9micas. Intentamos curar a nuestros jugadores con el ritmo que nos interesa. Estamos haciendo lo que tenemos que hacer por el inter\u00e9s del Bar\u00e7a. El Bar\u00e7a quiere tener a su jugador a disposici\u00f3n del club. Coincide que el reposo es en el par\u00f3n, pero no perjudica a la clasificaci\u00f3n de la selecci\u00f3n, que est\u00e1 casi clasificada\u00bb.<\/p>\n<p class=\"voc-p\" style=\"\">Un Lamine que ha centrado muchas miradas por su faceta extradeportiva, algo que no preocupa a Laporta. \u00abDisfruta de la vida, del f\u00fatbol. Es maduro para su edad. <strong>No me preocupa su estilo de vida<\/strong>. Se le ha de proteger y ayudar, nosotros y su entorno. Estoy encantado con \u00e9l. Como futbolista es un genio y se le ha de proteger. Todav\u00eda no ha llegado al punto de m\u00e1xima excelencia\u00bb.<\/p>\n<p class=\"voc-p\" style=\"\">Asimismo, el presidente del Bar\u00e7a explic\u00f3 que la relaci\u00f3n con el Madrid atraviesa un momento de tensi\u00f3n por los temas de colisi\u00f3n, como el caso Negreira o el partido de Miami. \u00ab<strong>Las relaciones no son buenas<\/strong>. Comparecen en el caso Negreira y van presentando hechos irrelevantes e inconcluyentes. Tener el caso abierto les debe provocar alg\u00fan inter\u00e9s. No nos gusta, es una situaci\u00f3n tensa. No quise entrar en el tema del partido en Miami contra el Villarreal. Vimos desde el primer momento una oposici\u00f3n de la AFE y otros clubes. No creo que se adultere la competici\u00f3n\u00bb, sentenci\u00f3.<\/p>\n","protected":false},"excerpt":{"rendered":"Cuatro a\u00f1os despu\u00e9s de su salida, el nombre de Leo Messi volvi\u00f3 a resonar por Barcelona. La visita&hellip;\n","protected":false},"author":2,"featured_media":231915,"comment_status":"","ping_status":"","sticky":false,"template":"","format":"standard","meta":{"footnotes":""},"categories":[93],"tags":[7991,385,168,25,24,1737,7688,7992,980,57,5785,23,167,938],"class_list":{"0":"post-231914","1":"post","2":"type-post","3":"status-publish","4":"format-standard","5":"has-post-thumbnail","7":"category-deportes","8":"tag-camp","9":"tag-casa","10":"tag-deportes","11":"tag-es","12":"tag-espana","13":"tag-laporta","14":"tag-messi","15":"tag-nou","16":"tag-sabia","17":"tag-sobre","18":"tag-sorpresa","19":"tag-spain","20":"tag-sports","21":"tag-visita"},"share_on_mastodon":{"url":"https:\/\/pubeurope.com\/@es\/115536255107242709","error":""},"_links":{"self":[{"href":"https:\/\/www.europesays.com\/es\/wp-json\/wp\/v2\/posts\/231914","targetHints":{"allow":["GET"]}}],"collection":[{"href":"https:\/\/www.europesays.com\/es\/wp-json\/wp\/v2\/posts"}],"about":[{"href":"https:\/\/www.europesays.com\/es\/wp-json\/wp\/v2\/types\/post"}],"author":[{"embeddable":true,"href":"https:\/\/www.europesays.com\/es\/wp-json\/wp\/v2\/users\/2"}],"replies":[{"embeddable":true,"href":"https:\/\/www.europesays.com\/es\/wp-json\/wp\/v2\/comments?post=231914"}],"version-history":[{"count":0,"href":"https:\/\/www.europesays.com\/es\/wp-json\/wp\/v2\/posts\/231914\/revisions"}],"wp:featuredmedia":[{"embeddable":true,"href":"https:\/\/www.europesays.com\/es\/wp-json\/wp\/v2\/media\/231915"}],"wp:attachment":[{"href":"https:\/\/www.europesays.com\/es\/wp-json\/wp\/v2\/media?parent=231914"}],"wp:term":[{"taxonomy":"category","embeddable":true,"href":"https:\/\/www.europesays.com\/es\/wp-json\/wp\/v2\/categories?post=231914"},{"taxonomy":"post_tag","embeddable":true,"href":"https:\/\/www.europesays.com\/es\/wp-json\/wp\/v2\/tags?post=231914"}],"curies":[{"name":"wp","href":"https:\/\/api.w.org\/{rel}","templated":true}]}}