{"id":231930,"date":"2025-11-12T10:42:24","date_gmt":"2025-11-12T10:42:24","guid":{"rendered":"https:\/\/www.europesays.com\/es\/231930\/"},"modified":"2025-11-12T10:42:24","modified_gmt":"2025-11-12T10:42:24","slug":"murray-se-pone-en-el-mercado-como-caddie","status":"publish","type":"post","link":"https:\/\/www.europesays.com\/es\/231930\/","title":{"rendered":"Murray se pone en el mercado&#8230; como caddie"},"content":{"rendered":"<p>            <a href=\"https:\/\/ten-golf.com\/wp-content\/uploads\/2025\/11\/Andy-Murray.webp\" data-caption=\"Andy Murray\" rel=\"nofollow noopener\" target=\"_blank\"><img decoding=\"async\" loading=\"lazy\" width=\"666\" height=\"444\" class=\"entry-thumb td-modal-image\" src=\"https:\/\/www.europesays.com\/es\/wp-content\/uploads\/2025\/11\/Andy-Murray-666x444.webp.webp\"   alt=\"Andy Murray\" title=\"Andy Murray\"\/><\/a>Andy Murray<\/p>\n<p data-start=\"88\" data-end=\"414\"><strong>Sir Andy Murray<\/strong> no se aleja del deporte. El ex N\u00famero Uno del Mundo de tenis, retirado el pasado a\u00f1o, ha revelado que quiere iniciar una nueva etapa profesional\u2026 en el golf. No como jugador del circuito, sino como <strong data-start=\"302\" data-end=\"312\">caddie<\/strong>, una idea que, seg\u00fan confes\u00f3 en The Romesh Ranganathan Show, le ronda la cabeza desde hace meses.<\/p>\n<p data-start=\"416\" data-end=\"968\">A sus 38 a\u00f1os, Murray juega habitualmente, tiene h\u00e1ndicap 2 y se ha vuelto un aut\u00e9ntico obseso del golf desde que colg\u00f3 la raqueta. Tanto que incluso desliz\u00f3 su intenci\u00f3n de probar suerte alg\u00fan d\u00eda en la clasificaci\u00f3n regional del <strong>Open Championship: <\/strong>\u201cUn par de mis amigos lo han hecho y ser\u00eda algo divertido si llegas al nivel necesario para poder intentarlo. Yo lo har\u00eda, pero ciertamente no creo que tenga ninguna posibilidad de clasificarme para The Open\u201d, admiti\u00f3 entre risas.<\/p>\n<p data-start=\"416\" data-end=\"968\">Su nueva ilusi\u00f3n va por otro lado. \u201cEstoy considerando convertirme en caddie, ojal\u00e1 para un golfista profesional en alg\u00fan momento\u201d, explic\u00f3. \u201cAmo el golf y creo que ser\u00eda un trabajo incre\u00edble. Estar junto a un jugador en un gran momento y sentir que puedes ayudarle en decisiones\u2026 ser\u00eda brillante\u201d.<\/p>\n<p data-start=\"970\" data-end=\"1166\">Y, como buen escoc\u00e9s, ya tiene en mente un nombre propio: \u201cMi sue\u00f1o ser\u00eda llevar la bolsa de <strong>Robert MacIntyre<\/strong>. Imag\u00ednate cargarle los palos cuando gana el Open\u2026 ser\u00eda un trabajo de ensue\u00f1o\u201d.<\/p>\n<p data-start=\"478\" data-end=\"771\">El escoc\u00e9s vive ahora el golf como una nueva pasi\u00f3n m\u00e1s que como un desaf\u00edo profesional, pero conociendo su car\u00e1cter, no ser\u00eda raro verle dar un paso m\u00e1s. De momento, disfruta del juego y deja abierta la puerta a un futuro con la bolsa al hombro.<\/p>\n","protected":false},"excerpt":{"rendered":"Andy Murray Sir Andy Murray no se aleja del deporte. El ex N\u00famero Uno del Mundo de tenis,&hellip;\n","protected":false},"author":2,"featured_media":231931,"comment_status":"","ping_status":"","sticky":false,"template":"","format":"standard","meta":{"footnotes":""},"categories":[275],"tags":[33136,168,25,24,329,336,338,339,340,23,167],"class_list":{"0":"post-231930","1":"post","2":"type-post","3":"status-publish","4":"format-standard","5":"has-post-thumbnail","7":"category-golf","8":"tag-andy-murray","9":"tag-deportes","10":"tag-es","11":"tag-espana","12":"tag-golf","13":"tag-notificacion","14":"tag-portada","15":"tag-portada-america","16":"tag-portada-global","17":"tag-spain","18":"tag-sports"},"share_on_mastodon":{"url":"https:\/\/pubeurope.com\/@es\/115536314510909914","error":""},"_links":{"self":[{"href":"https:\/\/www.europesays.com\/es\/wp-json\/wp\/v2\/posts\/231930","targetHints":{"allow":["GET"]}}],"collection":[{"href":"https:\/\/www.europesays.com\/es\/wp-json\/wp\/v2\/posts"}],"about":[{"href":"https:\/\/www.europesays.com\/es\/wp-json\/wp\/v2\/types\/post"}],"author":[{"embeddable":true,"href":"https:\/\/www.europesays.com\/es\/wp-json\/wp\/v2\/users\/2"}],"replies":[{"embeddable":true,"href":"https:\/\/www.europesays.com\/es\/wp-json\/wp\/v2\/comments?post=231930"}],"version-history":[{"count":0,"href":"https:\/\/www.europesays.com\/es\/wp-json\/wp\/v2\/posts\/231930\/revisions"}],"wp:featuredmedia":[{"embeddable":true,"href":"https:\/\/www.europesays.com\/es\/wp-json\/wp\/v2\/media\/231931"}],"wp:attachment":[{"href":"https:\/\/www.europesays.com\/es\/wp-json\/wp\/v2\/media?parent=231930"}],"wp:term":[{"taxonomy":"category","embeddable":true,"href":"https:\/\/www.europesays.com\/es\/wp-json\/wp\/v2\/categories?post=231930"},{"taxonomy":"post_tag","embeddable":true,"href":"https:\/\/www.europesays.com\/es\/wp-json\/wp\/v2\/tags?post=231930"}],"curies":[{"name":"wp","href":"https:\/\/api.w.org\/{rel}","templated":true}]}}