{"id":231943,"date":"2025-11-12T11:01:44","date_gmt":"2025-11-12T11:01:44","guid":{"rendered":"https:\/\/www.europesays.com\/es\/231943\/"},"modified":"2025-11-12T11:01:44","modified_gmt":"2025-11-12T11:01:44","slug":"su-consejero-de-cultura-me-llamo","status":"publish","type":"post","link":"https:\/\/www.europesays.com\/es\/231943\/","title":{"rendered":"Su consejero de Cultura me llam\u00f3"},"content":{"rendered":"<p class=\"article-text\">\n        <strong>Marc Gir\u00f3<\/strong> recibi\u00f3 la noche de este martes en su <strong>Late Xou<\/strong> a tres nuevos invitados como <strong>Javier C\u00e1mara, Nacho Duato y Carlos Areces<\/strong>. Y el core\u00f3grafo y bailar\u00edn no tuvo problemas en hablar sobre todo lo que el presentador del programa de <strong>La 1 de RTVE<\/strong> le pregunt\u00f3. Incluso sobre pol\u00edtica y sus protagonistas.\n    <\/p>\n<p>    <a href=\"https:\/\/www.eldiario.es\/vertele\/entrevistas\/paula-vazquez-hasta-el-fin-del-mundo-rtve-lanza-aventura-cristina-cifuentes-dia-desmayo-la-1_1_12758220.html\" data-mrf-recirculation=\"saber-mas\" data-dl-event=\"saber-mas\" rel=\"nofollow noopener\" target=\"_blank\"><\/p>\n<p class=\"know-more__title\">Entrevista | Paula V\u00e1zquez se lanza a la aventura en RTVE con &#8216;Hasta el fin del mundo&#8217;: \u00abCifuentes un d\u00eda se desmay\u00f3\u00bb<\/p>\n<p>            <img decoding=\"async\" class=\"lazy\" loading=\"lazy\" data-src=\"https:\/\/static.eldiario.es\/clip\/fa1b4417-9baf-4ccf-bfd9-4c153963924b_16-9-aspect-ratio_default_0.jpg\" src=\"data:image\/svg+xml,%3Csvg xmlns=\" http:=\"\" viewbox=\"0 0 880 495\" alt=\"Paula V\u00e1zquez se lanza a la aventura en RTVE con 'Hasta el fin del mundo': &quot;Cifuentes un d\u00eda se desmay\u00f3&quot;\"\/><\/p>\n<p>                        <\/a><\/p>\n<p class=\"article-text\">\n        Desde hace ya meses, Duato ha utilizado sus redes sociales para denunciar con iron\u00eda las pol\u00e9micas decisiones y pol\u00edticas que sobre todo <strong>Isabel D\u00edaz Ayuso<\/strong> desarrolla en la Comunidad de Madrid. Y en el programa, tambi\u00e9n habl\u00f3 de ella cuando Marc Gir\u00f3 le mostr\u00f3 su foto. El core\u00f3grafo y bailar\u00edn empez\u00f3 por recordar que todo empez\u00f3 porque \u00e9l subi\u00f3 un v\u00eddeo a Instagram en el que dec\u00eda que la ultraderecha le recordaba a esos animales que est\u00e1n entre la basura (\u201clombrices, cucarachas&#8230;\u201d) que \u201cpor las ma\u00f1anas se levantan, salen de la cloaca y huelen a ver d\u00f3nde hay un poco de mierda.\u00a0Y despu\u00e9s de com\u00e9rsela, la comen tanto que no saben si se la comen o la vomitan, y van en busca de un sitio, de una tertulia, de un micr\u00f3fono o de un art\u00edculo para vomitar todo lo que han comido\u201d.\n    <\/p>\n<p class=\"article-text\">\n        Despu\u00e9s de que su v\u00eddeo se viralizara, <strong>el gobierno de Ayuso le amenaz\u00f3<\/strong>, como cont\u00f3 \u00e9l mismo: \u201cEn ese momento yo ten\u00eda que bailar en el Teatro del Canal. Entonces, <strong>su consejero de Cultura me llam\u00f3<\/strong> y me dijo&#8230;\u00a0Si no te retractas p\u00fablicamente de lo que has dicho, <strong>te cancelamos<\/strong>.\u00a0Y dije&#8230; \u00bfQu\u00e9?\u00a0\u00bfEstamos aqu\u00ed censurando en estos momentos en Espa\u00f1a a un bailar\u00edn?\u201d.\n    <\/p>\n<p class=\"article-text\">\n        Nacho Duato aclar\u00f3 entonces que en su espect\u00e1culo \u201cno hablo mal de ella, ni es nada pol\u00edtico. Es la danza, la belleza y la b\u00fasqueda de la verdad y del movimiento\u201d. Y pese a ello, cumplieron su amenaza: <strong>\u201cPues me lo cancelaron\u201d<\/strong>. Tras sufrir esa censura aplicada a su carrera profesional, reconoci\u00f3 que \u201centonces me puse m\u00e1s nervioso\u201d, pero en lugar de eso, decidi\u00f3 darle visibilidad: <strong>\u201cCada semana le dedico un Instagram\u201d<\/strong>, zanj\u00f3 ri\u00e9ndose, y entre los aplausos del p\u00fablico.\n    <\/p>\n<blockquote class=\"twitter-tweet\" data-lang=\"es\"><p><a href=\"https:\/\/twitter.com\/X\/status\/1988385887286423698?ref_src=twsrc%5Etfw\" rel=\"nofollow noopener\" target=\"_blank\"><\/p><\/blockquote>\n<p>    Sobre Maz\u00f3n: \u201cHabr\u00eda que internarlo en un manicomio\u201d<\/p>\n<p class=\"article-text\">\n        No fue el \u00fanico rostro pol\u00edtico del que opin\u00f3 Nacho Duato. Hablando sobre Valencia, Marc Gir\u00f3 le pregunt\u00f3 c\u00f3mo estaba viviendo los \u00faltimos acontecimientos en Valencia. Y el core\u00f3grafo y bailar\u00edn habl\u00f3 sobre <strong>Carlos Maz\u00f3n<\/strong> primero resign\u00e1ndose: \u201cPues como lo vive todo el mundo, \u00bfno?\u00a0Con asombro de c\u00f3mo este se\u00f1or tiene esa caradura de seguir ese puesto. Ha dimitido, de qu\u00e9 forma&#8230; y <strong>yo creo que est\u00e1 mal de la cabeza<\/strong>, habr\u00eda que internarlo en un manicomio\u201d. Marc Gir\u00f3 detuvo los aplausos del p\u00fablico, y Duato sigui\u00f3:\n    <\/p>\n<p>    <a href=\"https:\/\/www.eldiario.es\/vertele\/noticias\/revuelta-muestra-no-vio-visita-rosalia-preparo-sketch-peticion-almodovar_1_12759277.html\" data-mrf-recirculation=\"saber-mas-abajo\" data-dl-event=\"saber-mas-abajo\" rel=\"nofollow noopener\" target=\"_blank\"><\/p>\n<p class=\"know-more__title\">&#8216;La Revuelta&#8217; muestra lo que no se vio de la visita de Rosal\u00eda: as\u00ed se prepar\u00f3 el sketch, con una petici\u00f3n de Almod\u00f3var<\/p>\n<p>            <img decoding=\"async\" class=\"lazy\" loading=\"lazy\" data-src=\"https:\/\/static.eldiario.es\/clip\/3ef68e58-3217-47fd-9190-adf6bede425f_16-9-aspect-ratio_default_0.jpg\" src=\"data:image\/svg+xml,%3Csvg xmlns=\" http:=\"\" viewbox=\"0 0 880 495\" alt=\"'La Revuelta' muestra lo que no se vio de la visita de Rosal\u00eda: as\u00ed se prepar\u00f3 el sketch, con una petici\u00f3n de Almod\u00f3var\"\/><\/p>\n<p>                        <\/a><\/p>\n<p class=\"article-text\">\n        \u201cLo digo en serio, porque una persona con <strong>tan poca empat\u00eda, con esa caradura&#8230;\u00a0<\/strong>Yo no s\u00e9, a m\u00ed me descubren tanta mentira, y yo me meto debajo de la mesa y no salgo en mi vida.\u00a0O me voy del pa\u00eds\u201d, explic\u00f3 el invitado, reclamando luego su responsabilidad: <strong>\u201cUno tiene que ser responsable de sus actos\u201d<\/strong>, y deseando que las m\u00e1s de 200 personas que murieron \u201cla mayor\u00eda por su culpa\u201d al final <strong>\u201ceso no se le va a olvidar en la vida. Le van a acompa\u00f1ar durante toda su vida\u201d<\/strong>.\n    <\/p>\n<blockquote class=\"twitter-tweet\" data-lang=\"es\"><p><a href=\"https:\/\/twitter.com\/X\/status\/1988384786759684528?ref_src=twsrc%5Etfw\" rel=\"nofollow noopener\" target=\"_blank\"><\/p><\/blockquote>\n<p>                                    <script async src=\"https:\/\/platform.twitter.com\/widgets.js\" charset=\"utf-8\"><\/script><\/p>\n","protected":false},"excerpt":{"rendered":"Marc Gir\u00f3 recibi\u00f3 la noche de este martes en su Late Xou a tres nuevos invitados como Javier&hellip;\n","protected":false},"author":2,"featured_media":231944,"comment_status":"","ping_status":"","sticky":false,"template":"","format":"standard","meta":{"footnotes":""},"categories":[171],"tags":[6984,3374,13293,209,60585,10378,146,147,25,24,7957,60586,5163,6489,1439,3300,47593,23,214],"class_list":{"0":"post-231943","1":"post","2":"type-post","3":"status-publish","4":"format-standard","5":"has-post-thumbnail","7":"category-tv","8":"tag-ayuso","9":"tag-censura","10":"tag-consejero","11":"tag-cultura","12":"tag-duato","13":"tag-e","14":"tag-entertainment","15":"tag-entretenimiento","16":"tag-es","17":"tag-espana","18":"tag-giro","19":"tag-incidio","20":"tag-llamo","21":"tag-marc","22":"tag-mazon","23":"tag-nacho","24":"tag-sentencio","25":"tag-spain","26":"tag-tv"},"share_on_mastodon":{"url":"https:\/\/pubeurope.com\/@es\/115536388874604017","error":""},"_links":{"self":[{"href":"https:\/\/www.europesays.com\/es\/wp-json\/wp\/v2\/posts\/231943","targetHints":{"allow":["GET"]}}],"collection":[{"href":"https:\/\/www.europesays.com\/es\/wp-json\/wp\/v2\/posts"}],"about":[{"href":"https:\/\/www.europesays.com\/es\/wp-json\/wp\/v2\/types\/post"}],"author":[{"embeddable":true,"href":"https:\/\/www.europesays.com\/es\/wp-json\/wp\/v2\/users\/2"}],"replies":[{"embeddable":true,"href":"https:\/\/www.europesays.com\/es\/wp-json\/wp\/v2\/comments?post=231943"}],"version-history":[{"count":0,"href":"https:\/\/www.europesays.com\/es\/wp-json\/wp\/v2\/posts\/231943\/revisions"}],"wp:featuredmedia":[{"embeddable":true,"href":"https:\/\/www.europesays.com\/es\/wp-json\/wp\/v2\/media\/231944"}],"wp:attachment":[{"href":"https:\/\/www.europesays.com\/es\/wp-json\/wp\/v2\/media?parent=231943"}],"wp:term":[{"taxonomy":"category","embeddable":true,"href":"https:\/\/www.europesays.com\/es\/wp-json\/wp\/v2\/categories?post=231943"},{"taxonomy":"post_tag","embeddable":true,"href":"https:\/\/www.europesays.com\/es\/wp-json\/wp\/v2\/tags?post=231943"}],"curies":[{"name":"wp","href":"https:\/\/api.w.org\/{rel}","templated":true}]}}