{"id":231945,"date":"2025-11-12T11:02:09","date_gmt":"2025-11-12T11:02:09","guid":{"rendered":"https:\/\/www.europesays.com\/es\/231945\/"},"modified":"2025-11-12T11:02:09","modified_gmt":"2025-11-12T11:02:09","slug":"la-desgarradora-historia-de-la-cancion-mas-triste-de-mon-laferte-el-cover-escogido-por-dua-lipa-para-chile","status":"publish","type":"post","link":"https:\/\/www.europesays.com\/es\/231945\/","title":{"rendered":"La desgarradora historia de la canci\u00f3n m\u00e1s triste de Mon Laferte, el cover escogido por Dua Lipa para Chile"},"content":{"rendered":"<p class=\"article-body__paragraph\">La noche de este martes, la estrella pop <a href=\"https:\/\/www.latercera.com\/etiqueta\/dua-lipa\/\" target=\"_self\" rel=\"nofollow noopener\" title=\"https:\/\/www.latercera.com\/etiqueta\/dua-lipa\/\"><b>Dua Lipa<\/b><\/a> se present\u00f3 en Santiago ante un repleto Estadio Nacional que core\u00f3 todos sus \u00e9xitos globales (seg\u00fan Google, <a href=\"https:\/\/www.latercera.com\/tendencias\/noticia\/santiago-en-el-top-5-las-ciudades-del-mundo-que-mas-escuchan-a-dua-lipa-segun-google\/\" target=\"_blank\" rel=\"noreferrer nofollow noopener\" title=\"https:\/\/www.latercera.com\/tendencias\/noticia\/santiago-en-el-top-5-las-ciudades-del-mundo-que-mas-escuchan-a-dua-lipa-segun-google\/\">la capital chilena es la cuarta ciudad que m\u00e1s escucha a Dua Lipa<\/a>). Sin embargo, hubo un momento que conmovi\u00f3 al coloso de \u00d1u\u00f1oa: la interpretaci\u00f3n de Tu falta de querer, se\u00f1ero sencillo de la chilena <b>Mon Laferte<\/b>.<\/p>\n<p class=\"article-body__paragraph\">\u201cEs una canci\u00f3n que me encanta, pero me rompe el coraz\u00f3n cada vez que la escucho, supongo que ah\u00ed est\u00e1 su belleza\u201d, dijo la brit\u00e1nica en fluido espa\u00f1ol durante el primero de sus dos shows en Santiago.<\/p>\n<p class=\"article-body__paragraph\">Tu falta de querer es un punto de inflexi\u00f3n y un himno en la carrera de Mon Laferte. No solo la consolid\u00f3 como una de las cantautoras m\u00e1s reconocidas de Latinoam\u00e9rica; la canci\u00f3n, inspirada en un quiebre profundo y publicada en 2015, tiene un trasfondo marcado por el dolor, la depresi\u00f3n y la reinvenci\u00f3n personal de la artista.<\/p>\n<p class=\"article-body__paragraph\">Tal vez por eso sorprendi\u00f3 al o\u00edrla en \u00d1u\u00f1oa para sorpresa no solo de los fans chilenos que escucharon la prueba de sonido de la estrella del pop mundial.<\/p>\n<p>Los covers de Dua Lipa<\/p>\n<p class=\"article-body__paragraph\">Como ya es tradici\u00f3n de su gira \u201cRadical Optimism Tour\u201d, Dua Lipa interpreta covers de artistas locales en los pa\u00edses que visita. En su primera parada en la regi\u00f3n, la brit\u00e1nica cant\u00f3 De m\u00fasica ligera de Soda Stereo y Tu misterioso alguien de Miranda!, en sus dos shows en Argentina.<\/p>\n<p class=\"article-body__paragraph\">Esta vez fue el turno de Chile y la voz de Levitating escogi\u00f3 para su repertorio la que sea tal vez la canci\u00f3n m\u00e1s conocida de Mon Laferte, Tu falta de querer, que acumula m\u00e1s de 2.000 millones de reproducciones entre YouTube y Spotify.<\/p>\n<p class=\"article-body__paragraph\">La canci\u00f3n llev\u00f3 al estrellato la carrera de la cantante vi\u00f1amarina y se ha convertido en un verdadero himno del desamor y la reinvenci\u00f3n. Pero, \u00bfcu\u00e1l es la desgarradora historia detr\u00e1s del mayor \u00e9xito de <a href=\"https:\/\/www.latercera.com\/etiqueta\/mon-laferte\/\" target=\"_self\" rel=\"nofollow noopener\" title=\"https:\/\/www.latercera.com\/etiqueta\/mon-laferte\/\"><b>Mon Laferte<\/b><\/a>?<\/p>\n<p>La historia de Tu falta de querer<\/p>\n<p class=\"article-body__paragraph\">El sencillo es parte del \u00e1lbum Mon Laferte (Vol. 1), lanzado en 2015. Precisamente durante su promoci\u00f3n, la cantante chilena narr\u00f3 sin guardarse nada de d\u00f3nde surgi\u00f3 la canci\u00f3n.<\/p>\n<p class=\"article-body__paragraph\">\u201cMe pusieron el cuerno\u201d, dijo la ex participante del programa de talentos Rojo durante una presentaci\u00f3n. \u201cS\u00ed, esto es verdad. Es en serio. Hace como un a\u00f1o. Me dio depresi\u00f3n. Me quise suicidar&#8230; \u00bfc\u00f3mo se r\u00eden?, \u00a1pero si es verdad!\u201d, agreg\u00f3.<\/p>\n<p class=\"article-body__paragraph\">La infidelidad habr\u00eda sido durante una relaci\u00f3n de seis a\u00f1os que tuvo con <b>C\u00e9sar Ceja<\/b>, fallecido productor mexicano que particip\u00f3 en la realizaci\u00f3n de Mon Laferte (Vol. 1) y otras canciones de la artista.<\/p>\n<p class=\"article-body__paragraph\">\u201cEn este momento depre que ten\u00eda, de repente tuve como una luz y le digo a mis amigas: \u2018Ahora voy a hacer una canci\u00f3n s\u00faper buena y que me va a ayudar a que se me quite toda esta tristeza\u2019 (&#8230;) Me fui a la pieza y grab\u00e9 en el tel\u00e9fono la melod\u00eda\u201d, relat\u00f3 Laferte.<\/p>\n<p class=\"article-body__paragraph\">Luego, volvi\u00f3 frente a sus amigas e interpret\u00f3 el tema en guitarra. <\/p>\n<p class=\"article-body__paragraph\">Una de ellas la grab\u00f3 y le pregunt\u00f3 si pod\u00eda subir la versi\u00f3n a Youtube. Mon Laferte dijo que s\u00ed. \u201cSi nadie lo va a ver\u201d, fue su reflexi\u00f3n.<\/p>\n<p class=\"article-body__paragraph\">\u201cY empez\u00f3 a tener m\u00e1s reproducciones que cualquier otro video\u201d.<\/p>\n<p>Per\u00fa en el mapa de Mon Laferte<\/p>\n<p class=\"article-body__paragraph\">Sin embargo, en una entrevista m\u00e1s reciente con el podcaster Roberto Mtz, en 2022, la cantautora chilena se extendi\u00f3 m\u00e1s sobre la creaci\u00f3n de esta canci\u00f3n.<\/p>\n<p class=\"article-body__paragraph\">\u201cYo hab\u00eda ido a Per\u00fa a ver una amiga, tambi\u00e9n toqu\u00e9 all\u00e1 en Per\u00fa y termin\u00e9 de escribir esa canci\u00f3n en Lima, en la casa de mi amiga. Y la canto por primera vez en un bar que se llama Cholo Bar\u201d, cont\u00f3 Laferte.<\/p>\n<p class=\"article-body__paragraph\">\u201cEsa fue la primera vez que la toqu\u00e9. Llego a mi casa en M\u00e9xico y le digo a unas amigas que viv\u00edan conmigo, mis roomies, \u2018miren, les voy a tocar una canci\u00f3n nueva que apenas cant\u00e9 el otro d\u00eda en un bar\u2019\u201d, agreg\u00f3.<\/p>\n<p class=\"article-body__paragraph\">Es aqu\u00ed cuando su amiga, fot\u00f3grafa y que ten\u00eda una c\u00e1mara de video, decide grabar la interpretaci\u00f3n que finalmente se populariz\u00f3 en YouTube.<\/p>\n<p><img alt=\"\" class=\"global-image\" decoding=\"async\"  src=\"https:\/\/www.latercera.com\/resizer\/v2\/SNILJ6VBVVDD5JU67NVXQDFTM4.jpg?auth=d7c34ffec597cda53dc888d7b8bf754a7cb512bb3459bb716540222e7bfe8363&amp;smart=true&amp;width=800&amp;height=533&amp;quality=70\"  fetchpriority=\"low\" loading=\"lazy\"\/>La desgarradora historia de la canci\u00f3n m\u00e1s triste de Mon Laferte, el cover escogido por Dua Lipa para Chile<br \/>\n Agenciauno Tu falta de querer en el Festival de Vi\u00f1a<\/p>\n<p class=\"article-body__paragraph\">Si bien, antes de Tu falta de querer, Mon Laferte acumulaba algunas canciones de \u00e9xito radial, fue esta balada con arreglos de bronces la que se convirti\u00f3 en una expresi\u00f3n de autenticidad y dolor que la catapult\u00f3 al circuito latinoamericano, logrando una identificaci\u00f3n masiva del p\u00fablico a partir de su sinceridad y potencia interpretativa.<\/p>\n<p class=\"article-body__paragraph\">El tema r\u00e1pidamente se volvi\u00f3 un himno, vital para su posicionamiento internacional y para definir la etapa m\u00e1s fruct\u00edfera de su trayectoria.<\/p>\n<p class=\"article-body__paragraph\">La interpretaci\u00f3n de Tu falta de querer durante su presentaci\u00f3n en el Festival de Vi\u00f1a del Mar en 2017 es recordada como uno de los momentos m\u00e1s impactantes de la historia reciente del certamen. <\/p>\n<p class=\"article-body__paragraph\">La canci\u00f3n fue coreada de principio a fin por un p\u00fablico visiblemente emocionado y se ha convertido en el cl\u00edmax emocional de sus shows, simbolizando su regreso triunfal y la conexi\u00f3n \u00fanica con su pa\u00eds de origen.<\/p>\n<p class=\"article-body__paragraph\">A menudo es la pieza central y cierre de su repertorio, asoci\u00e1ndose con l\u00e1grimas, ovaciones y una percepci\u00f3n un\u00e1nime de autenticidad y poder interpretativo, lo que consolid\u00f3 a Mon Laferte como \u201cprofeta en su tierra\u201d y referente musical chileno-latinoamericano.\u200b\u200b<\/p>\n","protected":false},"excerpt":{"rendered":"La noche de este martes, la estrella pop Dua Lipa se present\u00f3 en Santiago ante un repleto Estadio&hellip;\n","protected":false},"author":2,"featured_media":231946,"comment_status":"","ping_status":"","sticky":false,"template":"","format":"standard","meta":{"footnotes":""},"categories":[170],"tags":[60589,2047,14008,146,147,25,24,60588,1906,55866,60590,184,185,705,23,60587],"class_list":{"0":"post-231945","1":"post","2":"type-post","3":"status-publish","4":"format-standard","5":"has-post-thumbnail","7":"category-musica","8":"tag-cesar-ceja","9":"tag-chile","10":"tag-dua-lipa","11":"tag-entertainment","12":"tag-entretenimiento","13":"tag-es","14":"tag-espana","15":"tag-historia-de-tu-falta-de-querer","16":"tag-mexico","17":"tag-mon-laferte","18":"tag-mon-laferte-vol-1","19":"tag-music","20":"tag-musica","21":"tag-peru","22":"tag-spain","23":"tag-tu-falta-de-querer"},"share_on_mastodon":{"url":"https:\/\/pubeurope.com\/@es\/115536392747228065","error":""},"_links":{"self":[{"href":"https:\/\/www.europesays.com\/es\/wp-json\/wp\/v2\/posts\/231945","targetHints":{"allow":["GET"]}}],"collection":[{"href":"https:\/\/www.europesays.com\/es\/wp-json\/wp\/v2\/posts"}],"about":[{"href":"https:\/\/www.europesays.com\/es\/wp-json\/wp\/v2\/types\/post"}],"author":[{"embeddable":true,"href":"https:\/\/www.europesays.com\/es\/wp-json\/wp\/v2\/users\/2"}],"replies":[{"embeddable":true,"href":"https:\/\/www.europesays.com\/es\/wp-json\/wp\/v2\/comments?post=231945"}],"version-history":[{"count":0,"href":"https:\/\/www.europesays.com\/es\/wp-json\/wp\/v2\/posts\/231945\/revisions"}],"wp:featuredmedia":[{"embeddable":true,"href":"https:\/\/www.europesays.com\/es\/wp-json\/wp\/v2\/media\/231946"}],"wp:attachment":[{"href":"https:\/\/www.europesays.com\/es\/wp-json\/wp\/v2\/media?parent=231945"}],"wp:term":[{"taxonomy":"category","embeddable":true,"href":"https:\/\/www.europesays.com\/es\/wp-json\/wp\/v2\/categories?post=231945"},{"taxonomy":"post_tag","embeddable":true,"href":"https:\/\/www.europesays.com\/es\/wp-json\/wp\/v2\/tags?post=231945"}],"curies":[{"name":"wp","href":"https:\/\/api.w.org\/{rel}","templated":true}]}}