{"id":231947,"date":"2025-11-12T11:05:21","date_gmt":"2025-11-12T11:05:21","guid":{"rendered":"https:\/\/www.europesays.com\/es\/231947\/"},"modified":"2025-11-12T11:05:21","modified_gmt":"2025-11-12T11:05:21","slug":"jimmy-olsen-tendra-su-propia-serie-en-el-universo-dc-de-james-gunn","status":"publish","type":"post","link":"https:\/\/www.europesays.com\/es\/231947\/","title":{"rendered":"Jimmy Olsen tendr\u00e1 su propia serie en el Universo DC de James Gunn"},"content":{"rendered":"<p class=\"c-paragraph\"><b>James Gunn y Peter Safran<\/b> prefieren tomarse las cosas con calma al frente de<b> DC Studios<\/b>. Ya han dejado claro que no dar\u00e1n luz verde a ninguna pel\u00edcula sin guion terminado, y del mismo modo prefieren no saturar el streaming con series (acaso porque fue justo eso lo que arruin\u00f3 a <b>Marvel Studios<\/b>). De este modo, al margen de las pel\u00edculas programadas, no est\u00e1 muy claro cu\u00e1l es el panorama que se dibuja para DC en <b>HBO Max<\/b>.<\/p>\n<p class=\"c-paragraph\">Se supone que en alg\u00fan punto llegar\u00eda una serie de <b>Lanterns<\/b><b> <\/b>con <b>Kyle Chandler, Nathan Fillion y Aaron Pierre<\/b>. Y que est\u00e1n en marcha otra sobre<b> Amanda Waller<\/b> y otra m\u00e1s sobre la Thermyscira de <b>Wonder Woman<\/b>, llamada<b> <\/b><b>Paradise Lost<\/b>. Al margen de eso, Gunn ya dijo que por ahora no hay planes para una tercera temporada de <b>El Pacificador<\/b>.\u00a0<\/p>\n<p class=\"c-paragraph\">Este vac\u00edo de proyectos se ha visto repentinamente matizado de golpe, con HBO anunciando en un mismo d\u00eda que quiere una serie de <b>V de Vendetta<\/b>, mientras Gunn y Safran se ponen con todo un spin-off de <b>Superman<\/b>.<\/p>\n<p class=\"c-paragraph\">La nueva serie planeada para DC Studios llega directamente, por tanto, de\u00a0 la que fue la inauguraci\u00f3n oficial de la nueva continuidad (ese Universo cuya primera fase es<b> <\/b><b>Cap\u00edtulo 1: Dioses y monstruos<\/b>) en cines. Se trata de una serie protagonizada por<b> Jimmy Olsen<\/b>, el joven (e inesperadamente mujeriego) fot\u00f3grafo del Daily Planet que interpret\u00f3 originalmente<b> Skyler Gisondo<\/b>. Gisondo ser\u00e1, por tanto, el protagonista de la nueva serie, que a\u00fan no tiene t\u00edtulo pero s\u00ed ha revelado un par de detalles jugosos.<\/p>\n<p class=\"c-paragraph\">De este modo, la serie se centrar\u00eda en Olsen y otros reporteros del <b>Daily Planet<\/b> (con la probable ausencia de<b> Lois Lane y Clark Kent<\/b>), siguiendo las fechor\u00edas de gente con poderes. El villano central ser\u00eda <b>Gorilla Grodd<\/b>, un simio superinteligente que gobierna una ciudad secreta africana y que desde finales de los 50 ha sido un enemigo habitual de Flash.\u00a0<\/p>\n<p class=\"c-paragraph\">Teniendo en cuenta las caracter\u00edsticas del protagonista nos podemos esperar una serie bastante ligera, algo que refuerza los fichajes que ha hecho DC para que la desarrollen.<\/p>\n<p class=\"c-paragraph\">Es lo que vendr\u00eda a ser el gran reclamo del proyecto: DC ha contratado para que lo escriban, produzcan y dirijan a <b>Dan Perrault y Tony Yacenda<\/b>. Ambos saltaron a la fama con la hilarante serie de Netflix <b>American Vandal<\/b>, que parodiaba el true crime en torno al misterio de qui\u00e9n hab\u00eda pintado dibujos f\u00e1licos en el aparcamiento de un instituto.\u00a0<\/p>\n<p class=\"c-paragraph\">American Vandal tuvo segunda temporada y la dupla parodi\u00f3 m\u00e1s tarde los documentales deportivos en <b>Players<\/b>, para luego separarse moment\u00e1neamente. Luego de que Perrault escribiera el guion de <b>Vida perra<\/b><b> <\/b>y de que Yacenda dirigiera alg\u00fan cap\u00edtulo de<b> <\/b><b>Chad Powers<\/b> (la serie de<b> Glen Powell <\/b>que fue masacrada por la cr\u00edtica), vuelven a reunirse para la serie de Jimmy Olsen, a\u00fan sin fecha.<\/p>\n","protected":false},"excerpt":{"rendered":"James Gunn y Peter Safran prefieren tomarse las cosas con calma al frente de DC Studios. Ya han&hellip;\n","protected":false},"author":2,"featured_media":231948,"comment_status":"","ping_status":"","sticky":false,"template":"","format":"standard","meta":{"footnotes":""},"categories":[169],"tags":[60592,177,837,146,147,25,24,176,835,60591,175,152,23,834],"class_list":{"0":"post-231947","1":"post","2":"type-post","3":"status-publish","4":"format-standard","5":"has-post-thumbnail","7":"category-cine","8":"tag-american-vandal","9":"tag-cine","10":"tag-dc","11":"tag-entertainment","12":"tag-entretenimiento","13":"tag-es","14":"tag-espana","15":"tag-film","16":"tag-james-gunn","17":"tag-jimmy-olsen","18":"tag-movies","19":"tag-netflix","20":"tag-spain","21":"tag-superman"},"share_on_mastodon":{"url":"https:\/\/pubeurope.com\/@es\/115536404418569344","error":""},"_links":{"self":[{"href":"https:\/\/www.europesays.com\/es\/wp-json\/wp\/v2\/posts\/231947","targetHints":{"allow":["GET"]}}],"collection":[{"href":"https:\/\/www.europesays.com\/es\/wp-json\/wp\/v2\/posts"}],"about":[{"href":"https:\/\/www.europesays.com\/es\/wp-json\/wp\/v2\/types\/post"}],"author":[{"embeddable":true,"href":"https:\/\/www.europesays.com\/es\/wp-json\/wp\/v2\/users\/2"}],"replies":[{"embeddable":true,"href":"https:\/\/www.europesays.com\/es\/wp-json\/wp\/v2\/comments?post=231947"}],"version-history":[{"count":0,"href":"https:\/\/www.europesays.com\/es\/wp-json\/wp\/v2\/posts\/231947\/revisions"}],"wp:featuredmedia":[{"embeddable":true,"href":"https:\/\/www.europesays.com\/es\/wp-json\/wp\/v2\/media\/231948"}],"wp:attachment":[{"href":"https:\/\/www.europesays.com\/es\/wp-json\/wp\/v2\/media?parent=231947"}],"wp:term":[{"taxonomy":"category","embeddable":true,"href":"https:\/\/www.europesays.com\/es\/wp-json\/wp\/v2\/categories?post=231947"},{"taxonomy":"post_tag","embeddable":true,"href":"https:\/\/www.europesays.com\/es\/wp-json\/wp\/v2\/tags?post=231947"}],"curies":[{"name":"wp","href":"https:\/\/api.w.org\/{rel}","templated":true}]}}