{"id":231951,"date":"2025-11-12T11:07:08","date_gmt":"2025-11-12T11:07:08","guid":{"rendered":"https:\/\/www.europesays.com\/es\/231951\/"},"modified":"2025-11-12T11:07:08","modified_gmt":"2025-11-12T11:07:08","slug":"el-ayuntamiento-de-alcoy-enfoca-la-setmana-de-la-convivencia-de-la-gent-gran-en-la-salud-el-bienestar-emocional-y-el-aprendizaje","status":"publish","type":"post","link":"https:\/\/www.europesays.com\/es\/231951\/","title":{"rendered":"El Ayuntamiento de Alcoy enfoca la Setmana de la Conviv\u00e8ncia de la Gent Gran en la salud, el bienestar emocional y el aprendizaje"},"content":{"rendered":"<p>La programaci\u00f3n, que se llevar\u00e1 a cabo del 25 al 28 de noviembre, incluye charlas de vacunaci\u00f3n y nutrici\u00f3n, terapias alternativas como la risoterapia y una ruta guiada por el Cementerio municipal.<\/p>\n<p>\t\t\t\t\t\t\t\t\t\t<img loading=\"lazy\" decoding=\"async\" src=\"https:\/\/www.europesays.com\/es\/wp-content\/uploads\/2025\/11\/Gente-Mayor-jugando-a-cartasGent-Gran-jugant-a-cartes.jpg_1588291228.jpg\" width=\"625\" height=\"347\" alt=\"Gente Mayor jugando a cartas\" class=\"col-xs-12 col-sm-12 col-md-6 col-lg-6 float-xs-end float-sm-end float-md-end float-lg-end mb-3 ms-md-3\"\/>\t\t\t\t\t\t\t\t\t\t<\/p>\n<p>Alcoy se prepara para celebrar una nueva edici\u00f3n de la Setmana de la Conviv\u00e8ncia de la Gent Gran (Semana de la Convivencia de las Personas Mayores), una iniciativa clave de la Concejal\u00eda de Personas Mayores que tendr\u00e1 lugar del martes 25 al viernes 28 de noviembre de 2025. Esta edici\u00f3n se concentra en la promoci\u00f3n de h\u00e1bitos saludables y el bienestar integral de los mayores, con una bater\u00eda de actividades gratuitas dise\u00f1adas para fomentar la participaci\u00f3n y la formaci\u00f3n.<\/p>\n<p>La Semana se abrir\u00e1 el martes 25 de noviembre por la tarde con un enfoque en la salud preventiva, mediante la Xarrada sobre vacunaci\u00f3 en adults (Charla sobre vacunaci\u00f3n en adultos) en el Centro de Mayores de la Zona Alta. La dedicaci\u00f3n al bienestar f\u00edsico y mental continuar\u00e1 el mi\u00e9rcoles 26 de noviembre por la ma\u00f1ana con un Taller de risoter\u00e0pia, impartido por la asociaci\u00f3n Solc en la sede de Ames de Casa. Por la tarde, el foco se trasladar\u00e1 a la nutrici\u00f3n con la Xarrada d&#8217;alimentaci\u00f3, \u00abLectura d&#8217;etiquetes\u00bb (Charla de alimentaci\u00f3n, \u00abLectura de etiquetas\u00bb), que ofrecer\u00e1 el Centro de Salud La F\u00e0brica en el Centro de Mayores de Oliver, con la oferta de vacunaci\u00f3n de Covid y gripe para los asistentes que lo soliciten.<\/p>\n<p>El jueves 27 de noviembre la programaci\u00f3n combinar\u00e1 la artesan\u00eda y el bienestar psicol\u00f3gico. Por la ma\u00f1ana, el Centro de Mayores de Oliver acoger\u00e1 un Taller de cer\u00e0mica (\u00abCrea amb cer\u00e0mica les teues decoracions de Nadal\u00bb), donde los participantes podr\u00e1n crear decoraciones de Navidad. Por la tarde, en el Centro de Mayores de la Zona Nord, se llevar\u00e1 a cabo un Taller de bols tibetans con el instructor de yoga Pepe Monllor, una actividad de inmersi\u00f3n en la relajaci\u00f3n y la meditaci\u00f3n.<\/p>\n<p>El acto de clausura y participaci\u00f3n comunitaria ser\u00e1 el viernes 28 de noviembre por la ma\u00f1ana, con la realizaci\u00f3n de una Ruta guiada pel Cementeri d&#8217;Alcoi, ofrecida por el profesor de historia Gabriel Tormo, que permitir\u00e1 a los participantes adentrarse en el patrimonio art\u00edstico e hist\u00f3rico de la ciudad. Por la tarde, el Centre de Majors de la Pla\u00e7a acoger\u00e1, a partir de las 18 horas, las actuaciones de la Coral de la Zona Nord, Ball de la Pla\u00e7a y Coral d&#8217;Oliver. Esta actividad finalizar\u00e1 con una merienda y cerrar\u00e1 una Semana que pone de relieve la centralidad de la gente mayor en el tejido social d&#8217;Alcoi.<\/p>\n<p>La concejala de Gent Gran, Aroa Mira, ha subrayado la determinaci\u00f3n del gobierno municipal con la calidad de vida de las personas mayores: \u00abEsta Semana de la Convivencia refleja nuestra apuesta decidida por unas pol\u00edticas que no solo apoyan, sino que tambi\u00e9n fortalecen y capacitan a nuestra gente mayor. Es fundamental ofrecer herramientas para su autocuidado, tanto f\u00edsico como emocional, y generar espacios de conocimiento y socializaci\u00f3n donde se sientan activos y valorados. El trabajo que realizamos con las asociaciones y los centros de salud es clave para garantizar un envejecimiento digno y participativo\u00bb.<\/p>\n","protected":false},"excerpt":{"rendered":"La programaci\u00f3n, que se llevar\u00e1 a cabo del 25 al 28 de noviembre, incluye charlas de vacunaci\u00f3n y&hellip;\n","protected":false},"author":2,"featured_media":231952,"comment_status":"","ping_status":"","sticky":false,"template":"","format":"standard","meta":{"footnotes":""},"categories":[92],"tags":[50903,25,24,165,166,23],"class_list":{"0":"post-231951","1":"post","2":"type-post","3":"status-publish","4":"format-standard","5":"has-post-thumbnail","7":"category-salud","8":"tag-ajuntament-alcoi-ayuntamiento-alcoy","9":"tag-es","10":"tag-espana","11":"tag-health","12":"tag-salud","13":"tag-spain"},"share_on_mastodon":{"url":"https:\/\/pubeurope.com\/@es\/115536412427421686","error":""},"_links":{"self":[{"href":"https:\/\/www.europesays.com\/es\/wp-json\/wp\/v2\/posts\/231951","targetHints":{"allow":["GET"]}}],"collection":[{"href":"https:\/\/www.europesays.com\/es\/wp-json\/wp\/v2\/posts"}],"about":[{"href":"https:\/\/www.europesays.com\/es\/wp-json\/wp\/v2\/types\/post"}],"author":[{"embeddable":true,"href":"https:\/\/www.europesays.com\/es\/wp-json\/wp\/v2\/users\/2"}],"replies":[{"embeddable":true,"href":"https:\/\/www.europesays.com\/es\/wp-json\/wp\/v2\/comments?post=231951"}],"version-history":[{"count":0,"href":"https:\/\/www.europesays.com\/es\/wp-json\/wp\/v2\/posts\/231951\/revisions"}],"wp:featuredmedia":[{"embeddable":true,"href":"https:\/\/www.europesays.com\/es\/wp-json\/wp\/v2\/media\/231952"}],"wp:attachment":[{"href":"https:\/\/www.europesays.com\/es\/wp-json\/wp\/v2\/media?parent=231951"}],"wp:term":[{"taxonomy":"category","embeddable":true,"href":"https:\/\/www.europesays.com\/es\/wp-json\/wp\/v2\/categories?post=231951"},{"taxonomy":"post_tag","embeddable":true,"href":"https:\/\/www.europesays.com\/es\/wp-json\/wp\/v2\/tags?post=231951"}],"curies":[{"name":"wp","href":"https:\/\/api.w.org\/{rel}","templated":true}]}}