{"id":231959,"date":"2025-11-12T11:14:08","date_gmt":"2025-11-12T11:14:08","guid":{"rendered":"https:\/\/www.europesays.com\/es\/231959\/"},"modified":"2025-11-12T11:14:08","modified_gmt":"2025-11-12T11:14:08","slug":"israel-abre-zikim-el-tercer-cruce-para-la-entrada-de-ayuda-humanitaria-a-gaza","status":"publish","type":"post","link":"https:\/\/www.europesays.com\/es\/231959\/","title":{"rendered":"Israel abre Zikim, el tercer cruce para la entrada de ayuda humanitaria a Gaza"},"content":{"rendered":"<p>El Ej\u00e9rcito israel\u00ed ha anunciado este mi\u00e9rcoles la apertura del <strong>cruce<\/strong> <strong>de Zikim<\/strong>, en el noroeste de la Franja de Gaza, en el que hasta ahora es el tercer <strong>paso fronterizo<\/strong> &#8211; junto a Kerem Shalom y Kissufim- para la entrada de ayuda humanitaria en el enclave palestino.<\/p>\n<p>El COGAT, el organismo militar israel\u00ed que gestiona asuntos civiles en los territorios palestinos ocupados ha indicado en una nota de prensa que ha reabierto este mi\u00e9rcoles el paso cumpliendo con las instrucciones del <strong>Gobierno israel\u00ed<\/strong>. <\/p>\n<p>Seg\u00fan informaron a EFE organizaciones humanitarias que operan en la Franja, hasta el momento solo estaban abiertos el cruce de <strong>Kerem Shalom<\/strong>, en el sureste, y <strong>Kissufim<\/strong>, en el centro.<\/p>\n<p>Los accesos se mantuvieron cerrados hasta el 10 de octubre, cuando se implement\u00f3 el <strong>alto el fuego<\/strong> en vigor y se reabrieron algunos pasos fronterizos para la<strong> entrada de provisiones<\/strong> de car\u00e1cter humanitario y mercanc\u00edas. No obstante, entre los puntos del Plan de paz impulsado por el presidente estadounidense Donald Trump, que sustenta ese cese de las hostilidades, tambi\u00e9n figuraba la apertura del paso de <strong>R\u00e1fah<\/strong>, \u00e1rea del sur de Gaza bajo control israel\u00ed, que contin\u00faa cerrado. Hasta su clausura era la \u00fanica ventana de la Franja al mundo para el transito de personas y cargamentos no controlados por Israel.<\/p>\n<p>R\u00e1fah, el \u00fanico cruce para personas, sigue cerrado<\/p>\n<p>En R\u00e1fah, adem\u00e1s de las tropas israel\u00edes, tambi\u00e9n contin\u00faan atrincherados un n\u00famero sin determinar de milicianos de <strong>Ham\u00e1s<\/strong>  &#8211; algunos centenares, seg\u00fan el Ej\u00e9rcito israel\u00ed &#8211; y se han producido incidentes desde el alto el fuego.<\/p>\n<p>El primer ministro de Israel,<strong> Benjam\u00edn Netanyahu<\/strong>, hab\u00eda mantenido anteriormente que la apertura del paso de R\u00e1fah \u00abse considerar\u00e1 dependiendo de c\u00f3mo Ham\u00e1s (el grupo islamista palestino) cumple su parte del acuerdo auspiciado por Trump, devolviendo a los secuestrados e implementando el marco acordado\u00bb.<\/p>\n<p>M\u00e1s all\u00e1 del cierre del mencionado cruce, la Autoridad Nacional Palestina (ANP) denunci\u00f3 este martes que el n\u00famero de<strong> camiones<\/strong> con ayuda que entran a la Franja de Gaza representa el 41 % de lo pactado con Israel en el alto el fuego, un volumen<strong> \u00abmuy por debajo\u00bb<\/strong> del m\u00ednimo requerido para hacer frente a las inmensas necesidades humanitarias en el enclave palestino. <\/p>\n<p>Las autoridades palestinas aseguran que desde principios de octubre hasta la primera semanas de noviembre, un total de 9.424 camiones de ayuda ingresaron en Gaza, unos 348 transportes diarios, casi la mitad que entraba antes del \u00faltimo<strong> conflicto armado<\/strong> y mucho menos de lo acordado en el pacto rubricado entre Israel y Ham\u00e1s y auspiciado por Donald Trump.<\/p>\n<p>Por su parte, el Programa Mundial de Alimentos report\u00f3 hace tres semanas, doce d\u00edas despu\u00e9s de la entrada en vigor del acuerdo, que en ese momento solo entraban 750 toneladas de ayuda al d\u00eda de las 2.000 que se requer\u00edan, especialmente en el norte, donde el pasado mes de julio organizaciones humanitarias afirmaron que medio mill\u00f3n de personas se encontraban en estado de<strong> hambruna<\/strong>.  <\/p>\n","protected":false},"excerpt":{"rendered":"El Ej\u00e9rcito israel\u00ed ha anunciado este mi\u00e9rcoles la apertura del cruce de Zikim, en el noroeste de la&hellip;\n","protected":false},"author":2,"featured_media":231960,"comment_status":"","ping_status":"","sticky":false,"template":"","format":"standard","meta":{"footnotes":""},"categories":[42],"tags":[17,18,13,14,11,61,62,63,64,19,20,9,10,15,16,12,21,22,65,66,67],"class_list":{"0":"post-231959","1":"post","2":"type-post","3":"status-publish","4":"format-standard","5":"has-post-thumbnail","7":"category-internacional","8":"tag-breaking-news","9":"tag-breakingnews","10":"tag-featured-news","11":"tag-featurednews","12":"tag-headlines","13":"tag-internacional","14":"tag-international","15":"tag-international-news","16":"tag-internationalnews","17":"tag-latest-news","18":"tag-latestnews","19":"tag-news","20":"tag-noticias","21":"tag-noticias-destacadas","22":"tag-noticiasdestacadas","23":"tag-titulares","24":"tag-ultimas-noticias","25":"tag-ultimasnoticias","26":"tag-world","27":"tag-world-news","28":"tag-worldnews"},"share_on_mastodon":{"url":"https:\/\/pubeurope.com\/@es\/115536439820115938","error":""},"_links":{"self":[{"href":"https:\/\/www.europesays.com\/es\/wp-json\/wp\/v2\/posts\/231959","targetHints":{"allow":["GET"]}}],"collection":[{"href":"https:\/\/www.europesays.com\/es\/wp-json\/wp\/v2\/posts"}],"about":[{"href":"https:\/\/www.europesays.com\/es\/wp-json\/wp\/v2\/types\/post"}],"author":[{"embeddable":true,"href":"https:\/\/www.europesays.com\/es\/wp-json\/wp\/v2\/users\/2"}],"replies":[{"embeddable":true,"href":"https:\/\/www.europesays.com\/es\/wp-json\/wp\/v2\/comments?post=231959"}],"version-history":[{"count":0,"href":"https:\/\/www.europesays.com\/es\/wp-json\/wp\/v2\/posts\/231959\/revisions"}],"wp:featuredmedia":[{"embeddable":true,"href":"https:\/\/www.europesays.com\/es\/wp-json\/wp\/v2\/media\/231960"}],"wp:attachment":[{"href":"https:\/\/www.europesays.com\/es\/wp-json\/wp\/v2\/media?parent=231959"}],"wp:term":[{"taxonomy":"category","embeddable":true,"href":"https:\/\/www.europesays.com\/es\/wp-json\/wp\/v2\/categories?post=231959"},{"taxonomy":"post_tag","embeddable":true,"href":"https:\/\/www.europesays.com\/es\/wp-json\/wp\/v2\/tags?post=231959"}],"curies":[{"name":"wp","href":"https:\/\/api.w.org\/{rel}","templated":true}]}}