{"id":231961,"date":"2025-11-12T11:15:09","date_gmt":"2025-11-12T11:15:09","guid":{"rendered":"https:\/\/www.europesays.com\/es\/231961\/"},"modified":"2025-11-12T11:15:09","modified_gmt":"2025-11-12T11:15:09","slug":"juicio-al-fiscal-general-del-estado-alvaro-garcia-ortiz-en-directo-las-acusaciones-buscan-contrarrestar-las-peticiones-de-la-defensa-de-que-se-anule-el-registro-del-despacho-de-garcia-ortiz","status":"publish","type":"post","link":"https:\/\/www.europesays.com\/es\/231961\/","title":{"rendered":"Juicio al fiscal general del Estado, \u00c1lvaro Garc\u00eda Ortiz, en\u00a0directo | Las acusaciones buscan contrarrestar las peticiones de la defensa de que se anule el registro del despacho de Garc\u00eda Ortiz | Espa\u00f1a"},"content":{"rendered":"<p class=\"ev-title\">La defensa del fiscal general pregunta al primer agente si se copi\u00f3 toda la informaci\u00f3n de sus terminales<\/p>\n<p>El primer agente de la Unidad Central Operativa (UCO) de la\u00a0Guardia Civil que est\u00e1 interviniendo en el juicio esta ma\u00f1ana, con carn\u00e9 profesional P64298H, particip\u00f3 en el registro del despacho del fiscal general del Estado el 30 de octubre. La defensa del fiscal general, ejercida por la Abogac\u00eda del Estado, le ha preguntado por la forma en la que se hizo el\u00a0volcado de los dispositivos que ped\u00eda el juez instructor, interes\u00e1ndose especialmente por si se copi\u00f3 toda la informaci\u00f3n o solo en parte. Al comienzo del juicio, la defensa pidi\u00f3 que se anularan estos registros y todo lo que se hab\u00eda obtenido en ellos por considerarlo nulo e inconstitucional, adem\u00e1s de desproporcionado. El agente ha respondido explicando el procedimiento est\u00e1ndar en el que primero se\u00a0realiza un volcado total del dispositivo y luego se extrae la informaci\u00f3n relevante a las fechas espec\u00edficas indicadas, del 8 de marzo en adelante. Seg\u00fan su testimonio, no se hace un volcado parcial, sino uno total, y despu\u00e9s se seleccionan los datos que interesan. Con todo, el agente ha recalcado que no tiene conocimiento t\u00e9cnico detallado para saber si al final solo se volc\u00f3 el rango concreto, pero que siempre se copia primero todo.<\/p>\n","protected":false},"excerpt":{"rendered":"La defensa del fiscal general pregunta al primer agente si se copi\u00f3 toda la informaci\u00f3n de sus terminales&hellip;\n","protected":false},"author":2,"featured_media":231962,"comment_status":"","ping_status":"","sticky":false,"template":"","format":"standard","meta":{"footnotes":""},"categories":[8],"tags":[8812,8577,17,18,25,24,13,14,34675,4767,2153,2582,11,3515,2158,19,20,9,10,15,16,23,12,21,22],"class_list":{"0":"post-231961","1":"post","2":"type-post","3":"status-publish","4":"format-standard","5":"has-post-thumbnail","7":"category-espana","8":"tag-alberto-gonzalez-amador","9":"tag-alvaro-garcia-ortiz","10":"tag-breaking-news","11":"tag-breakingnews","12":"tag-es","13":"tag-espana","14":"tag-featured-news","15":"tag-featurednews","16":"tag-filtracion-documentos","17":"tag-fiscalia","18":"tag-fiscalia-general-estado","19":"tag-fraude-fiscal","20":"tag-headlines","21":"tag-isabel-diaz-ayuso","22":"tag-justicia","23":"tag-latest-news","24":"tag-latestnews","25":"tag-news","26":"tag-noticias","27":"tag-noticias-destacadas","28":"tag-noticiasdestacadas","29":"tag-spain","30":"tag-titulares","31":"tag-ultimas-noticias","32":"tag-ultimasnoticias"},"share_on_mastodon":{"url":"","error":"Validation failed: Text character limit of 500 exceeded"},"_links":{"self":[{"href":"https:\/\/www.europesays.com\/es\/wp-json\/wp\/v2\/posts\/231961","targetHints":{"allow":["GET"]}}],"collection":[{"href":"https:\/\/www.europesays.com\/es\/wp-json\/wp\/v2\/posts"}],"about":[{"href":"https:\/\/www.europesays.com\/es\/wp-json\/wp\/v2\/types\/post"}],"author":[{"embeddable":true,"href":"https:\/\/www.europesays.com\/es\/wp-json\/wp\/v2\/users\/2"}],"replies":[{"embeddable":true,"href":"https:\/\/www.europesays.com\/es\/wp-json\/wp\/v2\/comments?post=231961"}],"version-history":[{"count":0,"href":"https:\/\/www.europesays.com\/es\/wp-json\/wp\/v2\/posts\/231961\/revisions"}],"wp:featuredmedia":[{"embeddable":true,"href":"https:\/\/www.europesays.com\/es\/wp-json\/wp\/v2\/media\/231962"}],"wp:attachment":[{"href":"https:\/\/www.europesays.com\/es\/wp-json\/wp\/v2\/media?parent=231961"}],"wp:term":[{"taxonomy":"category","embeddable":true,"href":"https:\/\/www.europesays.com\/es\/wp-json\/wp\/v2\/categories?post=231961"},{"taxonomy":"post_tag","embeddable":true,"href":"https:\/\/www.europesays.com\/es\/wp-json\/wp\/v2\/tags?post=231961"}],"curies":[{"name":"wp","href":"https:\/\/api.w.org\/{rel}","templated":true}]}}