{"id":231965,"date":"2025-11-12T11:20:17","date_gmt":"2025-11-12T11:20:17","guid":{"rendered":"https:\/\/www.europesays.com\/es\/231965\/"},"modified":"2025-11-12T11:20:17","modified_gmt":"2025-11-12T11:20:17","slug":"circuito-wagc-by-soft-line","status":"publish","type":"post","link":"https:\/\/www.europesays.com\/es\/231965\/","title":{"rendered":"Circuito WAGC by Soft Line"},"content":{"rendered":"<p class=\"ft-text\">El <strong>Team Soft Line<\/strong> brill\u00f3 en el <strong>Campeonato del Mundo de Golf Amateur (WAGC)<\/strong>, donde el <strong>circuito balear WAGC by <\/strong><a class=\"ft-link ft-link--decoration\" href=\"https:\/\/www.diariodemallorca.es\/tags\/soft-line\/\" rel=\"nofollow noopener\" target=\"_blank\">Soft Line<\/a> volvi\u00f3 a demostrar su <strong>proyecci\u00f3n internacional<\/strong> en un evento que reuni\u00f3 a <strong>m\u00e1s de 500 jugadores de 40 pa\u00edses.<\/strong><\/p>\n<p class=\"ft-text\">Del <strong>31 de octubre al 8 de noviembre<\/strong>, <a class=\"ft-link ft-link--decoration\" href=\"https:\/\/www.diariodemallorca.es\/deportes\/2025\/09\/28\/tres-golfistas-baleares-disputaran-mundial-122044776.html\" rel=\"nofollow noopener\" target=\"_blank\">la Isla de Jeju (Corea del Sur) se convirti\u00f3 en el epicentro mundial del golf amateur<\/a> con la celebraci\u00f3n de la <strong>Final Mundial del World Amateur Golf Championship (WAGC)<\/strong>, competici\u00f3n que cada a\u00f1o re\u00fane a los <strong>mejores jugadores no profesionales<\/strong> del planeta.<\/p>\n<p class=\"ft-text\">El <strong>Team Soft Line<\/strong> represent\u00f3 a <strong>Espa\u00f1a<\/strong> con una destacada participaci\u00f3n de <strong>seis jugadores<\/strong>: <strong>Juan D\u00edaz<\/strong>, <strong>Aina Cerd\u00e1<\/strong> e <strong>Isabel Castillo<\/strong> como invitados especiales del <strong>circuito balear<\/strong>, y <strong>Moritz Sommerlad (2\u00aa categor\u00eda)<\/strong>, <strong>Juan Tom\u00e1s Galm\u00e9s (5\u00aa categor\u00eda)<\/strong> y <strong>Cristian Serra (campe\u00f3n invitacional)<\/strong>, clasificados desde la <strong>Final Nacional de Infinitum<\/strong>.<\/p>\n<p class=\"ft-text\">Durante una semana, los representantes de <strong>Baleares<\/strong> compitieron en <strong>cuatro de los campos m\u00e1s prestigiosos de la isla<\/strong> \u2014<strong>The Siena Golf Club<\/strong>, <strong>Jungmun Beach Club<\/strong>, <strong>Greenfield Country Club<\/strong> y <strong>Lotte Sky Hill Jeju Country Club<\/strong>\u2014, disfrutando de un entorno natural de <strong>espectacular belleza<\/strong> y de la <strong>hospitalidad coreana<\/strong><\/p>\n<p>Campe\u00f3n mundial con sello balear<\/p>\n<p class=\"ft-text\">El gran protagonista del <strong>Team Soft Line<\/strong> fue <strong>Juan Tom\u00e1s Galm\u00e9s<\/strong>, que tras <strong>cuatro exigentes rondas<\/strong> se proclam\u00f3 <strong>campe\u00f3n del mundo en su categor\u00eda masculina<\/strong>. Este logro consolida consolida al <strong>circuito WAGC by Soft Line<\/strong> como un <strong>referente en la promoci\u00f3n del golf amateur y el turismo deportivo<\/strong> en Baleares, combinando <strong>deporte, amistad, networking y pasi\u00f3n por el golf<\/strong>.<\/p>\n<p class=\"ft-text\">\u201cEl WAGC no es solo un torneo, <strong>es una experiencia de vida donde el golf se convierte en un lenguaje universal que une a personas de todo el mundo<\/strong>\u201d, destac\u00f3 <strong>Juan D\u00edaz Hern\u00e1ndez<\/strong>, <strong>director del circuito balear<\/strong> y <strong>fundador de Soft Line<\/strong>.<\/p>\n<p class=\"ft-text\">El <strong>equipo Soft Line<\/strong> felicit\u00f3 especialmente a <strong>Juan Tom\u00e1s Galm\u00e9s<\/strong> por su <strong>brillante victoria<\/strong> y agradeci\u00f3 el <strong>esfuerzo y entusiasmo<\/strong> de todos los jugadores que han formado parte del circuito. Asimismo, expres\u00f3 su <strong>reconocimiento a los patrocinadores<\/strong>, <strong>campos de golf de Baleares<\/strong> y <strong>colaboradores<\/strong> por su apoyo incondicional, que hace posible seguir <strong>proyectando el golf balear al mundo<\/strong>.<\/p>\n<p>La mirada ya puesta en 2026<\/p>\n<p class=\"ft-text\">Con la <strong>mirada puesta en 2026<\/strong>, el <strong>Circuito WAGC by Soft Line<\/strong> ya prepara una <strong>nueva edici\u00f3n<\/strong> llena de <strong>retos, emoci\u00f3n y oportunidades<\/strong> para seguir demostrando que <strong>en Baleares tambi\u00e9n se juega el mejor golf del mundo<\/strong>.<\/p>\n<p class=\"ft-text\">El <strong>World Amateur Golf Championship (WAGC)<\/strong> es el campeonato de golf amateur m\u00e1s grande del mundo. El <strong>circuito WAGC by Soft Line<\/strong> organiza en Baleares las <strong>pruebas clasificatorias<\/strong> que permiten a los mejores jugadores <strong>representar a Espa\u00f1a en la final mundial<\/strong>. M\u00e1s de <strong>500 golfistas de 40 pa\u00edses<\/strong> participan cada a\u00f1o en un evento que combina <strong>competitividad, cultura, turismo y convivencia internacional<\/strong>.<\/p>\n","protected":false},"excerpt":{"rendered":"El Team Soft Line brill\u00f3 en el Campeonato del Mundo de Golf Amateur (WAGC), donde el circuito balear&hellip;\n","protected":false},"author":2,"featured_media":231966,"comment_status":"","ping_status":"","sticky":false,"template":"","format":"standard","meta":{"footnotes":""},"categories":[275],"tags":[8236,168,25,24,329,17630,1070,17079,45161,23,167,1222],"class_list":{"0":"post-231965","1":"post","2":"type-post","3":"status-publish","4":"format-standard","5":"has-post-thumbnail","7":"category-golf","8":"tag-brilla","9":"tag-deportes","10":"tag-es","11":"tag-espana","12":"tag-golf","13":"tag-line","14":"tag-mundial","15":"tag-soft","16":"tag-soft-line","17":"tag-spain","18":"tag-sports","19":"tag-team"},"share_on_mastodon":{"url":"https:\/\/pubeurope.com\/@es\/115536463471933113","error":""},"_links":{"self":[{"href":"https:\/\/www.europesays.com\/es\/wp-json\/wp\/v2\/posts\/231965","targetHints":{"allow":["GET"]}}],"collection":[{"href":"https:\/\/www.europesays.com\/es\/wp-json\/wp\/v2\/posts"}],"about":[{"href":"https:\/\/www.europesays.com\/es\/wp-json\/wp\/v2\/types\/post"}],"author":[{"embeddable":true,"href":"https:\/\/www.europesays.com\/es\/wp-json\/wp\/v2\/users\/2"}],"replies":[{"embeddable":true,"href":"https:\/\/www.europesays.com\/es\/wp-json\/wp\/v2\/comments?post=231965"}],"version-history":[{"count":0,"href":"https:\/\/www.europesays.com\/es\/wp-json\/wp\/v2\/posts\/231965\/revisions"}],"wp:featuredmedia":[{"embeddable":true,"href":"https:\/\/www.europesays.com\/es\/wp-json\/wp\/v2\/media\/231966"}],"wp:attachment":[{"href":"https:\/\/www.europesays.com\/es\/wp-json\/wp\/v2\/media?parent=231965"}],"wp:term":[{"taxonomy":"category","embeddable":true,"href":"https:\/\/www.europesays.com\/es\/wp-json\/wp\/v2\/categories?post=231965"},{"taxonomy":"post_tag","embeddable":true,"href":"https:\/\/www.europesays.com\/es\/wp-json\/wp\/v2\/tags?post=231965"}],"curies":[{"name":"wp","href":"https:\/\/api.w.org\/{rel}","templated":true}]}}