{"id":231969,"date":"2025-11-12T11:22:08","date_gmt":"2025-11-12T11:22:08","guid":{"rendered":"https:\/\/www.europesays.com\/es\/231969\/"},"modified":"2025-11-12T11:22:08","modified_gmt":"2025-11-12T11:22:08","slug":"estos-son-ls-escogids-para-competir-en-el-life-time-grand-prix-2026-con-el-debut-de-seewald","status":"publish","type":"post","link":"https:\/\/www.europesays.com\/es\/231969\/","title":{"rendered":"Estos son l@s escogid@s para competir en el Life Time Grand Prix 2026 (con el debut de Seewald)"},"content":{"rendered":"<blockquote class=\"quote-card lateral\">\n<p>19 de los 44 ciclistas seleccionados proceden de fuera de Estados Unidos<\/p>\n<\/blockquote>\n<p>La quinta edici\u00f3n del <strong>Life Time Grand Prix<\/strong> promete ser la m\u00e1s disputada en la historia del campeonato. La organizaci\u00f3n ha dado a conocer los nombres de los 44 ciclistas seleccionados para la temporada 2026, que volver\u00e1 a reunir a la \u00e9lite mundial del gravel y el MTB en un mismo campeonato.<\/p>\n<p>El <strong>Life Time Grand Prix<\/strong>, creado por la compa\u00f1\u00eda estadounidense Life Time, regresa con un formato id\u00e9ntico al de los \u00faltimos a\u00f1os: <strong>seis pruebas<\/strong> repartidas por todo Estados Unidos, combinando carreras de MTB y gravel. Lo hace con un dato que confirma su crecimiento internacional: <strong>19 de los 44 seleccionados proceden de fuera de Estados Unidos<\/strong>, representando a <strong>11 pa\u00edses distintos<\/strong> y cinco continentes.<\/p>\n<p>\t Contin\u00faa tras los patrocinadores<\/p>\n<p>La selecci\u00f3n inicial se ha realizado entre cientos de solicitudes llegadas de <strong>24 pa\u00edses diferentes<\/strong>, de las que se han escogido 22 hombres y 22 mujeres. Posteriormente, se a\u00f1adir\u00e1n <strong>tres hombres y tres mujeres m\u00e1s<\/strong> mediante un sistema de invitaci\u00f3n tipo Wild Card, que se definir\u00e1 tras la <strong>Life Time UNBOUND Gravel 200<\/strong> el 30 de mayo de 2026.<\/p>\n<p>Un plantel femenino con m\u00e1s nivel que nunca<\/p>\n<blockquote class=\"quote-card lateral\">\n<p>Sof\u00eda G\u00f3mez Villafa\u00f1e aspira a su cuarto t\u00edtulo consecutivo en el Life Time Grand Prix<\/p>\n<\/blockquote>\n<p>El grupo femenino incorpora a varias figuras internacionales que debutar\u00e1n en el Grand Prix. Entre ellas destacan la polaca <strong>Karolina Migo\u0144<\/strong>, vigente campeona de la <strong>UNBOUND Gravel 200<\/strong> y ganadora de las dos \u00faltimas ediciones de <strong>The Traka 360<\/strong>, y la alemana <strong>Rosa Kl\u00f6ser<\/strong>, vencedora en UNBOUND Gravel 2024 y con ocho triunfos en 2025.<\/p>\n<p>La estadounidense <strong>Ruth Holcomb<\/strong>, campeona U23 en 2025, tambi\u00e9n formar\u00e1 parte del plantel, mientras que regresan las <strong>12 mejores clasificadas de la edici\u00f3n 2025<\/strong>, incluyendo a <strong>Sof\u00eda G\u00f3mez Villafa\u00f1e<\/strong>, que buscar\u00e1 su <strong>cuarto t\u00edtulo consecutivo<\/strong>.<\/p>\n<p><strong>Participantes femeninas 2026:<\/strong><\/p>\n<tr>\nNombre<br \/>\nEdad<br \/>\nPa\u00eds<br \/>\n<\/tr>\n<tr>\n<td>Morgan Aguirre<\/td>\n<td>32<\/td>\n<td>USA<\/td>\n<\/tr>\n<tr>\n<td>Lauren De Crescenzo<\/td>\n<td>35<\/td>\n<td>USA<\/td>\n<\/tr>\n<tr>\n<td>Cecily Decker<\/td>\n<td>27<\/td>\n<td>USA<\/td>\n<\/tr>\n<tr>\n<td>Maude Farrell<\/td>\n<td>34<\/td>\n<td>USA<\/td>\n<\/tr>\n<tr>\n<td>Sof\u00eda G\u00f3mez Villafa\u00f1e<\/td>\n<td>31<\/td>\n<td>Argentina<\/td>\n<\/tr>\n<tr>\n<td>Stella Hobbs<\/td>\n<td>32<\/td>\n<td>USA<\/td>\n<\/tr>\n<tr>\n<td>Ruth Holcomb<\/td>\n<td>22<\/td>\n<td>USA<\/td>\n<\/tr>\n<tr>\n<td>Rosa Kl\u00f6ser<\/td>\n<td>29<\/td>\n<td>Germany<\/td>\n<\/tr>\n<tr>\n<td>Sarah Lange<\/td>\n<td>34<\/td>\n<td>USA<\/td>\n<\/tr>\n<tr>\n<td>Emma Langley<\/td>\n<td>30<\/td>\n<td>USA<\/td>\n<\/tr>\n<tr>\n<td>Cecile Lejeune<\/td>\n<td>27<\/td>\n<td>France<\/td>\n<\/tr>\n<tr>\n<td>Karolina Migo\u0144<\/td>\n<td>29<\/td>\n<td>Poland<\/td>\n<\/tr>\n<tr>\n<td>Paige Onweller<\/td>\n<td>36<\/td>\n<td>USA<\/td>\n<\/tr>\n<tr>\n<td>Hannah Otto<\/td>\n<td>30<\/td>\n<td>USA<\/td>\n<\/tr>\n<tr>\n<td>Hayley Preen<\/td>\n<td>27<\/td>\n<td>South Africa<\/td>\n<\/tr>\n<tr>\n<td>Melisa Rollins<\/td>\n<td>30<\/td>\n<td>USA<\/td>\n<\/tr>\n<tr>\n<td>Ruby Ryan<\/td>\n<td>24<\/td>\n<td>USA<\/td>\n<\/tr>\n<tr>\n<td>Samara Sheppard<\/td>\n<td>35<\/td>\n<td>New Zealand<\/td>\n<\/tr>\n<tr>\n<td>Courtney Sherwell<\/td>\n<td>37<\/td>\n<td>Australia<\/td>\n<\/tr>\n<tr>\n<td>Alexis Skarda<\/td>\n<td>36<\/td>\n<td>USA<\/td>\n<\/tr>\n<tr>\n<td>Lauren Stephens<\/td>\n<td>39<\/td>\n<td>USA<\/td>\n<\/tr>\n<tr>\n<td>Sarah Sturm<\/td>\n<td>36<\/td>\n<td>USA<\/td>\n<\/tr>\n<p>Un bloque masculino de alto nivel internacional<\/p>\n<blockquote class=\"quote-card lateral\">\n<p>Keegan Swenson y Cameron Jones son los \u00fanicos vencedores que ha conocido el campeonato<\/p>\n<\/blockquote>\n<p>En la categor\u00eda masculina, la organizaci\u00f3n ha confirmado el regreso de los <strong>12 mejores clasificados de 2025<\/strong>, entre ellos el campe\u00f3n <strong>Cameron Jones<\/strong> y el triple vencedor <strong>Keegan Swenson<\/strong>. Tambi\u00e9n estar\u00e1 el joven <strong>Griffin Hoppin<\/strong>, ganador del programa U23, que obtiene acceso directo a la categor\u00eda \u00e9lite.<\/p>\n<p>A ellos se suman nueve debutantes, entre los que figuran el <strong>campe\u00f3n de Europa de MTB Andreas Seewald (Alemania)<\/strong>, el <strong>ganador de la Gravel Earth Series 2024 Simen Nordahl Svendsen (Noruega)<\/strong> y el suizo <strong>Jan St\u00f6ckli<\/strong>, segundo en The Traka 360.<\/p>\n<p><strong>Participantes masculinos 2026:<\/strong><\/p>\n<tr>\nNombre<br \/>\nEdad<br \/>\nPa\u00eds<br \/>\n<\/tr>\n<tr>\n<td>Matthew Beers<\/td>\n<td>31<\/td>\n<td>South Africa<\/td>\n<\/tr>\n<tr>\n<td>Zach Calton<\/td>\n<td>28<\/td>\n<td>USA<\/td>\n<\/tr>\n<tr>\n<td>Cobe Freeburn<\/td>\n<td>24<\/td>\n<td>USA<\/td>\n<\/tr>\n<tr>\n<td>Griffin Hoppin<\/td>\n<td>22<\/td>\n<td>USA<\/td>\n<\/tr>\n<tr>\n<td>Brendan Johnston<\/td>\n<td>34<\/td>\n<td>Australia<\/td>\n<\/tr>\n<tr>\n<td>Cameron Jones<\/td>\n<td>25<\/td>\n<td>New Zealand<\/td>\n<\/tr>\n<tr>\n<td>Andrew L\u2019Esperance<\/td>\n<td>34<\/td>\n<td>Canada<\/td>\n<\/tr>\n<tr>\n<td>Bradyn Lange<\/td>\n<td>26<\/td>\n<td>USA<\/td>\n<\/tr>\n<tr>\n<td>Payson McElveen<\/td>\n<td>32<\/td>\n<td>USA<\/td>\n<\/tr>\n<tr>\n<td>Simen Nordahl Svendsen<\/td>\n<td>26<\/td>\n<td>Norway<\/td>\n<\/tr>\n<tr>\n<td>Kyan Olshove<\/td>\n<td>23<\/td>\n<td>USA<\/td>\n<\/tr>\n<tr>\n<td>Cole Paton<\/td>\n<td>28<\/td>\n<td>USA<\/td>\n<\/tr>\n<tr>\n<td>Simon Pellaud<\/td>\n<td>33<\/td>\n<td>Switzerland<\/td>\n<\/tr>\n<tr>\n<td>Marc Pritzen<\/td>\n<td>26<\/td>\n<td>South Africa<\/td>\n<\/tr>\n<tr>\n<td>Torbj\u00f8rn R\u00f8ed<\/td>\n<td>28<\/td>\n<td>Norway<\/td>\n<\/tr>\n<tr>\n<td>Andreas Seewald<\/td>\n<td>34<\/td>\n<td>Germany<\/td>\n<\/tr>\n<tr>\n<td>Felix Stehli<\/td>\n<td>25<\/td>\n<td>Switzerland<\/td>\n<\/tr>\n<tr>\n<td>Anton Stensby<\/td>\n<td>24<\/td>\n<td>Norway<\/td>\n<\/tr>\n<tr>\n<td>Jan St\u00f6ckli<\/td>\n<td>26<\/td>\n<td>Switzerland<\/td>\n<\/tr>\n<tr>\n<td>Caleb Swartz<\/td>\n<td>26<\/td>\n<td>USA<\/td>\n<\/tr>\n<tr>\n<td>Keegan Swenson<\/td>\n<td>31<\/td>\n<td>USA<\/td>\n<\/tr>\n<tr>\n<td>Alexey Vermeulen<\/td>\n<td>31<\/td>\n<td>USA<\/td>\n<\/tr>\n<p>El regreso del sistema Wild Card<\/p>\n<blockquote class=\"quote-card lateral\">\n<p>El sistema Wild Card permite acceder a la serie a trav\u00e9s del rendimiento en Sea Otter y Unbound<\/p>\n<\/blockquote>\n<p>El sistema Wild Card, introducido en 2025, volver\u00e1 a dar una segunda oportunidad a los corredores que no hayan sido seleccionados inicialmente.<\/p>\n<p>Para optar a una de estas seis plazas (tres masculinas y tres femeninas), los deportistas deber\u00e1n haber solicitado formar parte de la serie, confirmar su inter\u00e9s en el Wild Card pool y competir en <strong>Sea Otter Classic Gravel<\/strong> y en <strong>UNBOUND Gravel 200<\/strong>.<\/p>\n<p>Los resultados combinados de ambas pruebas determinar\u00e1n qui\u00e9nes se suman al <strong>Life Time Grand Prix 2026<\/strong>. Adem\u00e1s, la organizaci\u00f3n se reserva la posibilidad de a\u00f1adir plazas extra si alguno de los seleccionados se retira antes del <strong>1 de julio de 2026<\/strong>.<\/p>\n<p><a href=\"https:\/\/esmtb.com\/wp-content\/uploads\/2025\/11\/asdasd111.jpg\" rel=\"nofollow noopener\" target=\"_blank\"><img loading=\"lazy\" decoding=\"async\" class=\"aligncenter size-large wp-image-157655 \" src=\"https:\/\/www.europesays.com\/es\/wp-content\/uploads\/2025\/11\/asdasd111-1024x819.jpg\" alt=\"\" width=\"1024\" height=\"819\"  \/><\/a><\/p>\n<p>Declaraciones de la organizaci\u00f3n<\/p>\n<blockquote class=\"quote-card lateral\">\n<p>Anuncia una mayor cobertura en directo<\/p>\n<\/blockquote>\n<p>Michelle Duffy Smith, vicepresidenta de marketing de Life Time y directora ejecutiva del Grand Prix, destac\u00f3 el salto cualitativo que supone la nueva edici\u00f3n:<\/p>\n<p>\u201cEl Life Time Grand Prix 2025 fue una de las temporadas m\u00e1s competitivas y emocionantes que hemos vivido, pero 2026 se perfila a\u00fan m\u00e1s grande. El nivel del plantel que hemos reunido elevar\u00e1 la serie a otro nivel, con una profundidad de talento sin precedentes. <a href=\"https:\/\/esmtb.com\/aun-mas-dinero-para-el-life-time-grand-prix-2026-mas-de-590-000-dolares-en-premios\/\" target=\"_blank\" rel=\"noopener nofollow\">Con un premio total de 590 000 d\u00f3lares<\/a>, una cobertura en directo ampliada y nuevas ventajas para los atletas, estamos orgullosos de ver c\u00f3mo el Life Time Grand Prix atrae a los mejores del mundo y sigue impulsando este deporte a una nueva dimensi\u00f3n.\u201d<\/p>\n<p>Programa U23 y desarrollo de talento<\/p>\n<blockquote class=\"quote-card lateral\">\n<p>El programa U23 garantiza el acceso directo a la edici\u00f3n 2027 para sus ganadores<\/p>\n<\/blockquote>\n<p>El <strong>Life Time Grand Prix U23 Development Program<\/strong> continuar\u00e1 en 2026 tras su \u00e9xito en la pasada edici\u00f3n. Los ganadores absoluto masculino y femenino del programa obtendr\u00e1n clasificaci\u00f3n autom\u00e1tica para la edici\u00f3n 2027.<\/p>\n<p>Las solicitudes permanecer\u00e1n abiertas hasta el <strong>1 de marzo de 2026<\/strong>, reflejando el compromiso de Life Time con la formaci\u00f3n de nuevos talentos y la expansi\u00f3n global del ciclismo off-road.<\/p>\n","protected":false},"excerpt":{"rendered":"19 de los 44 ciclistas seleccionados proceden de fuera de Estados Unidos La quinta edici\u00f3n del Life Time&hellip;\n","protected":false},"author":2,"featured_media":231970,"comment_status":"","ping_status":"","sticky":false,"template":"","format":"standard","meta":{"footnotes":""},"categories":[273],"tags":[313,312,168,25,24,18236,52838,23,167],"class_list":{"0":"post-231969","1":"post","2":"type-post","3":"status-publish","4":"format-standard","5":"has-post-thumbnail","7":"category-ciclismo","8":"tag-ciclismo","9":"tag-cycling","10":"tag-deportes","11":"tag-es","12":"tag-espana","13":"tag-gravel","14":"tag-life-time-grand-prix","15":"tag-spain","16":"tag-sports"},"share_on_mastodon":{"url":"https:\/\/pubeurope.com\/@es\/115536471405690918","error":""},"_links":{"self":[{"href":"https:\/\/www.europesays.com\/es\/wp-json\/wp\/v2\/posts\/231969","targetHints":{"allow":["GET"]}}],"collection":[{"href":"https:\/\/www.europesays.com\/es\/wp-json\/wp\/v2\/posts"}],"about":[{"href":"https:\/\/www.europesays.com\/es\/wp-json\/wp\/v2\/types\/post"}],"author":[{"embeddable":true,"href":"https:\/\/www.europesays.com\/es\/wp-json\/wp\/v2\/users\/2"}],"replies":[{"embeddable":true,"href":"https:\/\/www.europesays.com\/es\/wp-json\/wp\/v2\/comments?post=231969"}],"version-history":[{"count":0,"href":"https:\/\/www.europesays.com\/es\/wp-json\/wp\/v2\/posts\/231969\/revisions"}],"wp:featuredmedia":[{"embeddable":true,"href":"https:\/\/www.europesays.com\/es\/wp-json\/wp\/v2\/media\/231970"}],"wp:attachment":[{"href":"https:\/\/www.europesays.com\/es\/wp-json\/wp\/v2\/media?parent=231969"}],"wp:term":[{"taxonomy":"category","embeddable":true,"href":"https:\/\/www.europesays.com\/es\/wp-json\/wp\/v2\/categories?post=231969"},{"taxonomy":"post_tag","embeddable":true,"href":"https:\/\/www.europesays.com\/es\/wp-json\/wp\/v2\/tags?post=231969"}],"curies":[{"name":"wp","href":"https:\/\/api.w.org\/{rel}","templated":true}]}}