{"id":231971,"date":"2025-11-12T11:24:09","date_gmt":"2025-11-12T11:24:09","guid":{"rendered":"https:\/\/www.europesays.com\/es\/231971\/"},"modified":"2025-11-12T11:24:09","modified_gmt":"2025-11-12T11:24:09","slug":"la-nba-revoluciona-el-all-star-2026-estados-unidos-contra-el-resto-del-mundo-y-un-tercer-equipo-sorpresa","status":"publish","type":"post","link":"https:\/\/www.europesays.com\/es\/231971\/","title":{"rendered":"La NBA revoluciona el All-Star 2026: Estados Unidos contra el resto del mundo&#8230; y un tercer equipo sorpresa"},"content":{"rendered":"<p class=\"ft-text\">La <strong>NBA<\/strong> ha decidido romper el molde. La liga anunci\u00f3 este martes un <strong>nuevo formato para el All-Star 2026<\/strong>, que se disputar\u00e1 el <strong>15 de febrero en el Intuit Dome de Los \u00c1ngeles<\/strong>, hogar de los <strong>Clippers<\/strong>, y que promete ser una aut\u00e9ntica revoluci\u00f3n.<\/p>\n<p class=\"ft-text\">Por primera vez en la historia, el <strong>All-Star<\/strong> no enfrentar\u00e1 a dos equipos, sino a <strong>tres<\/strong>: uno formado por <strong>jugadores estadounidenses<\/strong>, otro por <strong>jugadores del resto del mundo<\/strong>, y un <strong>tercero mixto<\/strong> integrado tambi\u00e9n por estrellas de ambas conferencias.<\/p>\n<p>Una mini liga antes de la final<\/p>\n<p class=\"ft-text\">El nuevo formato incluir\u00e1 una <strong>fase de grupos<\/strong> con <strong>cuatro partidos de doce minutos cada uno<\/strong>, en los que se medir\u00e1n los tres equipos. Los <strong>dos mejores<\/strong> avanzar\u00e1n a la <strong>gran final<\/strong>, que coronar\u00e1 al campe\u00f3n del fin de semana m\u00e1s medi\u00e1tico del baloncesto mundial.<\/p>\n<p class=\"ft-text\">Cada conjunto estar\u00e1 formado por <strong>al menos ocho jugadores<\/strong>, con un total de <strong>24 seleccionados<\/strong> \u2014doce por la <strong>Conferencia Este<\/strong> y doce por la <strong>Oeste<\/strong>\u2014, que ser\u00e1n elegidos por votaci\u00f3n de aficionados, prensa y jugadores, como es tradici\u00f3n.<\/p>\n<p>Un intento de devolver la chispa<\/p>\n<p class=\"ft-text\">La NBA busca as\u00ed <strong>reavivar el inter\u00e9s y la competitividad<\/strong> de un <strong>All-Star Game<\/strong> cada vez m\u00e1s cuestionado por la falta de intensidad y compromiso. El espect\u00e1culo sigue, pero el esp\u00edritu competitivo se hab\u00eda perdido.<\/p>\n<p class=\"ft-text\">El comisionado <strong>Adam Silver<\/strong> ya hab\u00eda adelantado su intenci\u00f3n de <strong>\u00abhacer del All-Star un partido que los jugadores quieran ganar\u00bb<\/strong>, y este nuevo formato parece apuntar justo en esa direcci\u00f3n: m\u00e1s ritmo, m\u00e1s rivalidad y m\u00e1s orgullo en juego.<\/p>\n<p class=\"ft-text\">El <strong>All-Star 2026<\/strong> promete ser un experimento hist\u00f3rico. Y si funciona, podr\u00eda marcar el comienzo de una nueva era para el fin de semana de las estrellas.<\/p>\n","protected":false},"excerpt":{"rendered":"La NBA ha decidido romper el molde. La liga anunci\u00f3 este martes un nuevo formato para el All-Star&hellip;\n","protected":false},"author":2,"featured_media":231972,"comment_status":"","ping_status":"","sticky":false,"template":"","format":"standard","meta":{"footnotes":""},"categories":[269],"tags":[12436,299,298,168,25,24,1725,60594,23,167],"class_list":{"0":"post-231971","1":"post","2":"type-post","3":"status-publish","4":"format-standard","5":"has-post-thumbnail","7":"category-baloncesto","8":"tag-all-star","9":"tag-baloncesto","10":"tag-basketball","11":"tag-deportes","12":"tag-es","13":"tag-espana","14":"tag-nba","15":"tag-novedades-all-star","16":"tag-spain","17":"tag-sports"},"share_on_mastodon":{"url":"https:\/\/pubeurope.com\/@es\/115536479340821724","error":""},"_links":{"self":[{"href":"https:\/\/www.europesays.com\/es\/wp-json\/wp\/v2\/posts\/231971","targetHints":{"allow":["GET"]}}],"collection":[{"href":"https:\/\/www.europesays.com\/es\/wp-json\/wp\/v2\/posts"}],"about":[{"href":"https:\/\/www.europesays.com\/es\/wp-json\/wp\/v2\/types\/post"}],"author":[{"embeddable":true,"href":"https:\/\/www.europesays.com\/es\/wp-json\/wp\/v2\/users\/2"}],"replies":[{"embeddable":true,"href":"https:\/\/www.europesays.com\/es\/wp-json\/wp\/v2\/comments?post=231971"}],"version-history":[{"count":0,"href":"https:\/\/www.europesays.com\/es\/wp-json\/wp\/v2\/posts\/231971\/revisions"}],"wp:featuredmedia":[{"embeddable":true,"href":"https:\/\/www.europesays.com\/es\/wp-json\/wp\/v2\/media\/231972"}],"wp:attachment":[{"href":"https:\/\/www.europesays.com\/es\/wp-json\/wp\/v2\/media?parent=231971"}],"wp:term":[{"taxonomy":"category","embeddable":true,"href":"https:\/\/www.europesays.com\/es\/wp-json\/wp\/v2\/categories?post=231971"},{"taxonomy":"post_tag","embeddable":true,"href":"https:\/\/www.europesays.com\/es\/wp-json\/wp\/v2\/tags?post=231971"}],"curies":[{"name":"wp","href":"https:\/\/api.w.org\/{rel}","templated":true}]}}