{"id":231977,"date":"2025-11-12T11:27:09","date_gmt":"2025-11-12T11:27:09","guid":{"rendered":"https:\/\/www.europesays.com\/es\/231977\/"},"modified":"2025-11-12T11:27:09","modified_gmt":"2025-11-12T11:27:09","slug":"10-rincones-que-nos-enamoraron-de-la-casa-de-los-javis-en-madrid","status":"publish","type":"post","link":"https:\/\/www.europesays.com\/es\/231977\/","title":{"rendered":"10 rincones que nos enamoraron de la casa de Los Javis en Madrid"},"content":{"rendered":"<p><strong>Javier Ambrossi y Javier Calvo: p\u00edldoras de inspiraci\u00f3n<\/strong><\/p>\n<p>Hace un a\u00f1o, los directores, guionistas y productores <strong>Javier Calvo y Javier Ambrossi nos abrieron las puertas de su <a href=\"https:\/\/www.revistaad.es\/galerias\/javier-calvo-y-javier-ambrossi-nueva-casa-madrid\" rel=\"nofollow noopener\" target=\"_blank\">nueva casa a las afueras de Madrid<\/a><\/strong>: una vivienda unifamiliar de bloques de hormig\u00f3n dise\u00f1ada por el arquitecto <strong>Benjamin Iborra,<\/strong> uno de los fundadores del estudio barcelon\u00e9s <a data-offer-url=\"https:\/\/www.mesura.eu\/\" class=\"external-link\" data-event-click=\"{&quot;element&quot;:&quot;ExternalLink&quot;,&quot;outgoingURL&quot;:&quot;https:\/\/www.mesura.eu\/&quot;}\" href=\"https:\/\/www.mesura.eu\/\" rel=\"nofollow noopener\" target=\"_blank\">Mesura<\/a>, y construida por <a data-offer-url=\"https:\/\/viraje.es\/\" class=\"external-link\" data-event-click=\"{&quot;element&quot;:&quot;ExternalLink&quot;,&quot;outgoingURL&quot;:&quot;https:\/\/viraje.es\/&quot;}\" href=\"https:\/\/viraje.es\/\" rel=\"nofollow noopener\" target=\"_blank\">Viraje<\/a>, cuyo CEO <strong>Ra\u00fal Hinarejos<\/strong> emple\u00f3 el sistema de construcci\u00f3n industrializado <strong>Ubiko<\/strong> para materializar el proyecto. Este t\u00e1ndem creativo hizo realidad el sue\u00f1o de Los Javis en apenas tres a\u00f1os: un tangram de patios y muros de hormig\u00f3n donde los pilares y las vigas brillaban por su ausencia.<\/p>\n<p><strong>1. Una piscina a sus pies<\/strong><\/p>\n<p>El para\u00edso de Mary y Susi, las perritas de la pareja, es el patio alrededor del cual se articulaba el proyecto. \u201c<strong>Quer\u00edamos mudarnos a una vivienda que pareciera una <a href=\"https:\/\/www.revistaad.es\/articulos\/casa-de-vacaciones-distribucion-y-colores\" rel=\"nofollow noopener\" target=\"_blank\">casa de vacaciones<\/a>, donde siempre fuera verano. Un hogar que nos hiciera sentir que todo nuestro esfuerzo ha valido la pena<\/strong>\u201d, nos explica Ambrossi durante la entrevista. Aunque destacaba el <a href=\"https:\/\/www.revistaad.es\/tags\/jardin\" isautogenerated=\"true\" rel=\"nofollow noopener\" target=\"_blank\">jard\u00edn<\/a> en su totalidad (un captador de luz natural que dota de encanto a todo el conjunto, con anteproyecto de <a data-offer-url=\"https:\/\/dstudio.es\/en\" class=\"external-link\" data-event-click=\"{&quot;element&quot;:&quot;ExternalLink&quot;,&quot;outgoingURL&quot;:&quot;https:\/\/dstudio.es\/en&quot;}\" href=\"https:\/\/dstudio.es\/en\" rel=\"nofollow noopener\" target=\"_blank\">DSTUDIO<\/a> y ejecuci\u00f3n de <a data-offer-url=\"https:\/\/www.ambienta.es\/\" class=\"external-link\" data-event-click=\"{&quot;element&quot;:&quot;ExternalLink&quot;,&quot;outgoingURL&quot;:&quot;https:\/\/www.ambienta.es\/&quot;}\" href=\"https:\/\/www.ambienta.es\/\" rel=\"nofollow noopener\" target=\"_blank\">Ambienta<\/a> en el dise\u00f1o paisaj\u00edstico), menci\u00f3n especial se merec\u00eda el manantial con jacuzzi incorporado cuyas hechuras se fund\u00edan perfectamente con el resto de la construcci\u00f3n y el entorno.<\/p>\n<p><img decoding=\"async\" alt=\"Javier Ambrossi y Javier Calvo en la piscina de su casa\" loading=\"lazy\" class=\"ResponsiveImageContainer-eNxvmU cfBbTk responsive-image__image\"   src=\"https:\/\/www.europesays.com\/es\/wp-content\/uploads\/2025\/11\/AD%20JAVIS%20ALTAS%20PISCINA.jpg\"\/><\/p>\n<p>Ambrossi, con jersey de LOEWE y shorts de Tiger of Sweden; y Calvo, con camiseta de Balenciaga y pantalones de LOEWE. Al borde de la piscina, sandalias de Herm\u00e8s.<\/p>\n<p>\u00a9 Pablo Zamora \/ Estilismo: Ana Rojas \/ Asistentes estilismo: Esther Pastor y Luc\u00eda Sobas. Asistentes fotograf\u00eda: Edu Orozco y Daniel Carretero.<strong>2. La biblioteca m\u00e1s deseada de Espa\u00f1a<\/strong><\/p>\n<p>Si algo nos dej\u00f3 sin aliento al conocer el interior de la casa de nuestros protagonistas fue su magn\u00edfica <a href=\"https:\/\/www.revistaad.es\/tags\/biblioteca\" isautogenerated=\"true\" rel=\"nofollow noopener\" target=\"_blank\">biblioteca<\/a>. Fabricada en madera de roble y frente al estudio, era tanto un lugar para el disfrute como para el trabajo. \u201cEs un sue\u00f1o hecho realidad. <strong>Mi biblioteca ha crecido conmigo y todos los recuerdos, todos los <a href=\"https:\/\/www.revistaad.es\/tags\/libros\" isautogenerated=\"true\" rel=\"nofollow noopener\" target=\"_blank\">libros<\/a> que he le\u00eddo est\u00e1n aqu\u00ed<\/strong>\u201d, comentaba Ambrossi en el <a href=\"https:\/\/www.revistaad.es\/video\/watch\/javier-calvo-y-javier-ambrossi-nos-abren-las-puertas-de-su-nueva-casa-en-madrid-de-puertas-adentro-ad-espana\" rel=\"nofollow noopener\" target=\"_blank\">Open Door de AD<\/a>. \u201cEs de madera de roble, preciosa, y dentro de tanto muro de hormig\u00f3n aporta much\u00edsima calidez a la casa\u201d, a\u00f1ad\u00eda Calvo. En ella, la pareja encontraba inspiraci\u00f3n, abrigo y una forma de almacenar recuerdos. A pesar de tener las estanter\u00edas colmadas, el resultado distaba mucho de lucir abarrotado. El truco, sin duda, estaba en <strong>haberla concebido como una unidad a medida que integraba la escalera<\/strong> y cuya apariencia ced\u00eda todo el protagonismo a los tomos que guardaba.<\/p>\n","protected":false},"excerpt":{"rendered":"Javier Ambrossi y Javier Calvo: p\u00edldoras de inspiraci\u00f3n Hace un a\u00f1o, los directores, guionistas y productores Javier Calvo&hellip;\n","protected":false},"author":2,"featured_media":231978,"comment_status":"","ping_status":"","sticky":false,"template":"","format":"standard","meta":{"footnotes":""},"categories":[173],"tags":[229,233,231,230,1530,13062,40733,232,234,146,147,25,24,14171,23],"class_list":{"0":"post-231977","1":"post","2":"type-post","3":"status-publish","4":"format-standard","5":"has-post-thumbnail","7":"category-arte-y-diseno","8":"tag-arte","9":"tag-arte-y-diseno","10":"tag-arts","11":"tag-arts-and-design","12":"tag-casas-ad","13":"tag-casas-de-famosos","14":"tag-casas-singulares","15":"tag-design","16":"tag-diseno","17":"tag-entertainment","18":"tag-entretenimiento","19":"tag-es","20":"tag-espana","21":"tag-round-up","22":"tag-spain"},"share_on_mastodon":{"url":"https:\/\/pubeurope.com\/@es\/115536490956967329","error":""},"_links":{"self":[{"href":"https:\/\/www.europesays.com\/es\/wp-json\/wp\/v2\/posts\/231977","targetHints":{"allow":["GET"]}}],"collection":[{"href":"https:\/\/www.europesays.com\/es\/wp-json\/wp\/v2\/posts"}],"about":[{"href":"https:\/\/www.europesays.com\/es\/wp-json\/wp\/v2\/types\/post"}],"author":[{"embeddable":true,"href":"https:\/\/www.europesays.com\/es\/wp-json\/wp\/v2\/users\/2"}],"replies":[{"embeddable":true,"href":"https:\/\/www.europesays.com\/es\/wp-json\/wp\/v2\/comments?post=231977"}],"version-history":[{"count":0,"href":"https:\/\/www.europesays.com\/es\/wp-json\/wp\/v2\/posts\/231977\/revisions"}],"wp:featuredmedia":[{"embeddable":true,"href":"https:\/\/www.europesays.com\/es\/wp-json\/wp\/v2\/media\/231978"}],"wp:attachment":[{"href":"https:\/\/www.europesays.com\/es\/wp-json\/wp\/v2\/media?parent=231977"}],"wp:term":[{"taxonomy":"category","embeddable":true,"href":"https:\/\/www.europesays.com\/es\/wp-json\/wp\/v2\/categories?post=231977"},{"taxonomy":"post_tag","embeddable":true,"href":"https:\/\/www.europesays.com\/es\/wp-json\/wp\/v2\/tags?post=231977"}],"curies":[{"name":"wp","href":"https:\/\/api.w.org\/{rel}","templated":true}]}}