{"id":23198,"date":"2025-08-03T16:54:08","date_gmt":"2025-08-03T16:54:08","guid":{"rendered":"https:\/\/www.europesays.com\/es\/23198\/"},"modified":"2025-08-03T16:54:08","modified_gmt":"2025-08-03T16:54:08","slug":"del-toro-gana-el-circuito-de-getxo-en-un-emocionante-final","status":"publish","type":"post","link":"https:\/\/www.europesays.com\/es\/23198\/","title":{"rendered":"Del Toro gana el Circuito de Getxo en un emocionante final"},"content":{"rendered":"<p>El Circuito de Getxo-Memorial Hermanos Otxoa, prueba referencia en el ciclismo vasco, celebr\u00f3 este domingo su 80\u00aa edici\u00f3n con un cartel de lujo y  &#8230; la competici\u00f3n no defraud\u00f3 en absoluto. Isaac del Toro, que en la v\u00edspera en la Clasica de San Sebasti\u00e1n roz\u00f3 el triunfo, era el rival a batir y confirm\u00f3 su genial momento con una victoria sin paliativos. El mexicano, en noviembre cumplir\u00e1 22 a\u00f1os, es ya una promesa consolidada en el pelot\u00f3n, por m\u00e1s que en su equipo, el UAE, est\u00e9 a la sombra de Tadej Pogacar. Si no coincide con el esloveno, los galones son para \u00e9l. \u00abHa estado s\u00faper padre, correr en Euskadi es un placer\u00bb, desliz\u00f3 el ganador.<\/p>\n<p class=\"v-p\">Del Toro, que perdi\u00f3 el Giro en la recta final, en la monta\u00f1a, dio un pu\u00f1etazo encima de la mesa con una exhibici\u00f3n en Pike Bidea, el rompepiernas que se asom\u00f3 al mundo en el Tour. Su hachazo en las vertiginosas rampas le vali\u00f3 la gloria en la cl\u00e1sica vizca\u00edna, organizada por la Sociedad Ciclista Punta Galea, que celebra medio centenar de a\u00f1os, y patrocinada por EL CORREO. En un final sensacional, entr\u00f3 con veinte segundos de diferencia en el muro de Arkotxa sobre Juan Ayuso, que venci\u00f3 al sprint por la medalla de plata al guipuzcoano Alex Aranburu.<\/p>\n<p><a class=\"v-a-link\" href=\"https:\/\/www.elcorreo.com\/deportes\/ciclismo\/imagenes-circuito-getxo-20250803120644-ga.html\" data-voc-vtm-id=\"in-text-traffic\" title=\"\" aria-label=\"Imagen\" rel=\"nofollow noopener\" target=\"_blank\"><br \/>\n<img decoding=\"async\" loading=\"lazy\" src=\"https:\/\/www.europesays.com\/es\/wp-content\/uploads\/2025\/08\/4-ksBG--366x256@El Correo.jpg\" class=\"v-a-img\" width=\"258\" height=\"180\" alt=\"\" data-voc-vtm-id=\"in-text-traffic\"\/><\/p>\n<p><\/a><\/p>\n<p class=\"v-p\">De forma muy r\u00e1pida, poco despu\u00e9s de la salida neutralizada desde la explanada del Museo Guggenheim, al mediod\u00eda bajo un sol de justicia que por fortuna estuvo a a\u00f1os luz de la abrasador jornada, 42 grados, de que se vivi\u00f3 hace un a\u00f1o, se form\u00f3 una nutrida fuga de veinte corredores que fue menguando con el paso de las vueltas, pese a la descoordinaci\u00f3n de un pelot\u00f3n siempre liderado por el UAE. En ella se meti\u00f3 uno de los favoritos al t\u00edtulo, el estadounidense Quinn Simmons, ganador en ruta de su pa\u00eds este a\u00f1o. Aguant\u00f3 el americano en el grupo cabecero hasta la \u00faltima subida a Pike Bidea, a 16 kil\u00f3metros de meta. Ah\u00ed se desfond\u00f3 y sin fuerzas sufri\u00f3 para llegar a meta a tres minutos y medio de Del Toro. Su arrojo se vio recompensado con el premio a la combatividad.<\/p>\n<p class=\"v-p\">Comenzaba as\u00ed una nueva carrera de menos de veinte kil\u00f3metros en la que iban a aparecer los dos candidatos al t\u00edtulo, los escuderos de Pogacar en el UAE Del Toro y Ayuso. El mexicano pele\u00f3 la v\u00edspera por la victoria en la Cl\u00e1sica de San Sebasti\u00e1n y a la primera oportunidad que tuvo atac\u00f3 en la infernal rampa, por tramos al 20%. Dos kil\u00f3metros de pendiente que fueron una delicia en la etapa inaugural del Tour en 2023 y que el pr\u00f3ximo 3 de septiembre promete espect\u00e1culo en la Vuelta.<\/p>\n<p class=\"v-p\">Ganador del Tour de Austria y segundo en el Giro de Italia, Del Toro es uno de los ciclistas m\u00e1s en forma del momento y demostr\u00f3 su condici\u00f3n de rival a batir. Nadie pudo seguirle la rueda y coron\u00f3 en solitario Pike Bidea. Solo dos ganadores del Circuito de Getxo como Alex Aranburu (2018) y Ayuso (2022, su primer triunfo profesional) le vigilaron, aunque el corredor americano abri\u00f3 becha como quiso. El mexicano va a m\u00e1s revoluciones que su compa\u00f1ero Ayuso, que hasta este fin de semana llevaba dos meses sin competir, desde su abandono en la ronda italiana. \u00abContento de tener buenas sensaciones tras el par\u00f3n\u00bb, lanz\u00f3 el barcelon\u00e9s criado en J\u00e1vea, que fija en la Vuelta, donde compartir\u00e1 liderazgo con Joao Almeida, su gran objetivo de un curso en el que ha ido de m\u00e1s a menos tras su sensacional victoria en la Tirreno-Adri\u00e1tico.<\/p>\n<p>Pike Bidea descarga a Simmons<\/p>\n<p class=\"v-p\">Del Toro se escap\u00f3 y revent\u00f3 la carrera. A falta de diez kil\u00f3metros aventajaba en veinte segundos a sus cuatro perseguidores: Aranburu, Ayuso, Toms Skujins y H\u00e9ctor \u00c1lvarez, estos dos \u00faltimos de un Lidl-Trek que perdi\u00f3 a Simmons de la disputa. Lejos de pasar apuros, no afloj\u00f3 y de hecho ampli\u00f3 su margen hasta unos c\u00f3modos treinta segundos para alzar su primera txapela en Getxo. Se dej\u00f3 llevar en la recta final, impulsado por el calor del p\u00fablico en el muro de Arkotxa, pasado el Ayuntamiento de Getxo.<\/p>\n<p class=\"v-p\">Veinte segundos despu\u00e9s, Ayuso fue el mejor de los mortales y super\u00f3 a Aranburu en l\u00ednea de meta con un sensacional sprint para completar el podio. La general de la monta\u00f1a se la llev\u00f3 Antonio Jes\u00fas Soto. El murciano del Kern Pharma coron\u00f3 en primer lugar cuatro de las cinco subidas puntuables: tres de las cuatro veces que se ascendi\u00f3 el Alto Akarlanda y la primera a Pike Bidea. La \u00faltima se la llev\u00f3 Del Toro, que a\u00f1adi\u00f3 a su gesta el galard\u00f3n a mejor joven. Por equipos, el Cofidis de Aranburu se llev\u00f3 el gato al agua por solo tres segundos respecto al VisitMalta, la escuadra de la que es due\u00f1o Alberto Contador. A dos segundos de Aranburu entr\u00f3 el irundarra Haimar Etxeberria. Los siguientes vascos en meta fueron el vizca\u00edno Jon Barrenetxea (de Gamiz, s\u00e9ptimo), el tolosarra Gorka Sorrarain (d\u00e9cimo) y Gotzon Martin. El vizca\u00edno, de Orozco, fue decimoctavo y el mejor del Euskaltel Euskadi, que una vez m\u00e1s volvi\u00f3 a ganar entre la afici\u00f3n, te\u00f1ida de naranja.<\/p>\n","protected":false},"excerpt":{"rendered":"El Circuito de Getxo-Memorial Hermanos Otxoa, prueba referencia en el ciclismo vasco, celebr\u00f3 este domingo su 80\u00aa edici\u00f3n&hellip;\n","protected":false},"author":2,"featured_media":23199,"comment_status":"","ping_status":"","sticky":false,"template":"","format":"standard","meta":{"footnotes":""},"categories":[273],"tags":[313,3201,312,168,13473,25,24,1058,4355,3978,23,167,913],"class_list":{"0":"post-23198","1":"post","2":"type-post","3":"status-publish","4":"format-standard","5":"has-post-thumbnail","7":"category-ciclismo","8":"tag-ciclismo","9":"tag-circuito","10":"tag-cycling","11":"tag-deportes","12":"tag-emocionante","13":"tag-es","14":"tag-espana","15":"tag-final","16":"tag-gana","17":"tag-getxo","18":"tag-spain","19":"tag-sports","20":"tag-toro"},"share_on_mastodon":{"url":"","error":""},"_links":{"self":[{"href":"https:\/\/www.europesays.com\/es\/wp-json\/wp\/v2\/posts\/23198","targetHints":{"allow":["GET"]}}],"collection":[{"href":"https:\/\/www.europesays.com\/es\/wp-json\/wp\/v2\/posts"}],"about":[{"href":"https:\/\/www.europesays.com\/es\/wp-json\/wp\/v2\/types\/post"}],"author":[{"embeddable":true,"href":"https:\/\/www.europesays.com\/es\/wp-json\/wp\/v2\/users\/2"}],"replies":[{"embeddable":true,"href":"https:\/\/www.europesays.com\/es\/wp-json\/wp\/v2\/comments?post=23198"}],"version-history":[{"count":0,"href":"https:\/\/www.europesays.com\/es\/wp-json\/wp\/v2\/posts\/23198\/revisions"}],"wp:featuredmedia":[{"embeddable":true,"href":"https:\/\/www.europesays.com\/es\/wp-json\/wp\/v2\/media\/23199"}],"wp:attachment":[{"href":"https:\/\/www.europesays.com\/es\/wp-json\/wp\/v2\/media?parent=23198"}],"wp:term":[{"taxonomy":"category","embeddable":true,"href":"https:\/\/www.europesays.com\/es\/wp-json\/wp\/v2\/categories?post=23198"},{"taxonomy":"post_tag","embeddable":true,"href":"https:\/\/www.europesays.com\/es\/wp-json\/wp\/v2\/tags?post=23198"}],"curies":[{"name":"wp","href":"https:\/\/api.w.org\/{rel}","templated":true}]}}