{"id":231993,"date":"2025-11-12T11:47:41","date_gmt":"2025-11-12T11:47:41","guid":{"rendered":"https:\/\/www.europesays.com\/es\/231993\/"},"modified":"2025-11-12T11:47:41","modified_gmt":"2025-11-12T11:47:41","slug":"aliado-de-zelenski-esta-implicado-en-trama-de-corrupcion-dw-11-11-2025","status":"publish","type":"post","link":"https:\/\/www.europesays.com\/es\/231993\/","title":{"rendered":"Aliado de Zelenski est\u00e1 implicado en trama de corrupci\u00f3n \u2013 DW \u2013 11\/11\/2025"},"content":{"rendered":"<p>Los investigadores ucranianos acusaron este martes (11.11.2025) a Timur Mindich, un aliado clave del presidente <a class=\"internal-link\" href=\"https:\/\/www.dw.com\/es\/zelenski-volodimir\/t-47318346\" rel=\"nofollow noopener\" target=\"_blank\">Volodimir Zelenski<\/a>, de <a class=\"internal-link\" href=\"https:\/\/www.dw.com\/es\/cu\u00e1nto-poder-siguen-teniendo-los-oligarcas-ucranianos\/a-64816712\" rel=\"nofollow noopener\" target=\"_blank\">orquestar una trama de corrupci\u00f3n<\/a> por 100 millones de d\u00f3lares.<\/p>\n<p>Mindich es copropietario del estudio de producci\u00f3n Kvartal 95, fundado a principios de los a\u00f1os 2000 por Zelenski, que antes de lanzarse a la pol\u00edtica era un actor de comedia.<\/p>\n<p>\u00abMindich ejerc\u00eda el control sobre la acumulaci\u00f3n, distribuci\u00f3n y legalizaci\u00f3n del dinero obtenido por medios delictivos en el sector energ\u00e9tico de <a class=\"internal-link\" href=\"https:\/\/www.dw.com\/es\/ucrania\/t-36925922\" rel=\"nofollow noopener\" target=\"_blank\">Ucrania<\/a>\u00ab, afirm\u00f3 un letrado de la Fiscal\u00eda Especializada Anticorrupci\u00f3n (SAPO).\u00a0 El sospechoso utiliz\u00f3 \u00absus relaciones amistosas con el presidente de Ucrania\u00bb en sus actividades delictivas, agreg\u00f3 el fiscal en una audiencia previa al juicio de un procesado por la trama de corrupci\u00f3n.<\/p>\n<p>La fiscal\u00eda anticorrupci\u00f3n acus\u00f3 adem\u00e1s al exministro de Energ\u00eda, German Galushchenko, de recibir \u00abbeneficios personales\u00bb de Mindich a cambio del control de los flujos financieros del sector energ\u00e9tico.<\/p>\n<p>Cinco arrestados y siete procesados<\/p>\n<p>La Oficina Nacional Anticorrupci\u00f3n (NABU) inform\u00f3 el lunes (11.11.2025) que descubrieron varios casos de corrupci\u00f3n en el sector energ\u00e9tico tras realizar decenas de allanamientos que llevaron al arresto de cinco personas y al procesamiento de siete. Estos casos fueron destapados tras una investigaci\u00f3n que dur\u00f3 15 meses sobre el sector energ\u00e9tico.<\/p>\n<p>El director de los equipos de investigaci\u00f3n de la NABU, Oleksandr Abakumov, declar\u00f3 a la televisi\u00f3n estatal ucraniana que Mindich abandon\u00f3 el pa\u00eds poco antes de los allanamientos. Estas acusaciones de corrupci\u00f3n, cuando esta industria est\u00e1 bajo constantes ataques, atizaron <a class=\"internal-link\" href=\"https:\/\/www.dw.com\/es\/controversia-en-ucrania-por-la-nueva-ley-anticorrupci\u00f3n\/a-73389409\" rel=\"nofollow noopener\" target=\"_blank\">la indignaci\u00f3n de la poblaci\u00f3n que sufre los cortes de energ\u00eda<\/a>.<\/p>\n<p>La lucha contra la corrupci\u00f3n sist\u00e9mica en Ucrania es una de las principales reformas que la Uni\u00f3n Europea exige a Ucrania como parte de su candidatura para entrar en el bloque.\u00a0<\/p>\n<p>El anuncio de la operaci\u00f3n de esta semana se produjo tras <a class=\"internal-link\" href=\"https:\/\/www.dw.com\/es\/ucrania-aprueba-la-ley-que-restablece-la-independencia-de-agencias-anticorrupci\u00f3n\/a-73482848\" rel=\"nofollow noopener\" target=\"_blank\">meses de tensiones entre estas agencias anticorrupci\u00f3n y el Gobierno<\/a>, que intent\u00f3 que estos organismos pasaran a ser tutelados por el Ejecutivo.<\/p>\n<p>(mn\/afp, efe)<\/p>\n<p>\u00a0<\/p>\n","protected":false},"excerpt":{"rendered":"Los investigadores ucranianos acusaron este martes (11.11.2025) a Timur Mindich, un aliado clave del presidente Volodimir Zelenski, de&hellip;\n","protected":false},"author":2,"featured_media":231994,"comment_status":"","ping_status":"","sticky":false,"template":"","format":"standard","meta":{"footnotes":""},"categories":[42],"tags":[17,18,13,14,11,61,62,63,64,19,20,9,10,15,16,12,21,22,65,66,67],"class_list":{"0":"post-231993","1":"post","2":"type-post","3":"status-publish","4":"format-standard","5":"has-post-thumbnail","7":"category-internacional","8":"tag-breaking-news","9":"tag-breakingnews","10":"tag-featured-news","11":"tag-featurednews","12":"tag-headlines","13":"tag-internacional","14":"tag-international","15":"tag-international-news","16":"tag-internationalnews","17":"tag-latest-news","18":"tag-latestnews","19":"tag-news","20":"tag-noticias","21":"tag-noticias-destacadas","22":"tag-noticiasdestacadas","23":"tag-titulares","24":"tag-ultimas-noticias","25":"tag-ultimasnoticias","26":"tag-world","27":"tag-world-news","28":"tag-worldnews"},"share_on_mastodon":{"url":"https:\/\/pubeurope.com\/@es\/115536569493844137","error":""},"_links":{"self":[{"href":"https:\/\/www.europesays.com\/es\/wp-json\/wp\/v2\/posts\/231993","targetHints":{"allow":["GET"]}}],"collection":[{"href":"https:\/\/www.europesays.com\/es\/wp-json\/wp\/v2\/posts"}],"about":[{"href":"https:\/\/www.europesays.com\/es\/wp-json\/wp\/v2\/types\/post"}],"author":[{"embeddable":true,"href":"https:\/\/www.europesays.com\/es\/wp-json\/wp\/v2\/users\/2"}],"replies":[{"embeddable":true,"href":"https:\/\/www.europesays.com\/es\/wp-json\/wp\/v2\/comments?post=231993"}],"version-history":[{"count":0,"href":"https:\/\/www.europesays.com\/es\/wp-json\/wp\/v2\/posts\/231993\/revisions"}],"wp:featuredmedia":[{"embeddable":true,"href":"https:\/\/www.europesays.com\/es\/wp-json\/wp\/v2\/media\/231994"}],"wp:attachment":[{"href":"https:\/\/www.europesays.com\/es\/wp-json\/wp\/v2\/media?parent=231993"}],"wp:term":[{"taxonomy":"category","embeddable":true,"href":"https:\/\/www.europesays.com\/es\/wp-json\/wp\/v2\/categories?post=231993"},{"taxonomy":"post_tag","embeddable":true,"href":"https:\/\/www.europesays.com\/es\/wp-json\/wp\/v2\/tags?post=231993"}],"curies":[{"name":"wp","href":"https:\/\/api.w.org\/{rel}","templated":true}]}}