{"id":232036,"date":"2025-11-12T12:31:08","date_gmt":"2025-11-12T12:31:08","guid":{"rendered":"https:\/\/www.europesays.com\/es\/232036\/"},"modified":"2025-11-12T12:31:08","modified_gmt":"2025-11-12T12:31:08","slug":"la-carambola-que-dejaria-a-alcaraz-eliminado-de-las-nitto-atp-finals-y-posiblemente-sin-numero-uno-del-mundo","status":"publish","type":"post","link":"https:\/\/www.europesays.com\/es\/232036\/","title":{"rendered":"La carambola que dejar\u00eda a Alcaraz eliminado de las Nitto ATP Finals y posiblemente sin n\u00famero uno del mundo"},"content":{"rendered":"<p>Si el<b> Alcaraz-Fritz <\/b>de las Nitto ATP Finals fue un partido tremendo, el <b>Musetti-De Mi\u00f1aur <\/b>no se qued\u00f3 atr\u00e1s. La segunda jornada del Grupo Jimmy Connors depar\u00f3 la victoria del espa\u00f1ol y la del italiano. Musetti lleg\u00f3 a Tur\u00edn casi de rebote, gracias a la renuncia del serbio Novak Djokovic por una lesi\u00f3n en el hombro. En su debut cay\u00f3 ante Fritz, pero en el duelo ante De Mi\u00f1aur protagoniz\u00f3 una enorme remontada en el tercer set. \u00abNo tengo piernas\u00bb, dijo a su banquillo cuando estaba 5-3 abajo y con un \u00abbreak\u00bb en contra. Musetti encontr\u00f3 fuerzas de donde no ten\u00eda para firmar varios puntos escandalosos que acabaron con la resistencia del australiano. Y esa victoria deja abierto el grupo para la tercera jornada.<\/p>\n<p><b>Alcaraz tiene en sus manos quedar primero<\/b> y evitar posiblemente a Jannik Sinner hasta una hipot\u00e9tica final. Para ello debe ganar su partido con Musetti o perder en tres sets con el italiano y que Taylor Fritz se imponga a De Mi\u00f1aur en tres sets. La posibilidad de que el espa\u00f1ol acabe segundo pasa por perder su partido con Musetti. Hay dos posibilidades: derrota y que De Mi\u00f1aur gane a Fritz o derrota en tres sets y que el estadounidense supere al australiano en dos. Pero es que existe una <b>opci\u00f3n por la que Alcaraz incluso podr\u00eda caer eliminado<\/b> despu\u00e9s de haber ganado los dos primeros partidos. <b>Si pierde con Musetti en dos sets y Fritz gana en dos sets a De Mi\u00f1aur el espa\u00f1ol se ver\u00eda perjudicado por el triple empate con Fritz y Musetti<\/b>. Ganando un set, Carlitos estar\u00eda en semifinales.<\/p>\n<p>Y de fondo est\u00e1 la <b>lucha por el n\u00famero uno del mundo<\/b>. Si Alcaraz gana a Musetti se asegura el liderato del ranking a final de curso. Tambi\u00e9n podr\u00eda celebrarlo antes si hoy Sinner no puede con Zverev. En cualquier caso el final de temporada de Alcaraz tiene muy poco que ver con el de anteriores cursos.<\/p>\n<p>En 2021, tras el US Open gan\u00f3 cinco de los ocho partidos que disput\u00f3 y luego se impuso en las Next Gen ATP Finals. En 2022 despu\u00e9s de conquistar en Nueva York, su balance en el tramo final de la temporada fue 6-4. En 2023 lo mejor\u00f3 ligeramente, 7-5. Y el a\u00f1o pasado ya creci\u00f3 con 15 victorias en 19 partidos despu\u00e9s del Abierto de Estados Unidos. Este curso despu\u00e9s de Flushing Meadows suma ocho victorias en diez partidos incluyendo el t\u00edtulo en el ATP 500 de Tokio.<\/p>\n","protected":false},"excerpt":{"rendered":"Si el Alcaraz-Fritz de las Nitto ATP Finals fue un partido tremendo, el Musetti-De Mi\u00f1aur no se qued\u00f3&hellip;\n","protected":false},"author":2,"featured_media":232037,"comment_status":"","ping_status":"","sticky":false,"template":"","format":"standard","meta":{"footnotes":""},"categories":[274],"tags":[168,25,24,23,167,327,326],"class_list":{"0":"post-232036","1":"post","2":"type-post","3":"status-publish","4":"format-standard","5":"has-post-thumbnail","7":"category-tenis","8":"tag-deportes","9":"tag-es","10":"tag-espana","11":"tag-spain","12":"tag-sports","13":"tag-tenis","14":"tag-tennis"},"share_on_mastodon":{"url":"https:\/\/pubeurope.com\/@es\/115536742978511470","error":""},"_links":{"self":[{"href":"https:\/\/www.europesays.com\/es\/wp-json\/wp\/v2\/posts\/232036","targetHints":{"allow":["GET"]}}],"collection":[{"href":"https:\/\/www.europesays.com\/es\/wp-json\/wp\/v2\/posts"}],"about":[{"href":"https:\/\/www.europesays.com\/es\/wp-json\/wp\/v2\/types\/post"}],"author":[{"embeddable":true,"href":"https:\/\/www.europesays.com\/es\/wp-json\/wp\/v2\/users\/2"}],"replies":[{"embeddable":true,"href":"https:\/\/www.europesays.com\/es\/wp-json\/wp\/v2\/comments?post=232036"}],"version-history":[{"count":0,"href":"https:\/\/www.europesays.com\/es\/wp-json\/wp\/v2\/posts\/232036\/revisions"}],"wp:featuredmedia":[{"embeddable":true,"href":"https:\/\/www.europesays.com\/es\/wp-json\/wp\/v2\/media\/232037"}],"wp:attachment":[{"href":"https:\/\/www.europesays.com\/es\/wp-json\/wp\/v2\/media?parent=232036"}],"wp:term":[{"taxonomy":"category","embeddable":true,"href":"https:\/\/www.europesays.com\/es\/wp-json\/wp\/v2\/categories?post=232036"},{"taxonomy":"post_tag","embeddable":true,"href":"https:\/\/www.europesays.com\/es\/wp-json\/wp\/v2\/tags?post=232036"}],"curies":[{"name":"wp","href":"https:\/\/api.w.org\/{rel}","templated":true}]}}